{"id":3609,"date":"2025-06-24T07:20:54","date_gmt":"2025-06-24T07:20:54","guid":{"rendered":"https:\/\/ledenonciateur224.com\/?p=3609"},"modified":"2025-06-24T07:20:54","modified_gmt":"2025-06-24T07:20:54","slug":"guinee-le-conafeg-voit-enfin-le-jour-une-nouvelle-ere-pour-les-droits-et-le-leadership-des-femmes","status":"publish","type":"post","link":"https:\/\/ledenonciateur224.com\/index.php\/guinee-le-conafeg-voit-enfin-le-jour-une-nouvelle-ere-pour-les-droits-et-le-leadership-des-femmes\/","title":{"rendered":"Guin\u00e9e : Le CONAFEG voit enfin le jour \u2013 Une nouvelle \u00e8re pour les droits et le leadership des femmes"},"content":{"rendered":"<p>Apr\u00e8s plus de deux d\u00e9cennies d\u2019attente et de mobilisation, la Guin\u00e9e a franchi un tournant historique en installant officiellement le bureau du\u00a0<strong>Conseil National des Femmes de Guin\u00e9e (CONAFEG)<\/strong>. La c\u00e9r\u00e9monie s\u2019est tenue ce lundi 23 juin 2025 dans la prestigieuse salle des congr\u00e8s du Palais du Peuple, dans une ambiance solennelle mais charg\u00e9e d\u2019\u00e9motion et d\u2019espoir.<\/p>\n<p>Organis\u00e9e par le\u00a0<strong>minist\u00e8re de la Promotion f\u00e9minine, de l\u2019Enfance et des Personnes vuln\u00e9rables<\/strong>, cette rencontre a r\u00e9uni un parterre d\u2019invit\u00e9s de marque, dont plusieurs membres du gouvernement et des partenaires techniques et financiers. Elle a \u00e9t\u00e9 pr\u00e9sid\u00e9e par le\u00a0<strong>ministre Yaya Kairaba Kaba<\/strong>, repr\u00e9sentant du Premier ministre, aux c\u00f4t\u00e9s de\u00a0<strong>Madame Charlotte Daff\u00e9<\/strong>, ministre en charge du dossier.<\/p>\n<p><img loading=\"lazy\" decoding=\"async\" class=\"alignnone size-full wp-image-3611\" src=\"https:\/\/ledenonciateur224.com\/wp-content\/uploads\/2025\/06\/img-20250624-wa0003.jpg\" alt=\"\" width=\"2048\" height=\"1366\" srcset=\"https:\/\/ledenonciateur224.com\/wp-content\/uploads\/2025\/06\/img-20250624-wa0003.jpg 2048w, https:\/\/ledenonciateur224.com\/wp-content\/uploads\/2025\/06\/img-20250624-wa0003-300x200.jpg 300w, https:\/\/ledenonciateur224.com\/wp-content\/uploads\/2025\/06\/img-20250624-wa0003-1024x683.jpg 1024w, https:\/\/ledenonciateur224.com\/wp-content\/uploads\/2025\/06\/img-20250624-wa0003-768x512.jpg 768w, https:\/\/ledenonciateur224.com\/wp-content\/uploads\/2025\/06\/img-20250624-wa0003-1536x1025.jpg 1536w, https:\/\/ledenonciateur224.com\/wp-content\/uploads\/2025\/06\/img-20250624-wa0003-150x100.jpg 150w, https:\/\/ledenonciateur224.com\/wp-content\/uploads\/2025\/06\/img-20250624-wa0003-696x464.jpg 696w, https:\/\/ledenonciateur224.com\/wp-content\/uploads\/2025\/06\/img-20250624-wa0003-1068x712.jpg 1068w, https:\/\/ledenonciateur224.com\/wp-content\/uploads\/2025\/06\/img-20250624-wa0003-1920x1281.jpg 1920w, https:\/\/ledenonciateur224.com\/wp-content\/uploads\/2025\/06\/img-20250624-wa0003-630x420.jpg 630w\" sizes=\"auto, (max-width: 2048px) 100vw, 2048px\" \/><\/p>\n<p>Dans un discours empreint de d\u00e9termination, la ministre Charlotte Daff\u00e9 a rappel\u00e9 le long chemin parcouru pour donner vie \u00e0 cette instance tant attendue :\u00ab J\u2019ai port\u00e9 avec conviction cette priorit\u00e9 : offrir aux femmes et aux filles de Guin\u00e9e un espace de concertation, de repr\u00e9sentation et de d\u00e9cision \u00e0 leur image, \u00e0 leur hauteur. Comme beaucoup ici, je suis convaincue d\u2019une chose : la transformation de notre pays ne se fera pas sans les femmes. \u00bb<\/p>\n<p>Elle a salu\u00e9 un processus de co-construction, souvent sem\u00e9 d&#8217;emb\u00fbches, mais m\u00fb par une volont\u00e9 commune :\u00ab Ce projet est le fruit de luttes collectives, de dialogues parfois complexes, mais toujours port\u00e9s par une m\u00eame aspiration : unir pour mieux construire. \u00bb<\/p>\n<p>Le CONAFEG n\u2019est pas qu\u2019un simple organe administratif. Il incarne une ambition plus grande :\u00ab Le Conseil National des Femmes de Guin\u00e9e est une v\u00e9ritable plateforme de transformation, une institution d\u2019espoir, un pont entre les politiques publiques et les r\u00e9alit\u00e9s du terrain. \u00bb<\/p>\n<p>La ministre n\u2019a pas manqu\u00e9 de rappeler l\u2019engagement personnel du Pr\u00e9sident de la R\u00e9publique,\u00a0<strong>le G\u00e9n\u00e9ral Mamadi Doumbouya<\/strong>, \u00e0 travers un d\u00e9cret fondateur :\u00ab Nous devons sa concr\u00e9tisation \u00e0 la volont\u00e9 d\u2019inclusion de Son Excellence, Monsieur le Pr\u00e9sident de la R\u00e9publique. \u00bb<\/p>\n<p>Face aux membres du nouveau bureau, Madame Daff\u00e9 a lanc\u00e9 un appel fort :\u00ab Vous \u00eates les visages, les voix, les espoirs de milliers de femmes guin\u00e9ennes. [&#8230;] Je vous exhorte \u00e0 faire de ce Conseil un espace d\u2019unit\u00e9, de d\u00e9fense et d\u2019innovation. \u00bb<\/p>\n<p><img loading=\"lazy\" decoding=\"async\" class=\"alignnone size-full wp-image-3610\" src=\"https:\/\/ledenonciateur224.com\/wp-content\/uploads\/2025\/06\/img-20250624-wa0002.jpg\" alt=\"\" width=\"2048\" height=\"1366\" srcset=\"https:\/\/ledenonciateur224.com\/wp-content\/uploads\/2025\/06\/img-20250624-wa0002.jpg 2048w, https:\/\/ledenonciateur224.com\/wp-content\/uploads\/2025\/06\/img-20250624-wa0002-300x200.jpg 300w, https:\/\/ledenonciateur224.com\/wp-content\/uploads\/2025\/06\/img-20250624-wa0002-1024x683.jpg 1024w, https:\/\/ledenonciateur224.com\/wp-content\/uploads\/2025\/06\/img-20250624-wa0002-768x512.jpg 768w, https:\/\/ledenonciateur224.com\/wp-content\/uploads\/2025\/06\/img-20250624-wa0002-1536x1025.jpg 1536w, https:\/\/ledenonciateur224.com\/wp-content\/uploads\/2025\/06\/img-20250624-wa0002-150x100.jpg 150w, https:\/\/ledenonciateur224.com\/wp-content\/uploads\/2025\/06\/img-20250624-wa0002-696x464.jpg 696w, https:\/\/ledenonciateur224.com\/wp-content\/uploads\/2025\/06\/img-20250624-wa0002-1068x712.jpg 1068w, https:\/\/ledenonciateur224.com\/wp-content\/uploads\/2025\/06\/img-20250624-wa0002-1920x1281.jpg 1920w, https:\/\/ledenonciateur224.com\/wp-content\/uploads\/2025\/06\/img-20250624-wa0002-630x420.jpg 630w\" sizes=\"auto, (max-width: 2048px) 100vw, 2048px\" \/><\/p>\n<p>La pr\u00e9sidente \u00e9lue du Conseil,\u00a0<strong>Madame M\u2019Balou Kaba<\/strong>, a quant \u00e0 elle affirm\u00e9 la volont\u00e9 du CONAFEG d\u2019\u00eatre un v\u00e9ritable moteur de changement :\u00ab Le Conseil National des Femmes et Filles de Guin\u00e9e est un organe consultatif, un espace de dialogue, de mobilisation et d\u2019action. Il incarne l\u2019unit\u00e9, la r\u00e9silience et l\u2019engagement des femmes guin\u00e9ennes pour un avenir plus juste, plus inclusif et plus prosp\u00e8re. \u00bb<\/p>\n<p>Elle a ensuite d\u00e9taill\u00e9 les\u00a0<strong>grands axes de son mandat<\/strong>\u00a0:\u00ab L\u2019autonomisation \u00e9conomique des femmes, l\u2019acc\u00e8s \u00e9quitable \u00e0 l\u2019\u00e9ducation, \u00e0 la sant\u00e9 et \u00e0 la justice, la lutte contre les violences bas\u00e9es sur le genre, la promotion de la participation politique et citoyenne des femmes, et surtout la construction d\u2019une paix durable. \u00bb<\/p>\n<p>Consciente des d\u00e9fis, elle a lanc\u00e9 un appel \u00e0 la solidarit\u00e9 :\u00ab Nous avons besoin de l\u2019appui technique, financier et institutionnel de l\u2019\u00c9tat, de nos partenaires au d\u00e9veloppement et de toutes les bonnes volont\u00e9s. \u00bb<\/p>\n<p>Et de conclure sur une note de mobilisation collective :\u00ab Ensemble, b\u00e2tissons une Guin\u00e9e o\u00f9 aucune femme n\u2019est laiss\u00e9e pour compte, o\u00f9 chaque fille peut r\u00eaver, apprendre, r\u00e9ussir et s\u2019\u00e9panouir. \u00bb<\/p>\n<p>La cr\u00e9ation du CONAFEG vient r\u00e9pondre \u00e0 une revendication historique : doter les femmes guin\u00e9ennes d\u2019un\u00a0<strong>espace structur\u00e9, inclusif et influent<\/strong>\u00a0pour faire entendre leur voix dans les d\u00e9bats publics et dans les sph\u00e8res de d\u00e9cision.<\/p>\n<p>En r\u00e9unissant femmes rurales et urbaines, jeunes leaders et figures de la soci\u00e9t\u00e9 civile, le Conseil aspire \u00e0 devenir un\u00a0<strong>v\u00e9ritable levier de transformation sociale et politique<\/strong>. Apr\u00e8s 21 ans d\u2019attente, ce lancement marque le d\u00e9but d\u2019un nouveau chapitre :\u00a0<strong>celui de l\u2019union, de la reconnaissance et de l\u2019action collective pour les droits des femmes en Guin\u00e9e.<\/strong><\/p>\n<p>&nbsp;<\/p>\n<p>Aboubacar Moussa Camara<\/p>\n","protected":false},"excerpt":{"rendered":"<p>Apr\u00e8s plus de deux d\u00e9cennies d\u2019attente et de mobilisation, la Guin\u00e9e a franchi un tournant historique en installant officiellement le bureau du\u00a0Conseil National des Femmes de Guin\u00e9e (CONAFEG). La c\u00e9r\u00e9monie s\u2019est tenue ce lundi 23 juin 2025 dans la prestigieuse salle des congr\u00e8s du Palais du Peuple, dans une ambiance solennelle mais charg\u00e9e d\u2019\u00e9motion et [&hellip;]<\/p>\n","protected":false},"author":2,"featured_media":3612,"comment_status":"open","ping_status":"open","sticky":false,"template":"","format":"standard","meta":{"_jetpack_memberships_contains_paid_content":false,"footnotes":"","jetpack_publicize_message":"","jetpack_publicize_feature_enabled":true,"jetpack_social_post_already_shared":true,"jetpack_social_options":{"image_generator_settings":{"template":"highway","default_image_id":0,"font":"","enabled":false},"version":2}},"categories":[30,24],"tags":[604,904],"class_list":{"0":"post-3609","1":"post","2":"type-post","3":"status-publish","4":"format-standard","5":"has-post-thumbnail","7":"category-faits-divers","8":"category-news","9":"tag-actualite-de-guinee","10":"tag-conseil-national-femmes"},"jetpack_publicize_connections":[],"jetpack_featured_media_url":"https:\/\/ledenonciateur224.com\/wp-content\/uploads\/2025\/06\/img-20250624-wa0001.jpg","jetpack_sharing_enabled":true,"_links":{"self":[{"href":"https:\/\/ledenonciateur224.com\/index.php\/wp-json\/wp\/v2\/posts\/3609","targetHints":{"allow":["GET"]}}],"collection":[{"href":"https:\/\/ledenonciateur224.com\/index.php\/wp-json\/wp\/v2\/posts"}],"about":[{"href":"https:\/\/ledenonciateur224.com\/index.php\/wp-json\/wp\/v2\/types\/post"}],"author":[{"embeddable":true,"href":"https:\/\/ledenonciateur224.com\/index.php\/wp-json\/wp\/v2\/users\/2"}],"replies":[{"embeddable":true,"href":"https:\/\/ledenonciateur224.com\/index.php\/wp-json\/wp\/v2\/comments?post=3609"}],"version-history":[{"count":0,"href":"https:\/\/ledenonciateur224.com\/index.php\/wp-json\/wp\/v2\/posts\/3609\/revisions"}],"wp:featuredmedia":[{"embeddable":true,"href":"https:\/\/ledenonciateur224.com\/index.php\/wp-json\/wp\/v2\/media\/3612"}],"wp:attachment":[{"href":"https:\/\/ledenonciateur224.com\/index.php\/wp-json\/wp\/v2\/media?parent=3609"}],"wp:term":[{"taxonomy":"category","embeddable":true,"href":"https:\/\/ledenonciateur224.com\/index.php\/wp-json\/wp\/v2\/categories?post=3609"},{"taxonomy":"post_tag","embeddable":true,"href":"https:\/\/ledenonciateur224.com\/index.php\/wp-json\/wp\/v2\/tags?post=3609"}],"curies":[{"name":"wp","href":"https:\/\/api.w.org\/{rel}","templated":true}]}}