{"id":3614,"date":"2025-06-24T08:10:28","date_gmt":"2025-06-24T08:10:28","guid":{"rendered":"https:\/\/ledenonciateur224.com\/?p=3614"},"modified":"2025-06-24T08:10:28","modified_gmt":"2025-06-24T08:10:28","slug":"justice-sous-tension-en-guinee-le-barreau-se-souleve-apres-lenlevement-et-la-torture-de-me-mohamed-traore","status":"publish","type":"post","link":"https:\/\/ledenonciateur224.com\/index.php\/justice-sous-tension-en-guinee-le-barreau-se-souleve-apres-lenlevement-et-la-torture-de-me-mohamed-traore\/","title":{"rendered":"Justice sous tension en Guin\u00e9e : le Barreau se soul\u00e8ve apr\u00e8s l\u2019enl\u00e8vement et la torture de Me Mohamed Traor\u00e9"},"content":{"rendered":"<p>Ce lundi 23 juin 2025, le Barreau de Guin\u00e9e a tenu une\u00a0<strong>Assembl\u00e9e g\u00e9n\u00e9rale extraordinaire<\/strong>\u00a0\u00e0 la Cour d\u2019Appel de Conakry, en r\u00e9action \u00e0 ce qu\u2019il qualifie de \u00ab\u00a0<strong>grave atteinte aux droits humains et \u00e0 la dignit\u00e9 de la profession d\u2019avocat<\/strong>\u00a0\u00bb. L\u2019\u00e9l\u00e9ment d\u00e9clencheur :\u00a0<strong>l\u2019enl\u00e8vement et la torture pr\u00e9sum\u00e9e de Me Mohamed Traor\u00e9<\/strong>, ancien b\u00e2tonnier respect\u00e9, figure embl\u00e9matique du monde judiciaire guin\u00e9en.<\/p>\n<p>Face \u00e0 cette situation jug\u00e9e alarmante, les avocats ont adopt\u00e9 une s\u00e9rie de\u00a0<strong>r\u00e9solutions fortes<\/strong>\u00a0et entam\u00e9 une d\u00e9marche institutionnelle pour exprimer leur indignation aux plus hautes autorit\u00e9s judiciaires du pays.<\/p>\n<h3><\/h3>\n<p>Dans un\u00a0<strong>\u00e9lan de solidarit\u00e9 sans pr\u00e9c\u00e9dent<\/strong>, l\u2019ensemble du Barreau s\u2019est dirig\u00e9 d\u2019abord vers le bureau du\u00a0<strong>Procureur g\u00e9n\u00e9ral pr\u00e8s la Cour d\u2019Appel de Conakry<\/strong>, Fallou Doumbouya. Contre toute attente, ce dernier a\u00a0<strong>refus\u00e9 de les recevoir<\/strong>, exigeant une demande \u00e9crite formelle.<\/p>\n<p>Un rappel historique s\u2019impose alors, dans un discours empreint de gravit\u00e9, lanc\u00e9 par\u00a0<strong>Me Faya Gabriel Kamano<\/strong>, pr\u00e9sident par int\u00e9rim du Barreau :\u00ab\u00a0Au temps du CNDD, nous avions \u00e9t\u00e9 au camp, et c\u2019\u00e9tait la m\u00eame chose. Les magistrats nous avaient tenu le m\u00eame discours, jusqu\u2019\u00e0 ce que Fernandez, alors procureur de la R\u00e9publique pr\u00e8s le tribunal de Mafanco, soit arr\u00eat\u00e9 dans son propre bureau. \u00bb<\/p>\n<p>Il poursuit, dans un appel \u00e0 la r\u00e9silience collective :\u00ab J\u2019ai dit : l\u2019histoire tourne, la roue de l\u2019histoire tourne. Regardez ce qui se passe aujourd\u2019hui au Burkina. Charles Wright, ancien procureur g\u00e9n\u00e9ral pr\u00e8s la Cour d\u2019appel de Conakry, ancien ministre de la Justice, a \u00e9t\u00e9 arr\u00eat\u00e9 ici, humili\u00e9. C\u2019est nous qui avons couru pour lui porter secours. Allons, ne nous d\u00e9courageons pas. Dans la vie, chacun choisit son camp. Mettons-nous dans la plus grande discipline\u2026 \u00bb<\/p>\n<p>D\u00e9termin\u00e9s \u00e0 porter leur message plus haut, les avocats ont ensuite march\u00e9 vers le\u00a0<strong>minist\u00e8re de la Justice et des Droits de l\u2019Homme<\/strong>, esp\u00e9rant \u00eatre re\u00e7us par\u00a0<strong>le ministre Yaya Ka\u00efraba Kaba<\/strong>. Mais l\u00e0 encore, la porte est rest\u00e9e ferm\u00e9e.<\/p>\n<p>Selon\u00a0<strong>Me Kamano<\/strong>, les premi\u00e8res informations du parquet \u00e9voquaient l\u2019absence du ministre. Une version rapidement contredite :\u00ab Nous avons \u00e9t\u00e9 re\u00e7us dans la salle d\u2019attente de Monsieur le ministre de la Justice et Garde des Sceaux. Au d\u00e9part, le procureur g\u00e9n\u00e9ral nous a inform\u00e9s que le ministre n\u2019\u00e9tait pas l\u00e0, ce qui s\u2019est av\u00e9r\u00e9 \u00eatre un mensonge indigne de sa fonction. \u00c0 notre grande surprise, une fois sur place, nous avons constat\u00e9 que le ministre \u00e9tait bien pr\u00e9sent. \u00bb<\/p>\n<p>C\u2019est par le biais d\u2019un conseiller que la position du ministre est finalement transmise :\u00a0<strong>il ne recevra que le b\u00e2tonnier, et uniquement sur demande \u00e9crite.<\/strong><\/p>\n<p>Pour Me Kamano, c\u2019en est trop :\u00ab Ce que nous vivons est exceptionnel. En tant que ministre de la Justice et des Droits de l\u2019Homme, il ne peut pas ignorer les violations des droits humains. Il devrait en faire une priorit\u00e9 personnelle, car cela rel\u00e8ve de ses attributions et de sa feuille de route. \u00bb<\/p>\n<p>Face \u00e0 ce double refus, le pr\u00e9sident par int\u00e9rim du Barreau n\u2019a pas m\u00e2ch\u00e9 ses mots devant la presse :\u00ab \u00c0 partir de ce moment, les choses sont devenues claires : le ministre de la Justice fait preuve de m\u00e9pris envers le Barreau. Il ne faut pas avoir peur des mots. Oui, le ministre Yaya Ka\u00efraba Kaba affiche du m\u00e9pris \u00e0 l\u2019\u00e9gard des avocats. Et nous en tirerons toutes les cons\u00e9quences. Ce qui est certain, c\u2019est que pour que la justice fonctionne correctement, le ministre a besoin du Barreau. \u00bb<\/p>\n<p>Conform\u00e9ment aux r\u00e9solutions adopt\u00e9es,\u00a0<strong>une p\u00e9riode de deux semaines de mobilisation<\/strong>\u00a0a \u00e9t\u00e9 d\u00e9cr\u00e9t\u00e9e. Des actions pr\u00e9cises seront men\u00e9es, avec une nouvelle assembl\u00e9e pr\u00e9vue \u00e0 l\u2019issue de ce d\u00e9lai pour d\u00e9cider des prochaines \u00e9tapes.\u00ab Les r\u00e9solutions que nous avons prises restent en vigueur. Nous les appliquerons durant ce d\u00e9lai de deux semaines. \u00c0 l\u2019issue, une nouvelle assembl\u00e9e sera convoqu\u00e9e afin de d\u00e9finir la suite de notre action. \u00bb<\/p>\n<p>Malgr\u00e9 la tension,\u00a0<strong>l\u2019appel au calme et \u00e0 la dignit\u00e9<\/strong>\u00a0a \u00e9t\u00e9 r\u00e9it\u00e9r\u00e9 \u00e0 tous les membres du Barreau :\u00ab Nous le r\u00e9p\u00e9tons, nous ne sommes pas des politiciens, nous sommes des avocats. Nous d\u00e9fendons les citoyens contre la violation des droits humains. C\u2019est pourquoi nous demandons \u00e0 chacun de rentrer tranquillement chez soi, sans slogans, dans le calme et la discipline. Nous sommes des intellectuels. \u00bb<\/p>\n<p>La posture adopt\u00e9e par les avocats guin\u00e9ens est celle de la\u00a0<strong>r\u00e9sistance institutionnelle, respectueuse mais in\u00e9branlable<\/strong>, face \u00e0 ce qu\u2019ils estiment \u00eatre un climat de d\u00e9gradation de l\u2019\u00c9tat de droit. En prenant publiquement position, en adoptant un ton mesur\u00e9 mais ferme, le\u00a0<strong>Barreau de Guin\u00e9e lance un signal fort<\/strong>\u00a0: la justice ne peut \u00eatre sacrifi\u00e9e sur l\u2019autel de l\u2019impunit\u00e9 ou de la peur.<\/p>\n<p>&nbsp;<\/p>\n<p>Ledenonciateur224.com<\/p>\n","protected":false},"excerpt":{"rendered":"<p>Ce lundi 23 juin 2025, le Barreau de Guin\u00e9e a tenu une\u00a0Assembl\u00e9e g\u00e9n\u00e9rale extraordinaire\u00a0\u00e0 la Cour d\u2019Appel de Conakry, en r\u00e9action \u00e0 ce qu\u2019il qualifie de \u00ab\u00a0grave atteinte aux droits humains et \u00e0 la dignit\u00e9 de la profession d\u2019avocat\u00a0\u00bb. L\u2019\u00e9l\u00e9ment d\u00e9clencheur :\u00a0l\u2019enl\u00e8vement et la torture pr\u00e9sum\u00e9e de Me Mohamed Traor\u00e9, ancien b\u00e2tonnier respect\u00e9, figure embl\u00e9matique [&hellip;]<\/p>\n","protected":false},"author":2,"featured_media":3615,"comment_status":"open","ping_status":"open","sticky":false,"template":"","format":"standard","meta":{"_jetpack_memberships_contains_paid_content":false,"footnotes":"","jetpack_publicize_message":"","jetpack_publicize_feature_enabled":true,"jetpack_social_post_already_shared":true,"jetpack_social_options":{"image_generator_settings":{"template":"highway","default_image_id":0,"font":"","enabled":false},"version":2}},"categories":[30,24],"tags":[836,890],"class_list":{"0":"post-3614","1":"post","2":"type-post","3":"status-publish","4":"format-standard","5":"has-post-thumbnail","7":"category-faits-divers","8":"category-news","9":"tag-avocats-guinee","10":"tag-me-mohamed-traore"},"jetpack_publicize_connections":[],"jetpack_featured_media_url":"https:\/\/ledenonciateur224.com\/wp-content\/uploads\/2025\/06\/20250623-135114.jpg","jetpack_sharing_enabled":true,"_links":{"self":[{"href":"https:\/\/ledenonciateur224.com\/index.php\/wp-json\/wp\/v2\/posts\/3614","targetHints":{"allow":["GET"]}}],"collection":[{"href":"https:\/\/ledenonciateur224.com\/index.php\/wp-json\/wp\/v2\/posts"}],"about":[{"href":"https:\/\/ledenonciateur224.com\/index.php\/wp-json\/wp\/v2\/types\/post"}],"author":[{"embeddable":true,"href":"https:\/\/ledenonciateur224.com\/index.php\/wp-json\/wp\/v2\/users\/2"}],"replies":[{"embeddable":true,"href":"https:\/\/ledenonciateur224.com\/index.php\/wp-json\/wp\/v2\/comments?post=3614"}],"version-history":[{"count":0,"href":"https:\/\/ledenonciateur224.com\/index.php\/wp-json\/wp\/v2\/posts\/3614\/revisions"}],"wp:featuredmedia":[{"embeddable":true,"href":"https:\/\/ledenonciateur224.com\/index.php\/wp-json\/wp\/v2\/media\/3615"}],"wp:attachment":[{"href":"https:\/\/ledenonciateur224.com\/index.php\/wp-json\/wp\/v2\/media?parent=3614"}],"wp:term":[{"taxonomy":"category","embeddable":true,"href":"https:\/\/ledenonciateur224.com\/index.php\/wp-json\/wp\/v2\/categories?post=3614"},{"taxonomy":"post_tag","embeddable":true,"href":"https:\/\/ledenonciateur224.com\/index.php\/wp-json\/wp\/v2\/tags?post=3614"}],"curies":[{"name":"wp","href":"https:\/\/api.w.org\/{rel}","templated":true}]}}