{"id":3617,"date":"2025-06-24T08:21:43","date_gmt":"2025-06-24T08:21:43","guid":{"rendered":"https:\/\/ledenonciateur224.com\/?p=3617"},"modified":"2025-06-24T08:21:43","modified_gmt":"2025-06-24T08:21:43","slug":"affaire-me-mohamed-traore-le-parquet-general-rompt-le-silence-et-exprime-sa-profonde-consternation","status":"publish","type":"post","link":"https:\/\/ledenonciateur224.com\/index.php\/affaire-me-mohamed-traore-le-parquet-general-rompt-le-silence-et-exprime-sa-profonde-consternation\/","title":{"rendered":"Affaire Me Mohamed Traor\u00e9 : le Parquet G\u00e9n\u00e9ral rompt le silence et exprime sa \u00ab\u00a0profonde consternation\u00a0\u00bb"},"content":{"rendered":"<p>Alors que l\u2019\u00e9motion est encore vive au sein de la communaut\u00e9 judiciaire, le\u00a0<strong>Parquet G\u00e9n\u00e9ral pr\u00e8s la Cour d\u2019Appel de Conakry<\/strong>\u00a0a enfin r\u00e9agi publiquement dans la nuit du lundi 23 juin 2025 \u00e0 l\u2019affaire qui bouleverse le pays :\u00a0<strong>l\u2019enl\u00e8vement et les actes de torture inflig\u00e9s \u00e0 l\u2019ancien b\u00e2tonnier, Me Mohamed Traor\u00e9<\/strong>. Dans un communiqu\u00e9 officiel, le procureur g\u00e9n\u00e9ral\u00a0<strong>Fallou Doumbouya<\/strong>\u00a0a exprim\u00e9 sa \u00ab\u00a0<strong>profonde consternation<\/strong>\u00a0\u00bb face \u00e0 un acte d\u2019une\u00a0<strong>gravit\u00e9 in\u00e9dite<\/strong>.<\/p>\n<p>Selon les premiers \u00e9l\u00e9ments recueillis,\u00a0<strong>Me Traor\u00e9 aurait \u00e9t\u00e9 enlev\u00e9 \u00e0 son domicile par des individus non identifi\u00e9s<\/strong>, conduit vers un lieu inconnu, puis\u00a0<strong>violemment agress\u00e9<\/strong>\u00a0physiquement et moralement. Le communiqu\u00e9 est sans ambigu\u00eft\u00e9 :\u00ab\u00a0Ces \u00e9v\u00e9nements portent atteinte \u00e0 la dignit\u00e9 humaine et \u00e0 la s\u00e9curit\u00e9 des avocats, ce qui suscite une r\u00e9action l\u00e9gitime au sein de la communaut\u00e9 judiciaire. \u00bb<\/p>\n<h3><\/h3>\n<p>Face \u00e0 la gravit\u00e9 des faits, le Parquet G\u00e9n\u00e9ral affirme avoir\u00a0<strong>agi imm\u00e9diatement<\/strong>. L\u2019ordre aurait \u00e9t\u00e9 donn\u00e9 au\u00a0<strong>procureur de la R\u00e9publique pr\u00e8s le tribunal de premi\u00e8re instance de Dixinn<\/strong>, juridiction comp\u00e9tente,\u00a0<strong>d\u2019ouvrir une enqu\u00eate approfondie<\/strong>\u00a0d\u00e8s la r\u00e9ception de l&rsquo;information :\u00ab D\u00e8s qu\u2019il en a \u00e9t\u00e9 inform\u00e9, le Parquet G\u00e9n\u00e9ral a agi le m\u00eame jour, conform\u00e9ment \u00e0 ses responsabilit\u00e9s. \u00bb<\/p>\n<p>Cette d\u00e9claration intervient apr\u00e8s\u00a0<strong>l\u2019Assembl\u00e9e g\u00e9n\u00e9rale extraordinaire<\/strong>\u00a0convoqu\u00e9e par le Barreau de Guin\u00e9e le jour m\u00eame \u00e0 la Cour d\u2019appel, o\u00f9 les avocats ont\u00a0<strong>d\u00e9nonc\u00e9 unanimement les violences<\/strong>\u00a0subies par leur confr\u00e8re et\u00a0<strong>exig\u00e9 des garanties de s\u00e9curit\u00e9<\/strong>\u00a0pour l\u2019ensemble de la profession.<\/p>\n<p>Le Parquet dit avoir\u00a0<strong>pris acte<\/strong>\u00a0de cette mobilisation et des d\u00e9cisions qui en ont d\u00e9coul\u00e9 :\u00ab Le Parquet G\u00e9n\u00e9ral a pris acte des r\u00e9solutions adopt\u00e9es par l\u2019Assembl\u00e9e g\u00e9n\u00e9rale extraordinaire du Barreau de Guin\u00e9e, tenue ce lundi 23 juin 2025 dans l\u2019enceinte de la Cour d\u2019appel de Conakry. \u00bb<\/p>\n<h3><\/h3>\n<p>Dans un souci de\u00a0<strong>maintenir le dialogue institutionnel<\/strong>, le Parquet affirme rester ouvert aux \u00e9changes avec le Barreau, tout en pr\u00e9cisant ses conditions d\u2019accueil :\u00ab Pour des raisons de d\u00e9corum judiciaire, le Parquet G\u00e9n\u00e9ral n\u2019est pas en mesure de recevoir simultan\u00e9ment tous les avocats dans son bureau en raison de leur nombre. \u00bb<\/p>\n<p>Il propose donc une solution interm\u00e9diaire :\u00ab Il se dit toutefois dispos\u00e9 \u00e0 rencontrer une d\u00e9l\u00e9gation restreinte du Conseil de l\u2019Ordre pour poursuivre les \u00e9changes dans un cadre appropri\u00e9. \u00bb<\/p>\n<h3><\/h3>\n<p>En conclusion, le Parquet G\u00e9n\u00e9ral appelle \u00e0 la\u00a0<strong>coh\u00e9sion de la famille judiciaire<\/strong>\u00a0et \u00e0 la pr\u00e9servation des institutions face \u00e0 cette crise :\u00ab Dans ce contexte difficile, le Parquet G\u00e9n\u00e9ral affirme sa solidarit\u00e9 au Barreau et rappelle que la justice ne tol\u00e9rera aucune violence contre ses membres. Il appelle \u00e0 l\u2019apaisement et au respect des proc\u00e9dures l\u00e9gales pour garantir l\u2019int\u00e9grit\u00e9 de la justice et de la R\u00e9publique. \u00bb<\/p>\n<p>Si cette d\u00e9claration officielle marque une\u00a0<strong>prise de position attendue<\/strong>, elle n&rsquo;efface pas la\u00a0<strong>frustration exprim\u00e9e plus t\u00f4t<\/strong>\u00a0par les avocats, notamment suite au\u00a0<strong>refus de r\u00e9ception<\/strong>\u00a0du Barreau par le procureur g\u00e9n\u00e9ral dans la matin\u00e9e, sans demande \u00e9crite pr\u00e9alable.<\/p>\n<p>Reste d\u00e9sormais \u00e0 savoir si cette main tendue suffira \u00e0\u00a0<strong>d\u00e9samorcer la crise croissante<\/strong>\u00a0entre le Barreau et les institutions judiciaires, alors que l\u2019affaire Me Mohamed Traor\u00e9 r\u00e9v\u00e8le une\u00a0<strong>fracture inqui\u00e9tante dans l\u2019appareil judiciaire guin\u00e9en.<\/strong><\/p>\n<p>&nbsp;<\/p>\n<p>Ledenonciateur224.com<\/p>\n","protected":false},"excerpt":{"rendered":"<p>Alors que l\u2019\u00e9motion est encore vive au sein de la communaut\u00e9 judiciaire, le\u00a0Parquet G\u00e9n\u00e9ral pr\u00e8s la Cour d\u2019Appel de Conakry\u00a0a enfin r\u00e9agi publiquement dans la nuit du lundi 23 juin 2025 \u00e0 l\u2019affaire qui bouleverse le pays :\u00a0l\u2019enl\u00e8vement et les actes de torture inflig\u00e9s \u00e0 l\u2019ancien b\u00e2tonnier, Me Mohamed Traor\u00e9. Dans un communiqu\u00e9 officiel, le [&hellip;]<\/p>\n","protected":false},"author":2,"featured_media":3618,"comment_status":"open","ping_status":"open","sticky":false,"template":"","format":"standard","meta":{"_jetpack_memberships_contains_paid_content":false,"footnotes":"","jetpack_publicize_message":"","jetpack_publicize_feature_enabled":true,"jetpack_social_post_already_shared":true,"jetpack_social_options":{"image_generator_settings":{"template":"highway","default_image_id":0,"font":"","enabled":false},"version":2}},"categories":[30,24],"tags":[905],"class_list":{"0":"post-3617","1":"post","2":"type-post","3":"status-publish","4":"format-standard","5":"has-post-thumbnail","7":"category-faits-divers","8":"category-news","9":"tag-procureur-general"},"jetpack_publicize_connections":[],"jetpack_featured_media_url":"https:\/\/ledenonciateur224.com\/wp-content\/uploads\/2025\/06\/procureur-fallou-doumbouya-jpeg.webp","jetpack_sharing_enabled":true,"_links":{"self":[{"href":"https:\/\/ledenonciateur224.com\/index.php\/wp-json\/wp\/v2\/posts\/3617","targetHints":{"allow":["GET"]}}],"collection":[{"href":"https:\/\/ledenonciateur224.com\/index.php\/wp-json\/wp\/v2\/posts"}],"about":[{"href":"https:\/\/ledenonciateur224.com\/index.php\/wp-json\/wp\/v2\/types\/post"}],"author":[{"embeddable":true,"href":"https:\/\/ledenonciateur224.com\/index.php\/wp-json\/wp\/v2\/users\/2"}],"replies":[{"embeddable":true,"href":"https:\/\/ledenonciateur224.com\/index.php\/wp-json\/wp\/v2\/comments?post=3617"}],"version-history":[{"count":0,"href":"https:\/\/ledenonciateur224.com\/index.php\/wp-json\/wp\/v2\/posts\/3617\/revisions"}],"wp:featuredmedia":[{"embeddable":true,"href":"https:\/\/ledenonciateur224.com\/index.php\/wp-json\/wp\/v2\/media\/3618"}],"wp:attachment":[{"href":"https:\/\/ledenonciateur224.com\/index.php\/wp-json\/wp\/v2\/media?parent=3617"}],"wp:term":[{"taxonomy":"category","embeddable":true,"href":"https:\/\/ledenonciateur224.com\/index.php\/wp-json\/wp\/v2\/categories?post=3617"},{"taxonomy":"post_tag","embeddable":true,"href":"https:\/\/ledenonciateur224.com\/index.php\/wp-json\/wp\/v2\/tags?post=3617"}],"curies":[{"name":"wp","href":"https:\/\/api.w.org\/{rel}","templated":true}]}}