{"id":362,"date":"2024-12-06T07:29:23","date_gmt":"2024-12-06T07:29:23","guid":{"rendered":"https:\/\/ledenonciateur224.com\/?p=362"},"modified":"2024-12-06T07:29:23","modified_gmt":"2024-12-06T07:29:23","slug":"tragedie-de-nzerekore-la-cedeao-appelle-a-une-enquete-pour-determiner-les-responsables","status":"publish","type":"post","link":"https:\/\/ledenonciateur224.com\/index.php\/tragedie-de-nzerekore-la-cedeao-appelle-a-une-enquete-pour-determiner-les-responsables\/","title":{"rendered":"Trag\u00e9die de Nz\u00e9r\u00e9kor\u00e9 : La CEDEAO appelle \u00e0 une enqu\u00eate pour d\u00e9terminer les responsables"},"content":{"rendered":"<div dir=\"auto\">\n<blockquote>\n<div dir=\"auto\">Le gouvernement et le peuple de Guin\u00e9e re\u00e7oivent de nombreux messages de solidarit\u00e9 apr\u00e8s la trag\u00e9die survenue au stade 3 avril de Nz\u00e9r\u00e9kor\u00e9. Parmi les derni\u00e8res marques de soutien, la Commission de la Communaut\u00e9 \u00c9conomique des \u00c9tats de l&rsquo;Afrique de l&rsquo;Ouest (CEDEAO) exprime sa profonde tristesse et appelle \u00e0 une enqu\u00eate pour faire la lumi\u00e8re sur les causes de ce drame.<\/div>\n<\/blockquote>\n<\/div>\n<div dir=\"auto\"><\/div>\n<div dir=\"auto\">\n<p>\u00ab\u00a0La Commission de la Communaut\u00e9 Economique des Etats de \u00ab\u00a0Afrique de l\u2019Ouest (CEDEAO) exprime ses sinc\u00e8res condol\u00e9ances au Gouvernement et au Peuple de la R\u00e9publique de Guin\u00e9e, \u00e0 la suite du drame survenu le dimanche 1 d\u00e9cembre 2024 au stade du 03 avril de Nz\u00e9r\u00e9kor\u00e9, au cours d\u2019affrontements lors de la finale d\u2019une comp\u00e9tition de football opposant l\u2019\u00e9quipe de Lab\u00e9 \u00e0 celle de N\u2019z\u00e9r\u00e9kor\u00e9.<\/p>\n<div dir=\"auto\"><ins><\/p>\n<div><\/div>\n<p><\/ins><\/div>\n<div dir=\"auto\">\n<div><ins><\/p>\n<div><\/div>\n<p><\/ins><\/div>\n<\/div>\n<p>La Commission de la CEDEAO regrette vivement cet incident tragique qui a jet\u00e9 une ombre sur ce qui devait \u00eatre une c\u00e9l\u00e9bration du sport, de l\u2019unit\u00e9 et de la paix.<\/p>\n<p>La Commission de la CEDEAO encourage les initiatives d\u00e9j\u00e0 prises par les autorit\u00e9s guin\u00e9ennes pour prendre en charge les bless\u00e9s ainsi que les familles des victimes de ce drame et les exhorte \u00e0 ouvrir une enqu\u00eate sur les circonstances de cette trag\u00e9die\u00a0\u00bb.<\/p>\n<p>N&rsquo;sira Sylla<\/p>\n<div dir=\"auto\"><ins><\/p>\n<div><\/div>\n<p><\/ins><\/div>\n<p>&nbsp;<\/p>\n<\/div>\n","protected":false},"excerpt":{"rendered":"<p>Le gouvernement et le peuple de Guin\u00e9e re\u00e7oivent de nombreux messages de solidarit\u00e9 apr\u00e8s la trag\u00e9die survenue au stade 3 avril de Nz\u00e9r\u00e9kor\u00e9. Parmi les derni\u00e8res marques de soutien, la Commission de la Communaut\u00e9 \u00c9conomique des \u00c9tats de l&rsquo;Afrique de l&rsquo;Ouest (CEDEAO) exprime sa profonde tristesse et appelle \u00e0 une enqu\u00eate pour faire la lumi\u00e8re [&hellip;]<\/p>\n","protected":false},"author":2,"featured_media":363,"comment_status":"open","ping_status":"open","sticky":false,"template":"","format":"standard","meta":{"_jetpack_memberships_contains_paid_content":false,"footnotes":"","jetpack_publicize_message":"","jetpack_publicize_feature_enabled":true,"jetpack_social_post_already_shared":false,"jetpack_social_options":{"image_generator_settings":{"template":"highway","default_image_id":0,"font":"","enabled":false},"version":2}},"categories":[30,24],"tags":[52,36,43,35,51],"class_list":{"0":"post-362","1":"post","2":"type-post","3":"status-publish","4":"format-standard","5":"has-post-thumbnail","7":"category-faits-divers","8":"category-news","9":"tag-cedeao","10":"tag-conakry","11":"tag-drame-au-stade-de-nzerekore","12":"tag-guinee","13":"tag-nzerekore"},"jetpack_publicize_connections":[],"jetpack_featured_media_url":"https:\/\/ledenonciateur224.com\/wp-content\/uploads\/2024\/12\/img-20241205-wa0014.jpg","jetpack_sharing_enabled":true,"_links":{"self":[{"href":"https:\/\/ledenonciateur224.com\/index.php\/wp-json\/wp\/v2\/posts\/362","targetHints":{"allow":["GET"]}}],"collection":[{"href":"https:\/\/ledenonciateur224.com\/index.php\/wp-json\/wp\/v2\/posts"}],"about":[{"href":"https:\/\/ledenonciateur224.com\/index.php\/wp-json\/wp\/v2\/types\/post"}],"author":[{"embeddable":true,"href":"https:\/\/ledenonciateur224.com\/index.php\/wp-json\/wp\/v2\/users\/2"}],"replies":[{"embeddable":true,"href":"https:\/\/ledenonciateur224.com\/index.php\/wp-json\/wp\/v2\/comments?post=362"}],"version-history":[{"count":0,"href":"https:\/\/ledenonciateur224.com\/index.php\/wp-json\/wp\/v2\/posts\/362\/revisions"}],"wp:featuredmedia":[{"embeddable":true,"href":"https:\/\/ledenonciateur224.com\/index.php\/wp-json\/wp\/v2\/media\/363"}],"wp:attachment":[{"href":"https:\/\/ledenonciateur224.com\/index.php\/wp-json\/wp\/v2\/media?parent=362"}],"wp:term":[{"taxonomy":"category","embeddable":true,"href":"https:\/\/ledenonciateur224.com\/index.php\/wp-json\/wp\/v2\/categories?post=362"},{"taxonomy":"post_tag","embeddable":true,"href":"https:\/\/ledenonciateur224.com\/index.php\/wp-json\/wp\/v2\/tags?post=362"}],"curies":[{"name":"wp","href":"https:\/\/api.w.org\/{rel}","templated":true}]}}