{"id":3634,"date":"2025-06-25T08:03:27","date_gmt":"2025-06-25T08:03:27","guid":{"rendered":"https:\/\/ledenonciateur224.com\/?p=3634"},"modified":"2025-06-25T08:45:57","modified_gmt":"2025-06-25T08:45:57","slug":"nouvelle-constitution-la-presidence-de-la-republique-annonce-la-remise-officielle-de-lavant-projet","status":"publish","type":"post","link":"https:\/\/ledenonciateur224.com\/index.php\/nouvelle-constitution-la-presidence-de-la-republique-annonce-la-remise-officielle-de-lavant-projet\/","title":{"rendered":"Nouvelle Constitution : la Pr\u00e9sidence de la R\u00e9publique annonce la remise officielle du projet"},"content":{"rendered":"<p>Apr\u00e8s son adoption le 9 avril 2025 par le Conseil national de la transition (CNT), le projet de nouvelle Constitution sera officiellement remis au chef de la transition, le g\u00e9n\u00e9ral Mamadi Doumbouya, d\u2019ici la fin de ce mois.<\/p>\n<p>C\u2019est ce qu\u2019a annonc\u00e9 ce mardi 24 juin, la Pr\u00e9sidence de la R\u00e9publique. Dans un communiqu\u00e9, la premi\u00e8re institution du pays a convi\u00e9 les Institutions et hautes personnalit\u00e9s de la Nation \u00e0 la c\u00e9r\u00e9monie solennelle de remise du projet de nouvelle Constitution.<\/p>\n<p>La note de la pr\u00e9sidence guin\u00e9enne pr\u00e9sente le texte comme un symbole d\u2019unit\u00e9 nationale et de destin commun.<\/p>\n<div dir=\"auto\">\n<p>&nbsp;<\/p>\n<div><\/div>\n<p>&nbsp;<\/p>\n<\/div>\n<p>\u00ab\u00a0Une Constitution qui nous ressemble et nous rassemble\u00a0\u00bb, mentionne le communiqu\u00e9.<\/p>\n<p>La remise est pr\u00e9vue\u00a0\u00a0le jeudi 26 juin 2025, au\u00a0Palais Mohammed V.<\/p>\n<p>Sont invit\u00e9s \u00e0 cette c\u00e9r\u00e9monie de remise:<\/p>\n<ul>\n<li>Les membres du CNRD ;<\/li>\n<li>Les Conseillers nationaux du CNT ;<\/li>\n<li>Le Premier ministre et les membres du Gouvernement ;<\/li>\n<li>Les pr\u00e9sidents des institutions r\u00e9publicaines ;<\/li>\n<li>Les chefs des missions diplomatiques et consulaires, ainsi que les repr\u00e9sentants des organisations internationales ;<\/li>\n<li>Madame la Gouverneure de la ville de Conakry ;<\/li>\n<li>Le Premier Imam de la mosqu\u00e9e Fay\u00e7al de Conakry ;<\/li>\n<li>L\u2019Archev\u00eaque de Conakry ;<\/li>\n<li>Les trois facilitatrices du dialogue inter-guin\u00e9en ;<\/li>\n<li>Les repr\u00e9sentants des partis politiques ;<\/li>\n<li>Le pr\u00e9sident de la Chambre nationale d\u2019agriculture de Guin\u00e9e ;<\/li>\n<li>Le pr\u00e9sident de la Chambre de commerce, d\u2019industrie et d\u2019artisanat de Guin\u00e9e ;<\/li>\n<li>Le pr\u00e9sident de la Conf\u00e9rence des recteurs et directeurs g\u00e9n\u00e9raux des institutions d\u2019enseignement sup\u00e9rieur ;<\/li>\n<li>Le pr\u00e9sident du Conseil des directeurs et directeurs g\u00e9n\u00e9raux des institutions de recherche scientifique, de documentation et d\u2019information ;<\/li>\n<li>La Conf\u00e9d\u00e9ration g\u00e9n\u00e9rale des entreprises de Guin\u00e9e (CGE-GUI) ;<\/li>\n<li>Le Conseil national des organisations de la soci\u00e9t\u00e9 civile.<\/li>\n<\/ul>\n","protected":false},"excerpt":{"rendered":"<p>Apr\u00e8s son adoption le 9 avril 2025 par le Conseil national de la transition (CNT), le projet de nouvelle Constitution sera officiellement remis au chef de la transition, le g\u00e9n\u00e9ral Mamadi Doumbouya, d\u2019ici la fin de ce mois. C\u2019est ce qu\u2019a annonc\u00e9 ce mardi 24 juin, la Pr\u00e9sidence de la R\u00e9publique. Dans un communiqu\u00e9, la [&hellip;]<\/p>\n","protected":false},"author":2,"featured_media":2970,"comment_status":"open","ping_status":"open","sticky":false,"template":"","format":"standard","meta":{"_jetpack_memberships_contains_paid_content":false,"footnotes":"","jetpack_publicize_message":"","jetpack_publicize_feature_enabled":true,"jetpack_social_post_already_shared":true,"jetpack_social_options":{"image_generator_settings":{"template":"highway","default_image_id":0,"font":"","enabled":false},"version":2}},"categories":[24,27],"tags":[913,317],"class_list":{"0":"post-3634","1":"post","2":"type-post","3":"status-publish","4":"format-standard","5":"has-post-thumbnail","7":"category-news","8":"category-politique","9":"tag-presidence-de-la-republique","10":"tag-constitution-guineenne"},"jetpack_publicize_connections":[],"jetpack_featured_media_url":"https:\/\/ledenonciateur224.com\/wp-content\/uploads\/2025\/05\/general-mamadi-doumbouya-2025.jpg","jetpack_sharing_enabled":true,"_links":{"self":[{"href":"https:\/\/ledenonciateur224.com\/index.php\/wp-json\/wp\/v2\/posts\/3634","targetHints":{"allow":["GET"]}}],"collection":[{"href":"https:\/\/ledenonciateur224.com\/index.php\/wp-json\/wp\/v2\/posts"}],"about":[{"href":"https:\/\/ledenonciateur224.com\/index.php\/wp-json\/wp\/v2\/types\/post"}],"author":[{"embeddable":true,"href":"https:\/\/ledenonciateur224.com\/index.php\/wp-json\/wp\/v2\/users\/2"}],"replies":[{"embeddable":true,"href":"https:\/\/ledenonciateur224.com\/index.php\/wp-json\/wp\/v2\/comments?post=3634"}],"version-history":[{"count":0,"href":"https:\/\/ledenonciateur224.com\/index.php\/wp-json\/wp\/v2\/posts\/3634\/revisions"}],"wp:featuredmedia":[{"embeddable":true,"href":"https:\/\/ledenonciateur224.com\/index.php\/wp-json\/wp\/v2\/media\/2970"}],"wp:attachment":[{"href":"https:\/\/ledenonciateur224.com\/index.php\/wp-json\/wp\/v2\/media?parent=3634"}],"wp:term":[{"taxonomy":"category","embeddable":true,"href":"https:\/\/ledenonciateur224.com\/index.php\/wp-json\/wp\/v2\/categories?post=3634"},{"taxonomy":"post_tag","embeddable":true,"href":"https:\/\/ledenonciateur224.com\/index.php\/wp-json\/wp\/v2\/tags?post=3634"}],"curies":[{"name":"wp","href":"https:\/\/api.w.org\/{rel}","templated":true}]}}