{"id":3644,"date":"2025-06-26T08:11:50","date_gmt":"2025-06-26T08:11:50","guid":{"rendered":"https:\/\/ledenonciateur224.com\/?p=3644"},"modified":"2025-06-26T08:11:50","modified_gmt":"2025-06-26T08:11:50","slug":"en-route-vers-le-forum-sur-les-avoirs-saisis-en-guinee-alpha-seny-camara-dg-agrasc-dit-tout-sur-ce-partenariat-strategique-avec-la-france","status":"publish","type":"post","link":"https:\/\/ledenonciateur224.com\/index.php\/en-route-vers-le-forum-sur-les-avoirs-saisis-en-guinee-alpha-seny-camara-dg-agrasc-dit-tout-sur-ce-partenariat-strategique-avec-la-france\/","title":{"rendered":"En route vers le Forum sur les avoirs saisis en Guin\u00e9e: Alpha S\u00e9ny Camara, (DG-AGRASC) dit tout sur ce partenariat strat\u00e9gique avec la France"},"content":{"rendered":"<p>Conakry s\u2019appr\u00eate \u00e0 accueillir un \u00e9v\u00e9nement majeur dans le domaine de la justice et de la lutte contre la d\u00e9linquance financi\u00e8re. Les 7 et 8 juillet 2025, un forum sur la gestion et le recouvrement des avoirs saisis et confisqu\u00e9s se tiendra dans la salle des Audiences du Proc\u00e8s du 28 Septembre 2009, \u00e0 la Cour d&rsquo;Appel de Conakry. Cette rencontre de haut niveau est organis\u00e9e par le Minist\u00e8re de la Justice et des Droits de l\u2019Homme \u00e0 travers l\u2019Agence de Gestion et de Recouvrement des Avoirs Saisis et Confisqu\u00e9s (AGRASC-Guin\u00e9e), en partenariat avec l\u2019AGRASC-France.<br \/>\nPlac\u00e9e sous la haute pr\u00e9sidence du Premier ministre, Chef du Gouvernement, Amadou Oury Bah, la c\u00e9r\u00e9monie d\u2019ouverture rassemblera un large \u00e9ventail d\u2019acteurs cl\u00e9s du syst\u00e8me judiciaire guin\u00e9en : Procureurs G\u00e9n\u00e9raux de Conakry et Kankan, pr\u00e9sidents des tribunaux de premi\u00e8re instance, juges de paix, chefs de greffe, ainsi que des officiers de police judiciaire. Le th\u00e8me de cette \u00e9dition, \u2018\u2019G\u00e9rer pour mieux recouvrer et restituer\u2019\u2019, met l\u2019accent sur la n\u00e9cessit\u00e9 d\u2019une gestion rigoureuse et coordonn\u00e9e des biens issus de proc\u00e9dures judiciaires.<br \/>\nDans une interview accord\u00e9e exclusive ce 25 juin 2025, Alpha S\u00e9ny Camara, le Directeur G\u00e9n\u00e9ral de l\u2019AGRASC-Guin\u00e9e, a soulign\u00e9 l\u2019importance de cette rencontre dans le contexte guin\u00e9en.<br \/>\n\u00abIl s&rsquo;agit de la description du partenariat entre l\u2019AGRASC-Guin\u00e9e et l\u2019AGRASC -France. Deux structures qui ont pour mission la gestion et le recouvrement des avoirs saisis et confisqu\u00e9s. C&rsquo;est une structure qui est toute nouvelle en Guin\u00e9e.(\u2026) Donc nous avons \u00e9chang\u00e9 et nous avons fait des contacts. L&rsquo;agence guin\u00e9enne charg\u00e9e de recouvrement, elle est all\u00e9e par deux fois en France pour que nous, notre agence et celle de la France puissent \u00e9changer et voir dans quelle mesure impliquer toutes les structures qui op\u00e8rent saisie et confiscation. Et fondamentalement, les juridictions. \u00bb, a-t-il expliqu\u00e9. L\u2019objectif est double : renforcer les capacit\u00e9s des acteurs guin\u00e9ens impliqu\u00e9s dans les processus de saisie et de confiscation, et asseoir la l\u00e9gitimit\u00e9 de l\u2019AGRASC dans un syst\u00e8me judiciaire encore en phase de consolidation. Alpha S\u00e9ny Camara a tenu \u00e0 rappeler que l\u2019AGRASC-Guin\u00e9e, bien que r\u00e9cemment mise en \u0153uvre en 2023 sous l\u2019impulsion du G\u00e9n\u00e9ral-Pr\u00e9sident Mamadi Doumbouya, existe juridiquement depuis 2016. Selon lui, cette volont\u00e9 politique de faire vivre la structure marque une avanc\u00e9e significative dans la lutte contre la criminalit\u00e9 \u00e9conomique et financi\u00e8re en Guin\u00e9e.<\/p>\n<p><img loading=\"lazy\" decoding=\"async\" class=\"alignnone size-full wp-image-3645\" src=\"https:\/\/ledenonciateur224.com\/wp-content\/uploads\/2025\/06\/img-20250626-wa0025.jpg\" alt=\"\" width=\"1080\" height=\"716\" srcset=\"https:\/\/ledenonciateur224.com\/wp-content\/uploads\/2025\/06\/img-20250626-wa0025.jpg 1080w, https:\/\/ledenonciateur224.com\/wp-content\/uploads\/2025\/06\/img-20250626-wa0025-300x199.jpg 300w, https:\/\/ledenonciateur224.com\/wp-content\/uploads\/2025\/06\/img-20250626-wa0025-1024x679.jpg 1024w, https:\/\/ledenonciateur224.com\/wp-content\/uploads\/2025\/06\/img-20250626-wa0025-768x509.jpg 768w, https:\/\/ledenonciateur224.com\/wp-content\/uploads\/2025\/06\/img-20250626-wa0025-150x99.jpg 150w, https:\/\/ledenonciateur224.com\/wp-content\/uploads\/2025\/06\/img-20250626-wa0025-696x461.jpg 696w, https:\/\/ledenonciateur224.com\/wp-content\/uploads\/2025\/06\/img-20250626-wa0025-1068x708.jpg 1068w, https:\/\/ledenonciateur224.com\/wp-content\/uploads\/2025\/06\/img-20250626-wa0025-634x420.jpg 634w\" sizes=\"auto, (max-width: 1080px) 100vw, 1080px\" \/><br \/>\n\u00ab C&rsquo;est gr\u00e2ce au G\u00e9n\u00e9ral Pr\u00e9sident Mamadi Doumbouya qu&rsquo;elle a \u00e9t\u00e9 mise en place depuis le 26 ao\u00fbt 2023. Mais je rappelle que cette structure existe par la loi depuis 2016. Donc c&rsquo;est la volont\u00e9 politique des dirigeants actuellement que cette structure a \u00e9t\u00e9 mise en mouvement. Et on ne peut pas cerner tous les contours des missions d&rsquo;une agence comme celle-l\u00e0 sans qu&rsquo;il y ait des partenariats, des partages d&rsquo;id\u00e9es. Entre cette structure, la n\u00f4tre en Guin\u00e9e, et celle des autres pays, comme le S\u00e9n\u00e9gal, comme la C\u00f4te d&rsquo;Ivoire, le Ghana, le B\u00e9nin, mais surtout la France parce qu&rsquo;elle est plus vieille que toute cette structure-l\u00e0. Elle a une exp\u00e9rience de plus de 10 ans. \u00bb A-t-il fait savoir<br \/>\nCe forum se veut aussi un espace de dialogue et de sensibilisation. Le Directeur G\u00e9n\u00e9ral insiste sur le r\u00f4le crucial de la coop\u00e9ration interinstitutionnelle.<br \/>\n\u00ab Donc, le 7 et 8, c&rsquo;est une rencontre, un forum \u00e0 grande \u00e9chelle sous l&rsquo;\u00e9gide naturellement du gouvernement de la R\u00e9publique. La rencontre permet d&rsquo;\u00e9changer entre nos partenaires guin\u00e9ens qui op\u00e8rent saisie et confiscation, plus les dirigeants de l&rsquo;agence de gestion et de recouvrement des avoirs saisie fran\u00e7ais qui viendront avec nous \u00e9changer pour aboutir \u00e0 une esp\u00e8ce de conclusion par rapport aux activit\u00e9s des uns et des autres. La Guin\u00e9e pourra tirer un, le refus de ne pas accepter les d\u00e9cisions de justice. Parce qu&rsquo;il faut que tout le monde s&rsquo;accorde \u00e0 accepter les d\u00e9cisions de justice, quels que soient les diff\u00e9rents obstacles qu&rsquo;il y a dans le cheminement d&rsquo;une d\u00e9cision de justice. Deuxi\u00e8me chose, il faut que les autorit\u00e9s de la place comprennent qu&rsquo;\u00e0 travers ces \u00e9changes entre les structures, qu&rsquo;elles ne se sont pas tromp\u00e9es en mettant en mouvement cette agence. Elle permet, comme au niveau de la France, de lutter en derni\u00e8re \u00e9chelle contre la d\u00e9linquance financi\u00e8re. L\u2019AGRASC chez nous et L\u2019AGRASC en France sont toutes les deux les derniers maillons de la cha\u00eene p\u00e9nale. Voil\u00e0 un peu ce que nous pouvons tirer et \u00e7a nous permet d&rsquo;\u00e9viter les supputations, les passions autour de certaines missions, de certains actes que nous posons ici \u00e0 l&rsquo;int\u00e9rieur de notre pays, \u00e0 l&rsquo;\u00e9gard des biens, \u00e0 l&rsquo;\u00e9gard de certaines personnes qui sont en contradiction avec la loi ou en conflit avec la loi.(\u2026) Je dis que tout \u00e7a se fait autour du gouvernement de la R\u00e9publique et nous passons par le garde des Sceaux (Yaya Kairaba Kaba ndlr) pour porter aussi ce message au niveau de ses coll\u00e8gues, pour qu&rsquo;ils comprennent que c&rsquo;est un forum \u00e0 caract\u00e8re national. \u00bb Soutien le patron du derniers maillons de la cha\u00eene p\u00e9nale en appelant les magistrats \u00e0 une stricte observance de leurs obligations.<br \/>\n\u00ab Il faut que toutes les structures qui saisissent et confisquent, acceptent de collaborer avec l\u2019AGRASC. Si les acteurs qui doivent collaborer s&rsquo;abstiennent ou retiennent des informations, ce n&rsquo;est pas bon, \u00e7a va \u00eatre une violation de la loi. Je l&rsquo;ai toujours dit, un magistrat qui ne respecte pas la loi, c&rsquo;est comme un m\u00e9decin qui tue. \u00bb A martel\u00e9 le magistrat Alpha S\u00e9ny Camara<br \/>\nCe forum in\u00e9dit \u00e0 Conakry incarne une \u00e9tape d\u00e9cisive dans le renforcement de l&rsquo;\u00c9tat de droit en Guin\u00e9e. En croisant les exp\u00e9riences guin\u00e9ennes et fran\u00e7aises, l\u2019\u00e9v\u00e9nement vise \u00e0 poser les bases d\u2019une justice plus efficace, plus transparente et mieux outill\u00e9e pour r\u00e9cup\u00e9rer les fruits du crime organis\u00e9. \u00c0 terme, il s\u2019agit non seulement d\u2019am\u00e9liorer les pratiques nationales, mais aussi de cr\u00e9er une dynamique r\u00e9gionale de coop\u00e9ration en mati\u00e8re de recouvrement des avoirs illicites.<\/p>\n<p>&nbsp;<\/p>\n<p>Bony<\/p>\n","protected":false},"excerpt":{"rendered":"<p>Conakry s\u2019appr\u00eate \u00e0 accueillir un \u00e9v\u00e9nement majeur dans le domaine de la justice et de la lutte contre la d\u00e9linquance financi\u00e8re. Les 7 et 8 juillet 2025, un forum sur la gestion et le recouvrement des avoirs saisis et confisqu\u00e9s se tiendra dans la salle des Audiences du Proc\u00e8s du 28 Septembre 2009, \u00e0 la [&hellip;]<\/p>\n","protected":false},"author":2,"featured_media":3646,"comment_status":"open","ping_status":"open","sticky":false,"template":"","format":"standard","meta":{"_jetpack_memberships_contains_paid_content":false,"footnotes":"","jetpack_publicize_message":"","jetpack_publicize_feature_enabled":true,"jetpack_social_post_already_shared":true,"jetpack_social_options":{"image_generator_settings":{"template":"highway","default_image_id":0,"font":"","enabled":false},"version":2}},"categories":[29,24],"tags":[915,916],"class_list":{"0":"post-3644","1":"post","2":"type-post","3":"status-publish","4":"format-standard","5":"has-post-thumbnail","7":"category-economie","8":"category-news","9":"tag-lagrasc","10":"tag-saisis-des-biens"},"jetpack_publicize_connections":[],"jetpack_featured_media_url":"https:\/\/ledenonciateur224.com\/wp-content\/uploads\/2025\/06\/img-20250626-wa0026.jpg","jetpack_sharing_enabled":true,"_links":{"self":[{"href":"https:\/\/ledenonciateur224.com\/index.php\/wp-json\/wp\/v2\/posts\/3644","targetHints":{"allow":["GET"]}}],"collection":[{"href":"https:\/\/ledenonciateur224.com\/index.php\/wp-json\/wp\/v2\/posts"}],"about":[{"href":"https:\/\/ledenonciateur224.com\/index.php\/wp-json\/wp\/v2\/types\/post"}],"author":[{"embeddable":true,"href":"https:\/\/ledenonciateur224.com\/index.php\/wp-json\/wp\/v2\/users\/2"}],"replies":[{"embeddable":true,"href":"https:\/\/ledenonciateur224.com\/index.php\/wp-json\/wp\/v2\/comments?post=3644"}],"version-history":[{"count":0,"href":"https:\/\/ledenonciateur224.com\/index.php\/wp-json\/wp\/v2\/posts\/3644\/revisions"}],"wp:featuredmedia":[{"embeddable":true,"href":"https:\/\/ledenonciateur224.com\/index.php\/wp-json\/wp\/v2\/media\/3646"}],"wp:attachment":[{"href":"https:\/\/ledenonciateur224.com\/index.php\/wp-json\/wp\/v2\/media?parent=3644"}],"wp:term":[{"taxonomy":"category","embeddable":true,"href":"https:\/\/ledenonciateur224.com\/index.php\/wp-json\/wp\/v2\/categories?post=3644"},{"taxonomy":"post_tag","embeddable":true,"href":"https:\/\/ledenonciateur224.com\/index.php\/wp-json\/wp\/v2\/tags?post=3644"}],"curies":[{"name":"wp","href":"https:\/\/api.w.org\/{rel}","templated":true}]}}