{"id":3657,"date":"2025-06-26T08:48:34","date_gmt":"2025-06-26T08:48:34","guid":{"rendered":"https:\/\/ledenonciateur224.com\/?p=3657"},"modified":"2025-06-26T08:48:34","modified_gmt":"2025-06-26T08:48:34","slug":"recensement-a-abidjan-cellou-dalein-diallo-empeche-denrolement","status":"publish","type":"post","link":"https:\/\/ledenonciateur224.com\/index.php\/recensement-a-abidjan-cellou-dalein-diallo-empeche-denrolement\/","title":{"rendered":"Recensement \u00e0 Abidjan : Cellou Dalein Diallo emp\u00each\u00e9 d\u2019enr\u00f4lement ?"},"content":{"rendered":"<p>Ce mercredi 25 juin 2025, l\u2019ancien Premier ministre guin\u00e9en et leader de l\u2019UFDG, Cellou Dalein Diallo, n\u2019a pas pu se faire enr\u00f4ler \u00e0 Abidjan dans le cadre du recensement \u00e9lectoral. Dans un communiqu\u00e9 publi\u00e9 en soir\u00e9e, la cellule de communication de son parti d\u00e9nonce une d\u00e9cision jug\u00e9e \u00ab\u00a0injuste et arbitraire\u00a0\u00bb.<\/p>\n<p><img loading=\"lazy\" decoding=\"async\" class=\"alignnone size-full wp-image-3653\" src=\"https:\/\/ledenonciateur224.com\/wp-content\/uploads\/2025\/06\/img-2628-1.jpeg\" alt=\"\" width=\"1432\" height=\"2048\" srcset=\"https:\/\/ledenonciateur224.com\/wp-content\/uploads\/2025\/06\/img-2628-1.jpeg 1432w, https:\/\/ledenonciateur224.com\/wp-content\/uploads\/2025\/06\/img-2628-1-210x300.jpeg 210w, https:\/\/ledenonciateur224.com\/wp-content\/uploads\/2025\/06\/img-2628-1-716x1024.jpeg 716w, https:\/\/ledenonciateur224.com\/wp-content\/uploads\/2025\/06\/img-2628-1-768x1098.jpeg 768w, https:\/\/ledenonciateur224.com\/wp-content\/uploads\/2025\/06\/img-2628-1-1074x1536.jpeg 1074w, https:\/\/ledenonciateur224.com\/wp-content\/uploads\/2025\/06\/img-2628-1-150x215.jpeg 150w, https:\/\/ledenonciateur224.com\/wp-content\/uploads\/2025\/06\/img-2628-1-300x429.jpeg 300w, https:\/\/ledenonciateur224.com\/wp-content\/uploads\/2025\/06\/img-2628-1-696x995.jpeg 696w, https:\/\/ledenonciateur224.com\/wp-content\/uploads\/2025\/06\/img-2628-1-1068x1527.jpeg 1068w, https:\/\/ledenonciateur224.com\/wp-content\/uploads\/2025\/06\/img-2628-1-294x420.jpeg 294w\" sizes=\"auto, (max-width: 1432px) 100vw, 1432px\" \/><\/p>\n<p><img loading=\"lazy\" decoding=\"async\" class=\"alignnone size-full wp-image-3654\" src=\"https:\/\/ledenonciateur224.com\/wp-content\/uploads\/2025\/06\/img-2629-3.jpeg\" alt=\"\" width=\"1398\" height=\"2048\" srcset=\"https:\/\/ledenonciateur224.com\/wp-content\/uploads\/2025\/06\/img-2629-3.jpeg 1398w, https:\/\/ledenonciateur224.com\/wp-content\/uploads\/2025\/06\/img-2629-3-205x300.jpeg 205w, https:\/\/ledenonciateur224.com\/wp-content\/uploads\/2025\/06\/img-2629-3-699x1024.jpeg 699w, https:\/\/ledenonciateur224.com\/wp-content\/uploads\/2025\/06\/img-2629-3-768x1125.jpeg 768w, https:\/\/ledenonciateur224.com\/wp-content\/uploads\/2025\/06\/img-2629-3-1049x1536.jpeg 1049w, https:\/\/ledenonciateur224.com\/wp-content\/uploads\/2025\/06\/img-2629-3-150x220.jpeg 150w, https:\/\/ledenonciateur224.com\/wp-content\/uploads\/2025\/06\/img-2629-3-300x439.jpeg 300w, https:\/\/ledenonciateur224.com\/wp-content\/uploads\/2025\/06\/img-2629-3-696x1020.jpeg 696w, https:\/\/ledenonciateur224.com\/wp-content\/uploads\/2025\/06\/img-2629-3-1068x1565.jpeg 1068w, https:\/\/ledenonciateur224.com\/wp-content\/uploads\/2025\/06\/img-2629-3-287x420.jpeg 287w\" sizes=\"auto, (max-width: 1398px) 100vw, 1398px\" \/><\/p>\n","protected":false},"excerpt":{"rendered":"<p>Ce mercredi 25 juin 2025, l\u2019ancien Premier ministre guin\u00e9en et leader de l\u2019UFDG, Cellou Dalein Diallo, n\u2019a pas pu se faire enr\u00f4ler \u00e0 Abidjan dans le cadre du recensement \u00e9lectoral. Dans un communiqu\u00e9 publi\u00e9 en soir\u00e9e, la cellule de communication de son parti d\u00e9nonce une d\u00e9cision jug\u00e9e \u00ab\u00a0injuste et arbitraire\u00a0\u00bb.<\/p>\n","protected":false},"author":2,"featured_media":3203,"comment_status":"open","ping_status":"open","sticky":false,"template":"","format":"standard","meta":{"_jetpack_memberships_contains_paid_content":false,"footnotes":"","jetpack_publicize_message":"","jetpack_publicize_feature_enabled":true,"jetpack_social_post_already_shared":true,"jetpack_social_options":{"image_generator_settings":{"template":"highway","default_image_id":0,"font":"","enabled":false},"version":2}},"categories":[24,27],"tags":[587,64],"class_list":{"0":"post-3657","1":"post","2":"type-post","3":"status-publish","4":"format-standard","5":"has-post-thumbnail","7":"category-news","8":"category-politique","9":"tag-recensement-biometrique","10":"tag-cellou-dalein-diallo"},"jetpack_publicize_connections":[],"jetpack_featured_media_url":"https:\/\/ledenonciateur224.com\/wp-content\/uploads\/2025\/05\/114264047-celcel-1200x675-1-750x430-1.jpg","jetpack_sharing_enabled":true,"_links":{"self":[{"href":"https:\/\/ledenonciateur224.com\/index.php\/wp-json\/wp\/v2\/posts\/3657","targetHints":{"allow":["GET"]}}],"collection":[{"href":"https:\/\/ledenonciateur224.com\/index.php\/wp-json\/wp\/v2\/posts"}],"about":[{"href":"https:\/\/ledenonciateur224.com\/index.php\/wp-json\/wp\/v2\/types\/post"}],"author":[{"embeddable":true,"href":"https:\/\/ledenonciateur224.com\/index.php\/wp-json\/wp\/v2\/users\/2"}],"replies":[{"embeddable":true,"href":"https:\/\/ledenonciateur224.com\/index.php\/wp-json\/wp\/v2\/comments?post=3657"}],"version-history":[{"count":0,"href":"https:\/\/ledenonciateur224.com\/index.php\/wp-json\/wp\/v2\/posts\/3657\/revisions"}],"wp:featuredmedia":[{"embeddable":true,"href":"https:\/\/ledenonciateur224.com\/index.php\/wp-json\/wp\/v2\/media\/3203"}],"wp:attachment":[{"href":"https:\/\/ledenonciateur224.com\/index.php\/wp-json\/wp\/v2\/media?parent=3657"}],"wp:term":[{"taxonomy":"category","embeddable":true,"href":"https:\/\/ledenonciateur224.com\/index.php\/wp-json\/wp\/v2\/categories?post=3657"},{"taxonomy":"post_tag","embeddable":true,"href":"https:\/\/ledenonciateur224.com\/index.php\/wp-json\/wp\/v2\/tags?post=3657"}],"curies":[{"name":"wp","href":"https:\/\/api.w.org\/{rel}","templated":true}]}}