{"id":368,"date":"2024-12-06T11:51:20","date_gmt":"2024-12-06T11:51:20","guid":{"rendered":"https:\/\/ledenonciateur224.com\/?p=368"},"modified":"2024-12-06T11:51:20","modified_gmt":"2024-12-06T11:51:20","slug":"le-president-du-cnt-dr-dansa-kourouma-recoit-en-audience-black-m-un-artiste-engage-pour-le-rayonnement-de-la-guinee","status":"publish","type":"post","link":"https:\/\/ledenonciateur224.com\/index.php\/le-president-du-cnt-dr-dansa-kourouma-recoit-en-audience-black-m-un-artiste-engage-pour-le-rayonnement-de-la-guinee\/","title":{"rendered":"Le pr\u00e9sident du CNT Dr Dansa Kourouma re\u00e7oit en audience Black M, un artiste engag\u00e9 pour le rayonnement de la Guin\u00e9e\u00a0"},"content":{"rendered":"<div dir=\"auto\"><\/div>\n<p>Aujourd\u2019hui, j\u2019ai eu le plaisir de recevoir en audience l\u2019artiste guin\u00e9en Alpha Diallo, plus connu sous le nom de Black M. Accompagn\u00e9 de ses collaborateurs, il est venu me pr\u00e9senter ses ambitions et projets pour notre pays.<\/p>\n<div dir=\"auto\"><img loading=\"lazy\" decoding=\"async\" class=\"alignnone size-medium wp-image-369 alignleft\" src=\"https:\/\/ledenonciateur224.com\/wp-content\/uploads\/2024\/12\/img-20241206-wa0057-300x230.jpg\" alt=\"\" width=\"300\" height=\"230\" srcset=\"https:\/\/ledenonciateur224.com\/wp-content\/uploads\/2024\/12\/img-20241206-wa0057-300x230.jpg 300w, https:\/\/ledenonciateur224.com\/wp-content\/uploads\/2024\/12\/img-20241206-wa0057-150x115.jpg 150w, https:\/\/ledenonciateur224.com\/wp-content\/uploads\/2024\/12\/img-20241206-wa0057-696x532.jpg 696w, https:\/\/ledenonciateur224.com\/wp-content\/uploads\/2024\/12\/img-20241206-wa0057-549x420.jpg 549w, https:\/\/ledenonciateur224.com\/wp-content\/uploads\/2024\/12\/img-20241206-wa0057-80x60.jpg 80w, https:\/\/ledenonciateur224.com\/wp-content\/uploads\/2024\/12\/img-20241206-wa0057.jpg 698w\" sizes=\"auto, (max-width: 300px) 100vw, 300px\" \/><\/div>\n<div dir=\"auto\">Au cours de nos \u00e9changes, Black M m\u2019a fait part de son souhait d\u2019organiser un festival annuel \u00e0 Conakry et dans les diff\u00e9rentes r\u00e9gions du pays. Ce projet, ambitieux et porteur, d\u00e9passe le simple cadre artistique. Il s\u2019agit d\u2019un v\u00e9ritable engagement en faveur de l\u2019\u00e9ducation, de la formation, de l\u2019emploi et de la sensibilisation, des domaines essentiels pour le d\u00e9veloppement de notre Nation.<\/div>\n<div dir=\"auto\"><\/div>\n<div dir=\"auto\">J\u2019ai salu\u00e9 cette initiative avec enthousiasme. Je lui ai rappel\u00e9 qu\u2019\u00e0 mes yeux, la v\u00e9ritable r\u00e9ussite r\u00e9side dans la capacit\u00e9 \u00e0 rendre \u00e0 la soci\u00e9t\u00e9 ce qu\u2019elle nous a donn\u00e9, se battre pour la cause commune, pour un id\u00e9al. Il n\u2019y a pas plus beau, quand Dieu vous donne la chance de r\u00e9ussir, d\u2019\u00eatre humble et de vous mettre au service de votre pays.<\/div>\n<div dir=\"auto\"><\/div>\n<div dir=\"auto\">Ce moment de partage a \u00e9t\u00e9 enrichissant, car il refl\u00e8te une vision commune : celle d\u2019une Guin\u00e9e forte, refond\u00e9e, o\u00f9 chacun, \u00e0 sa mani\u00e8re, contribue \u00e0 son d\u00e9veloppement. J\u2019ai \u00e9t\u00e9 particuli\u00e8rement touch\u00e9 par la sinc\u00e9rit\u00e9 et l\u2019engagement de Black M, qui souhaite investir son \u00e9nergie et ses ressources pour offrir des opportunit\u00e9s \u00e0 nos jeunes et promouvoir les richesses culturelles de notre pays.<\/div>\n<div dir=\"auto\"><\/div>\n<div dir=\"auto\">Je reste convaincu que ce type d\u2019initiatives est essentiel pour le rayonnement de la Guin\u00e9e, tant \u00e0 l\u2019int\u00e9rieur de nos fronti\u00e8res qu\u2019\u00e0 l\u2019international. L\u2019implication de nos talents, qu\u2019ils soient dans l\u2019art, l\u2019entrepreneuriat ou tout autre domaine, est une force pr\u00e9cieuse pour b\u00e2tir un avenir meilleur.<\/div>\n<div dir=\"auto\"><\/div>\n<div dir=\"auto\">CNT<\/div>\n","protected":false},"excerpt":{"rendered":"<p>Aujourd\u2019hui, j\u2019ai eu le plaisir de recevoir en audience l\u2019artiste guin\u00e9en Alpha Diallo, plus connu sous le nom de Black M. Accompagn\u00e9 de ses collaborateurs, il est venu me pr\u00e9senter ses ambitions et projets pour notre pays. Au cours de nos \u00e9changes, Black M m\u2019a fait part de son souhait d\u2019organiser un festival annuel \u00e0 [&hellip;]<\/p>\n","protected":false},"author":2,"featured_media":369,"comment_status":"open","ping_status":"open","sticky":false,"template":"","format":"standard","meta":{"_jetpack_memberships_contains_paid_content":false,"footnotes":"","jetpack_publicize_message":"","jetpack_publicize_feature_enabled":true,"jetpack_social_post_already_shared":false,"jetpack_social_options":{"image_generator_settings":{"template":"highway","default_image_id":0,"font":"","enabled":false},"version":2}},"categories":[28,24,27],"tags":[54,57,55,53,56],"class_list":{"0":"post-368","1":"post","2":"type-post","3":"status-publish","4":"format-standard","5":"has-post-thumbnail","7":"category-culture","8":"category-news","9":"category-politique","10":"tag-artiste","11":"tag-black-m","12":"tag-cnt","13":"tag-culture-guineenne","14":"tag-dr-dansa-kourouma"},"jetpack_publicize_connections":[],"jetpack_featured_media_url":"https:\/\/ledenonciateur224.com\/wp-content\/uploads\/2024\/12\/img-20241206-wa0057.jpg","jetpack_sharing_enabled":true,"_links":{"self":[{"href":"https:\/\/ledenonciateur224.com\/index.php\/wp-json\/wp\/v2\/posts\/368","targetHints":{"allow":["GET"]}}],"collection":[{"href":"https:\/\/ledenonciateur224.com\/index.php\/wp-json\/wp\/v2\/posts"}],"about":[{"href":"https:\/\/ledenonciateur224.com\/index.php\/wp-json\/wp\/v2\/types\/post"}],"author":[{"embeddable":true,"href":"https:\/\/ledenonciateur224.com\/index.php\/wp-json\/wp\/v2\/users\/2"}],"replies":[{"embeddable":true,"href":"https:\/\/ledenonciateur224.com\/index.php\/wp-json\/wp\/v2\/comments?post=368"}],"version-history":[{"count":0,"href":"https:\/\/ledenonciateur224.com\/index.php\/wp-json\/wp\/v2\/posts\/368\/revisions"}],"wp:featuredmedia":[{"embeddable":true,"href":"https:\/\/ledenonciateur224.com\/index.php\/wp-json\/wp\/v2\/media\/369"}],"wp:attachment":[{"href":"https:\/\/ledenonciateur224.com\/index.php\/wp-json\/wp\/v2\/media?parent=368"}],"wp:term":[{"taxonomy":"category","embeddable":true,"href":"https:\/\/ledenonciateur224.com\/index.php\/wp-json\/wp\/v2\/categories?post=368"},{"taxonomy":"post_tag","embeddable":true,"href":"https:\/\/ledenonciateur224.com\/index.php\/wp-json\/wp\/v2\/tags?post=368"}],"curies":[{"name":"wp","href":"https:\/\/api.w.org\/{rel}","templated":true}]}}