{"id":3682,"date":"2025-06-28T11:06:09","date_gmt":"2025-06-28T11:06:09","guid":{"rendered":"https:\/\/ledenonciateur224.com\/?p=3682"},"modified":"2025-06-28T11:06:09","modified_gmt":"2025-06-28T11:06:09","slug":"ufdg-le-mouvement-des-reformateurs-depose-une-requete-aupres-du-matd","status":"publish","type":"post","link":"https:\/\/ledenonciateur224.com\/index.php\/ufdg-le-mouvement-des-reformateurs-depose-une-requete-aupres-du-matd\/","title":{"rendered":"UFDG : le Mouvement des R\u00e9formateurs d\u00e9pose une requ\u00eate aupr\u00e8s du MATD"},"content":{"rendered":"<p>\ud835\udc02\ud835\udc28\ud835\udc27\ud835\udc1a\ud835\udc24\ud835\udc2b\ud835\udc32, \ud835\udc25\ud835\udc1e 28 \ud835\udc23\ud835\udc2e\ud835\udc22\ud835\udc27 2025<\/p>\n<p>Le Mouvement des R\u00e9formateurs de l&rsquo;UFDG informe l\u2019opinion publique nationale et internationale qu\u2019il a officiellement saisi le Minist\u00e8re de l\u2019Administration du Territoire et la D\u00e9centralisation Guin\u00e9e (MATD), en date du 20 \ud835\udc23\ud835\udc2e\ud835\udc22\ud835\udc27 2025, \u00e0 la suite du \ud835\udc2c\ud835\udc22\ud835\udc25\ud835\udc1e\ud835\udc27\ud835\udc1c\ud835\udc1e \ud835\udc29\ud835\udc1e\ud835\udc2b\ud835\udc2c\ud835\udc22\ud835\udc2c\ud835\udc2d\ud835\udc1a\ud835\udc27\ud835\udc2d de la Direction nationale de l\u2019UFDG face \u00e0 un \ud835\udc1a\ud835\udc29\ud835\udc29\ud835\udc1e\ud835\udc25 \ud835\udc2c\ud835\udc28\ud835\udc25\ud835\udc1e\ud835\udc27\ud835\udc27\ud835\udc1e\ud835\udc25, transmis par \ud835\udc2f\ud835\udc28\ud835\udc22\ud835\udc1e \ud835\udc1d\u2019\ud835\udc21\ud835\udc2e\ud835\udc22\ud835\udc2c\ud835\udc2c\ud835\udc22\ud835\udc1e\ud835\udc2b \ud835\udc25\ud835\udc1e 11 \ud835\udc23\ud835\udc2e\ud835\udc22\ud835\udc27 \ud835\udc1d\ud835\udc1e\ud835\udc2b\ud835\udc27\ud835\udc22\ud835\udc1e\ud835\udc2b.<\/p>\n<p>Cet appel, empreint d\u2019un esprit de d\u00e9passement, de \ud835\udc1d\ud835\udc22\ud835\udc1a\ud835\udc25\ud835\udc28\ud835\udc20\ud835\udc2e\ud835\udc1e \ud835\udc2c\ud835\udc22\ud835\udc27\ud835\udc1c\u00e8\ud835\udc2b\ud835\udc1e et de \ud835\udc2b\u00e9\ud835\udc1f\ud835\udc28\ud835\udc2b\ud835\udc26\ud835\udc1e \ud835\udc2c\ud835\udc2d\ud835\udc2b\ud835\udc2e\ud835\udc1c\ud835\udc2d\ud835\udc2e\ud835\udc2b\ud835\udc1a\ud835\udc27\ud835\udc2d\ud835\udc1e, visait \u00e0 pr\u00e9venir l\u2019enlisement d\u2019un processus d\u00e9j\u00e0 entach\u00e9 de graves irr\u00e9gularit\u00e9s. Malgr\u00e9 la gravit\u00e9 des pr\u00e9occupations soulev\u00e9es, aucune r\u00e9ponse formelle n\u2019a \u00e9t\u00e9 enregistr\u00e9e \u00e0 ce jour.<\/p>\n<p>En cons\u00e9quence, et dans le respect des voies r\u00e9publicaines, le \ud835\udc0c\ud835\udc28\ud835\udc2e\ud835\udc2f\ud835\udc1e\ud835\udc26\ud835\udc1e\ud835\udc27\ud835\udc2d \ud835\udc1d\ud835\udc1e\ud835\udc2c \ud835\udc11\u00e9\ud835\udc1f\ud835\udc28\ud835\udc2b\ud835\udc26\ud835\udc1a\ud835\udc2d\ud835\udc1e\ud835\udc2e\ud835\udc2b\ud835\udc2c a d\u00e9cid\u00e9 de saisir l\u2019autorit\u00e9 de tutelle pour que \ud835\udc2d\ud835\udc28\ud835\udc2e\ud835\udc2d\ud835\udc1e \ud835\udc25\ud835\udc1a \ud835\udc25\ud835\udc2e\ud835\udc26\ud835\udc22\u00e8\ud835\udc2b\ud835\udc1e \ud835\udc2c\ud835\udc28\ud835\udc22\ud835\udc2d \ud835\udc1f\ud835\udc1a\ud835\udc22\ud835\udc2d\ud835\udc1e \ud835\udc2c\ud835\udc2e\ud835\udc2b \ud835\udc25\ud835\udc1e\ud835\udc2c \ud835\udc1c\ud835\udc28\ud835\udc27\ud835\udc1d\ud835\udc22\ud835\udc2d\ud835\udc22\ud835\udc28\ud835\udc27\ud835\udc2c \ud835\udc1d\u2019\ud835\udc28\ud835\udc2b\ud835\udc20\ud835\udc1a\ud835\udc27\ud835\udc22\ud835\udc2c\ud835\udc1a\ud835\udc2d\ud835\udc22\ud835\udc28\ud835\udc27 \ud835\udc1d\ud835\udc2e \ud835\udc1c\ud835\udc28\ud835\udc27\ud835\udc20\ud835\udc2b\u00e8\ud835\udc2c \ud835\udc1e\ud835\udc31\ud835\udc2d\ud835\udc2b\ud835\udc1a\ud835\udc28\ud835\udc2b\ud835\udc1d\ud835\udc22\ud835\udc27\ud835\udc1a\ud835\udc22\ud835\udc2b\ud835\udc1e \ud835\udc1a\ud835\udc27\ud835\udc27\ud835\udc28\ud835\udc27\ud835\udc1c\u00e9 \ud835\udc29\ud835\udc28\ud835\udc2e\ud835\udc2b \ud835\udc25\ud835\udc1e 6 \ud835\udc23\ud835\udc2e\ud835\udc22\ud835\udc25\ud835\udc25\ud835\udc1e\ud835\udc2d 2025.<\/p>\n<p>Cette saisine a conduit \u00e0 la \ud835\udc1d\u00e9\ud835\udc1c\ud835\udc22\ud835\udc2c\ud835\udc22\ud835\udc28\ud835\udc27 \ud835\udc28\ud835\udc1f\ud835\udc1f\ud835\udc22\ud835\udc1c\ud835\udc22\ud835\udc1e\ud835\udc25\ud835\udc25\ud835\udc1e \ud835\udc1d\ud835\udc2e \ud835\udc0c\ud835\udc00\ud835\udc13\ud835\udc03, en date du 27 \ud835\udc23\ud835\udc2e\ud835\udc22\ud835\udc27 2025, ordonnant la \ud835\udc2c\ud835\udc2e\ud835\udc2c\ud835\udc29\ud835\udc1e\ud835\udc27\ud835\udc2c\ud835\udc22\ud835\udc28\ud835\udc27 \ud835\udc22\ud835\udc26\ud835\udc26\u00e9\ud835\udc1d\ud835\udc22\ud835\udc1a\ud835\udc2d\ud835\udc1e \ud835\udc1d\ud835\udc1e \ud835\udc2d\ud835\udc28\ud835\udc2e\ud835\udc2d\ud835\udc1e\ud835\udc2c \ud835\udc25\ud835\udc1e\ud835\udc2c \ud835\udc1d\u00e9\ud835\udc26\ud835\udc1a\ud835\udc2b\ud835\udc1c\ud835\udc21\ud835\udc1e\ud835\udc2c \ud835\udc25\ud835\udc22\u00e9\ud835\udc1e\ud835\udc2c \ud835\udc1a\ud835\udc2e \ud835\udc1c\ud835\udc28\ud835\udc27\ud835\udc20\ud835\udc2b\u00e8\ud835\udc2c. Le Minist\u00e8re y rappelle notamment :<\/p>\n<p>&#8211; les \ud835\udc2f\ud835\udc22\ud835\udc28\ud835\udc25\ud835\udc1a\ud835\udc2d\ud835\udc22\ud835\udc28\ud835\udc27\ud835\udc2c \ud835\udc2c\ud835\udc2e\ud835\udc1b\ud835\udc2c\ud835\udc2d\ud835\udc1a\ud835\udc27\ud835\udc2d\ud835\udc22\ud835\udc1e\ud835\udc25\ud835\udc25\ud835\udc1e\ud835\udc2c des textes statutaires et du r\u00e8glement int\u00e9rieur de l\u2019UFDG ;<br \/>\n&#8211; l\u2019\ud835\udc1e\ud835\udc31\ud835\udc1c\ud835\udc25\ud835\udc2e\ud835\udc2c\ud835\udc22\ud835\udc28\ud835\udc27 \ud835\udc1a\ud835\udc2b\ud835\udc1b\ud835\udc22\ud835\udc2d\ud835\udc2b\ud835\udc1a\ud835\udc22\ud835\udc2b\ud835\udc1e de membres statutaires, dont celle de M. \ud835\udc0e\ud835\udc2e\ud835\udc2c\ud835\udc26\ud835\udc1a\ud835\udc27\ud835\udc1e \ud835\udc06\ud835\udc1a\ud835\udc28\ud835\udc2e\ud835\udc1a\ud835\udc25 \ud835\udc03\ud835\udc22\ud835\udc1a\ud835\udc25\ud835\udc25\ud835\udc28, pourtant r\u00e9int\u00e9gr\u00e9 par d\u00e9cision judiciaire ;<br \/>\n&#8211; le \ud835\udc26\ud835\udc1a\ud835\udc27\ud835\udc2a\ud835\udc2e\ud835\udc1e \ud835\udc1d\ud835\udc1e \ud835\udc2d\ud835\udc2b\ud835\udc1a\ud835\udc27\ud835\udc2c\ud835\udc29\ud835\udc1a\ud835\udc2b\ud835\udc1e\ud835\udc27\ud835\udc1c\ud835\udc1e \ud835\udc1e\ud835\udc2d \ud835\udc1d\ud835\udc1e \ud835\udc2b\ud835\udc1e\ud835\udc2c\ud835\udc29\ud835\udc1e\ud835\udc1c\ud835\udc2d \ud835\udc1d\ud835\udc1e\ud835\udc2c \ud835\udc29\ud835\udc2b\ud835\udc28\ud835\udc1c\u00e9\ud835\udc1d\ud835\udc2e\ud835\udc2b\ud835\udc1e\ud835\udc2c \ud835\udc1d\u00e9\ud835\udc26\ud835\udc28\ud835\udc1c\ud835\udc2b\ud835\udc1a\ud835\udc2d\ud835\udc22\ud835\udc2a\ud835\udc2e\ud835\udc1e\ud835\udc2c \ud835\udc22\ud835\udc27\ud835\udc2d\ud835\udc1e\ud835\udc2b\ud835\udc27\ud835\udc1e\ud835\udc2c<\/p>\n<p>Le MATD enjoint \u00e9galement la Direction de l\u2019UFDG \u00e0 engager un \ud835\udc1d\ud835\udc22\ud835\udc1a\ud835\udc25\ud835\udc28\ud835\udc20\ud835\udc2e\ud835\udc1e \ud835\udc22\ud835\udc27\ud835\udc1c\ud835\udc25\ud835\udc2e\ud835\udc2c\ud835\udc22\ud835\udc1f, sous l\u2019\u00e9gide d\u2019une \ud835\udc1c\ud835\udc28\ud835\udc26\ud835\udc26\ud835\udc22\ud835\udc2c\ud835\udc2c\ud835\udc22\ud835\udc28\ud835\udc27 \ud835\udc29\ud835\udc1a\ud835\udc2b\ud835\udc22\ud835\udc2d\ud835\udc1a\ud835\udc22\ud835\udc2b\ud835\udc1e, afin de r\u00e9tablir la l\u00e9galit\u00e9 et la s\u00e9r\u00e9nit\u00e9 n\u00e9cessaires au bon d\u00e9roulement des futures \u00e9ch\u00e9ances.<\/p>\n<p>Le Mouvement des R\u00e9formateurs r\u00e9affirme son attachement \u00e0 une \ud835\udc1d\u00e9\ud835\udc26\ud835\udc1a\ud835\udc2b\ud835\udc1c\ud835\udc21\ud835\udc1e \ud835\udc29\ud835\udc1a\ud835\udc1c\ud835\udc22\ud835\udc1f\ud835\udc22\ud835\udc2a\ud835\udc2e\ud835\udc1e, \ud835\udc25\u00e9\ud835\udc20\ud835\udc1a\ud835\udc25\ud835\udc1e \ud835\udc1e\ud835\udc2d \ud835\udc2b\u00e9\ud835\udc29\ud835\udc2e\ud835\udc1b\ud835\udc25\ud835\udc22\ud835\udc1c\ud835\udc1a\ud835\udc22\ud835\udc27\ud835\udc1e, fid\u00e8le aux v\ud835\udc1a\ud835\udc25\ud835\udc1e\ud835\udc2e\ud835\udc2b\ud835\udc2c \ud835\udc1f\ud835\udc28\ud835\udc27\ud835\udc1d\ud835\udc1a\ud835\udc2d\ud835\udc2b\ud835\udc22\ud835\udc1c\ud835\udc1e\ud835\udc2c \ud835\udc1d\ud835\udc1e \ud835\udc25\u2019\ud835\udc14\ud835\udc05\ud835\udc03\ud835\udc06 : d\u00e9mocratie interne, justice, v\u00e9rit\u00e9 et respect mutuel.<\/p>\n<p>Nous invitons la presse et l\u2019ensemble des observateurs \u00e0 relayer avec \ud835\udc2b\ud835\udc22\ud835\udc20\ud835\udc2e\ud835\udc1e\ud835\udc2e\ud835\udc2b \ud835\udc1e\ud835\udc2d \ud835\udc2b\ud835\udc1e\ud835\udc2c\ud835\udc29\ud835\udc28\ud835\udc27\ud835\udc2c\ud835\udc1a\ud835\udc1b\ud835\udc22\ud835\udc25\ud835\udc22\ud835\udc2d\u00e9cette \u00e9volution majeure de la vie de notre formation politique.<\/p>\n<p>Le \ud835\udc0c\ud835\udc28\ud835\udc2e\ud835\udc2f\ud835\udc1e\ud835\udc26\ud835\udc1e\ud835\udc27\ud835\udc2d \ud835\udc1d\ud835\udc1e\ud835\udc2c R\u00e9formateurs<\/p>\n","protected":false},"excerpt":{"rendered":"<p>\ud835\udc02\ud835\udc28\ud835\udc27\ud835\udc1a\ud835\udc24\ud835\udc2b\ud835\udc32, \ud835\udc25\ud835\udc1e 28 \ud835\udc23\ud835\udc2e\ud835\udc22\ud835\udc27 2025 Le Mouvement des R\u00e9formateurs de l&rsquo;UFDG informe l\u2019opinion publique nationale et internationale qu\u2019il a officiellement saisi le Minist\u00e8re de l\u2019Administration du Territoire et la D\u00e9centralisation Guin\u00e9e (MATD), en date du 20 \ud835\udc23\ud835\udc2e\ud835\udc22\ud835\udc27 2025, \u00e0 la suite du \ud835\udc2c\ud835\udc22\ud835\udc25\ud835\udc1e\ud835\udc27\ud835\udc1c\ud835\udc1e \ud835\udc29\ud835\udc1e\ud835\udc2b\ud835\udc2c\ud835\udc22\ud835\udc2c\ud835\udc2d\ud835\udc1a\ud835\udc27\ud835\udc2d de la Direction nationale de l\u2019UFDG face \u00e0 un \ud835\udc1a\ud835\udc29\ud835\udc29\ud835\udc1e\ud835\udc25 \ud835\udc2c\ud835\udc28\ud835\udc25\ud835\udc1e\ud835\udc27\ud835\udc27\ud835\udc1e\ud835\udc25, [&hellip;]<\/p>\n","protected":false},"author":2,"featured_media":3683,"comment_status":"open","ping_status":"open","sticky":false,"template":"","format":"standard","meta":{"_jetpack_memberships_contains_paid_content":false,"footnotes":"","jetpack_publicize_message":"","jetpack_publicize_feature_enabled":true,"jetpack_social_post_already_shared":true,"jetpack_social_options":{"image_generator_settings":{"template":"highway","default_image_id":0,"font":"","enabled":false},"version":2}},"categories":[24,27],"tags":[923],"class_list":{"0":"post-3682","1":"post","2":"type-post","3":"status-publish","4":"format-standard","5":"has-post-thumbnail","7":"category-news","8":"category-politique","9":"tag-mouvement-des-reformateurs"},"jetpack_publicize_connections":[],"jetpack_featured_media_url":"https:\/\/ledenonciateur224.com\/wp-content\/uploads\/2025\/06\/img-20250627-wa0114.jpg","jetpack_sharing_enabled":true,"_links":{"self":[{"href":"https:\/\/ledenonciateur224.com\/index.php\/wp-json\/wp\/v2\/posts\/3682","targetHints":{"allow":["GET"]}}],"collection":[{"href":"https:\/\/ledenonciateur224.com\/index.php\/wp-json\/wp\/v2\/posts"}],"about":[{"href":"https:\/\/ledenonciateur224.com\/index.php\/wp-json\/wp\/v2\/types\/post"}],"author":[{"embeddable":true,"href":"https:\/\/ledenonciateur224.com\/index.php\/wp-json\/wp\/v2\/users\/2"}],"replies":[{"embeddable":true,"href":"https:\/\/ledenonciateur224.com\/index.php\/wp-json\/wp\/v2\/comments?post=3682"}],"version-history":[{"count":0,"href":"https:\/\/ledenonciateur224.com\/index.php\/wp-json\/wp\/v2\/posts\/3682\/revisions"}],"wp:featuredmedia":[{"embeddable":true,"href":"https:\/\/ledenonciateur224.com\/index.php\/wp-json\/wp\/v2\/media\/3683"}],"wp:attachment":[{"href":"https:\/\/ledenonciateur224.com\/index.php\/wp-json\/wp\/v2\/media?parent=3682"}],"wp:term":[{"taxonomy":"category","embeddable":true,"href":"https:\/\/ledenonciateur224.com\/index.php\/wp-json\/wp\/v2\/categories?post=3682"},{"taxonomy":"post_tag","embeddable":true,"href":"https:\/\/ledenonciateur224.com\/index.php\/wp-json\/wp\/v2\/tags?post=3682"}],"curies":[{"name":"wp","href":"https:\/\/api.w.org\/{rel}","templated":true}]}}