{"id":3698,"date":"2025-06-29T22:12:51","date_gmt":"2025-06-29T22:12:51","guid":{"rendered":"https:\/\/ledenonciateur224.com\/?p=3698"},"modified":"2025-06-29T22:12:51","modified_gmt":"2025-06-29T22:12:51","slug":"guinee-vers-un-mandat-presidentiel-de-7-ans-pour-renforcer-la-stabilite-et-reduire-les-tensions-electorales","status":"publish","type":"post","link":"https:\/\/ledenonciateur224.com\/index.php\/guinee-vers-un-mandat-presidentiel-de-7-ans-pour-renforcer-la-stabilite-et-reduire-les-tensions-electorales\/","title":{"rendered":"Guin\u00e9e : Vers un mandat pr\u00e9sidentiel de 7 ans pour renforcer la stabilit\u00e9 et r\u00e9duire les tensions \u00e9lectorales"},"content":{"rendered":"<p dir=\"ltr\">La Guin\u00e9e pourrait bient\u00f4t modifier la dur\u00e9e de son mandat pr\u00e9sidentiel, passant de cinq \u00e0 sept ans. Le projet de nouvelle Constitution, remis au pr\u00e9sident de la transition, pr\u00e9voit cette extension. L\u2019annonce a \u00e9t\u00e9 faite ce dimanche 29 juin 2025, par le pr\u00e9sident du Conseil National de la Transition (CNT), Dr Dansa Kourouma, lors d\u2019une conf\u00e9rence de presse.<\/p>\n<p dir=\"ltr\">Selon Dr Kourouma, ce changement est motiv\u00e9 par des imp\u00e9ratifs de stabilit\u00e9, de d\u00e9veloppement et d\u2019efficacit\u00e9 gouvernementale. \u00ab Cinq ans pourraient s\u2019av\u00e9rer trop courts pour permettre de d\u00e9rouler un v\u00e9ritable programme de d\u00e9veloppement \u00bb, a-t-il d\u00e9clar\u00e9. Dans un pays o\u00f9 les institutions restent fragiles et o\u00f9 le processus d\u00e9mocratique est encore en construction, une dur\u00e9e plus longue de mandat est per\u00e7ue comme une n\u00e9cessit\u00e9.<\/p>\n<p dir=\"ltr\">Le pr\u00e9sident du CNT estime qu\u2019un mandat \u00e9tendu permettrait au futur chef de l\u2019\u00c9tat de travailler avec plus de s\u00e9r\u00e9nit\u00e9, en \u00e9vitant le pi\u00e8ge d\u2019une gouvernance \u00e0 court terme dict\u00e9e par des \u00e9ch\u00e9ances \u00e9lectorales rapproch\u00e9es.<\/p>\n<p dir=\"ltr\">Dr Kourouma insiste : cette proposition ne vient pas seulement des autorit\u00e9s. Selon lui, les consultations nationales men\u00e9es en f\u00e9vrier-mars 2022 ont r\u00e9v\u00e9l\u00e9 une pr\u00e9f\u00e9rence populaire pour un mandat de sept ans. \u00ab Partout o\u00f9 nous sommes pass\u00e9s \u00e0 l\u2019int\u00e9rieur du pays, les Guin\u00e9ens sont \u00e0 la recherche de stabilit\u00e9. C\u2019\u00e9tait la tendance majoritaire \u00bb, affirme-t-il.<\/p>\n<p dir=\"ltr\">M\u00eame si le CNT avait initialement opt\u00e9 pour un mandat de cinq ans, les retours du terrain auraient fait pencher la balance. \u00ab Le constituant doit \u00e9couter la population \u00bb, mart\u00e8le-t-il.<\/p>\n<p dir=\"ltr\">Au-del\u00e0 des arguments politiques, Dr Kourouma avance aussi des raisons \u00e9conomiques. \u00ab Les \u00e9lections co\u00fbtent cher \u00bb, rappelle-t-il, estimant le co\u00fbt d\u2019un scrutin pr\u00e9sidentiel \u00e0 environ <b>500 milliards de francs guin\u00e9ens<\/b>. En optant pour un mandat de sept ans, la Guin\u00e9e n\u2019aurait que deux \u00e9lections pr\u00e9sidentielles en quinze ans, contre trois si la dur\u00e9e restait de cinq ans. Une \u00e9conomie budg\u00e9taire consid\u00e9rable, selon le chef du CNT.<\/p>\n<p dir=\"ltr\">Il ajoute que les \u00e9lections en Afrique, et particuli\u00e8rement en Guin\u00e9e, sont souvent des sources de tensions, de pol\u00e9miques, voire d\u2019instabilit\u00e9. En espa\u00e7ant les \u00e9ch\u00e9ances \u00e9lectorales, la r\u00e9forme viserait \u00e0 <b>r\u00e9duire les risques de crise politique<\/b> et \u00e0 <b>favoriser un climat propice au d\u00e9veloppement<\/b>.<\/p>\n<p dir=\"ltr\">Ledenonciateur224.com<\/p>\n","protected":false},"excerpt":{"rendered":"<p>La Guin\u00e9e pourrait bient\u00f4t modifier la dur\u00e9e de son mandat pr\u00e9sidentiel, passant de cinq \u00e0 sept ans. Le projet de nouvelle Constitution, remis au pr\u00e9sident de la transition, pr\u00e9voit cette extension. L\u2019annonce a \u00e9t\u00e9 faite ce dimanche 29 juin 2025, par le pr\u00e9sident du Conseil National de la Transition (CNT), Dr Dansa Kourouma, lors d\u2019une [&hellip;]<\/p>\n","protected":false},"author":2,"featured_media":3699,"comment_status":"open","ping_status":"open","sticky":false,"template":"","format":"standard","meta":{"_jetpack_memberships_contains_paid_content":false,"footnotes":"","jetpack_publicize_message":"","jetpack_publicize_feature_enabled":true,"jetpack_social_post_already_shared":true,"jetpack_social_options":{"image_generator_settings":{"template":"highway","default_image_id":0,"font":"","enabled":false},"version":2}},"categories":[24,27],"tags":[927,604],"class_list":{"0":"post-3698","1":"post","2":"type-post","3":"status-publish","4":"format-standard","5":"has-post-thumbnail","7":"category-news","8":"category-politique","9":"tag-7-ans-de-mandat","10":"tag-actualite-de-guinee"},"jetpack_publicize_connections":[],"jetpack_featured_media_url":"https:\/\/ledenonciateur224.com\/wp-content\/uploads\/2025\/06\/img-20250629-wa0083.jpg","jetpack_sharing_enabled":true,"_links":{"self":[{"href":"https:\/\/ledenonciateur224.com\/index.php\/wp-json\/wp\/v2\/posts\/3698","targetHints":{"allow":["GET"]}}],"collection":[{"href":"https:\/\/ledenonciateur224.com\/index.php\/wp-json\/wp\/v2\/posts"}],"about":[{"href":"https:\/\/ledenonciateur224.com\/index.php\/wp-json\/wp\/v2\/types\/post"}],"author":[{"embeddable":true,"href":"https:\/\/ledenonciateur224.com\/index.php\/wp-json\/wp\/v2\/users\/2"}],"replies":[{"embeddable":true,"href":"https:\/\/ledenonciateur224.com\/index.php\/wp-json\/wp\/v2\/comments?post=3698"}],"version-history":[{"count":0,"href":"https:\/\/ledenonciateur224.com\/index.php\/wp-json\/wp\/v2\/posts\/3698\/revisions"}],"wp:featuredmedia":[{"embeddable":true,"href":"https:\/\/ledenonciateur224.com\/index.php\/wp-json\/wp\/v2\/media\/3699"}],"wp:attachment":[{"href":"https:\/\/ledenonciateur224.com\/index.php\/wp-json\/wp\/v2\/media?parent=3698"}],"wp:term":[{"taxonomy":"category","embeddable":true,"href":"https:\/\/ledenonciateur224.com\/index.php\/wp-json\/wp\/v2\/categories?post=3698"},{"taxonomy":"post_tag","embeddable":true,"href":"https:\/\/ledenonciateur224.com\/index.php\/wp-json\/wp\/v2\/tags?post=3698"}],"curies":[{"name":"wp","href":"https:\/\/api.w.org\/{rel}","templated":true}]}}