{"id":3709,"date":"2025-06-30T13:23:21","date_gmt":"2025-06-30T13:23:21","guid":{"rendered":"https:\/\/ledenonciateur224.com\/?p=3709"},"modified":"2025-06-30T13:23:21","modified_gmt":"2025-06-30T13:23:21","slug":"finalement-du-developpement-la-guinee-elue-a-la-vice-presidence-de-4eme-conference-internationale","status":"publish","type":"post","link":"https:\/\/ledenonciateur224.com\/index.php\/finalement-du-developpement-la-guinee-elue-a-la-vice-presidence-de-4eme-conference-internationale\/","title":{"rendered":"Finalement du d\u00e9veloppement: la Guin\u00e9e \u00e9lue \u00e0 la vice-pr\u00e9sidence de 4\u00e8me conf\u00e9rence internationale"},"content":{"rendered":"<p>S\u00e9ville, Espagne \u2013 le 30 juin 2025 \u2013 \u00c0 seulement cinq ans de l\u2019\u00e9ch\u00e9ance des Objectifs de D\u00e9veloppement Durable (ODD), S\u00e9ville, la capitale andalouse, est le th\u00e9\u00e2tre d\u2019un rassemblement crucial. Chefs d\u2019\u00c9tat et de gouvernement, institutions financi\u00e8res et commerciales, entreprises, repr\u00e9sentants de la soci\u00e9t\u00e9 civile et le syst\u00e8me des Nations Unies sont r\u00e9unis pour la 4\u00e8me Conf\u00e9rence internationale sur le Financement du D\u00e9veloppement. L\u2019objectif est clair : insuffler un nouvel \u00e9lan au multilat\u00e9ralisme et acc\u00e9l\u00e9rer le financement des initiatives essentielles au d\u00e9veloppement mondial.<\/p>\n<p><img loading=\"lazy\" decoding=\"async\" class=\"alignnone size-full wp-image-3710\" src=\"https:\/\/ledenonciateur224.com\/wp-content\/uploads\/2025\/06\/fb-img-1751289459099.jpg\" alt=\"\" width=\"1080\" height=\"607\" srcset=\"https:\/\/ledenonciateur224.com\/wp-content\/uploads\/2025\/06\/fb-img-1751289459099.jpg 1080w, https:\/\/ledenonciateur224.com\/wp-content\/uploads\/2025\/06\/fb-img-1751289459099-300x169.jpg 300w, https:\/\/ledenonciateur224.com\/wp-content\/uploads\/2025\/06\/fb-img-1751289459099-1024x576.jpg 1024w, https:\/\/ledenonciateur224.com\/wp-content\/uploads\/2025\/06\/fb-img-1751289459099-768x432.jpg 768w, https:\/\/ledenonciateur224.com\/wp-content\/uploads\/2025\/06\/fb-img-1751289459099-150x84.jpg 150w, https:\/\/ledenonciateur224.com\/wp-content\/uploads\/2025\/06\/fb-img-1751289459099-696x391.jpg 696w, https:\/\/ledenonciateur224.com\/wp-content\/uploads\/2025\/06\/fb-img-1751289459099-1068x600.jpg 1068w, https:\/\/ledenonciateur224.com\/wp-content\/uploads\/2025\/06\/fb-img-1751289459099-747x420.jpg 747w\" sizes=\"auto, (max-width: 1080px) 100vw, 1080px\" \/><\/p>\n<p>Le Secr\u00e9taire g\u00e9n\u00e9ral des Nations Unies, Ant\u00f3nio Guterres, a soulign\u00e9 l\u2019urgence de la situation, estimant le besoin annuel de financement des ODD \u00e0 4 000 milliards de dollars. Il a plaid\u00e9 avec force pour l\u2019adoption de solutions novatrices, notamment la restructuration du syst\u00e8me de la dette et une mobilisation accrue des ressources internes. Le Roi d\u2019Espagne, h\u00f4te de cette conf\u00e9rence, a quant \u00e0 lui invit\u00e9 les participants \u00e0 adopter un \u201clangage d\u2019efficacit\u00e9\u201d et \u00e0 d\u00e9finir des engagements concrets pour cr\u00e9er de \u201ccercles vertueux\u201d, afin que S\u00e9ville marque un jalon d\u00e9cisif pour la coop\u00e9ration et le d\u00e9veloppement durable.<\/p>\n<p><img loading=\"lazy\" decoding=\"async\" class=\"alignnone size-full wp-image-3711\" src=\"https:\/\/ledenonciateur224.com\/wp-content\/uploads\/2025\/06\/fb-img-1751289644999.jpg\" alt=\"\" width=\"1080\" height=\"607\" srcset=\"https:\/\/ledenonciateur224.com\/wp-content\/uploads\/2025\/06\/fb-img-1751289644999.jpg 1080w, https:\/\/ledenonciateur224.com\/wp-content\/uploads\/2025\/06\/fb-img-1751289644999-300x169.jpg 300w, https:\/\/ledenonciateur224.com\/wp-content\/uploads\/2025\/06\/fb-img-1751289644999-1024x576.jpg 1024w, https:\/\/ledenonciateur224.com\/wp-content\/uploads\/2025\/06\/fb-img-1751289644999-768x432.jpg 768w, https:\/\/ledenonciateur224.com\/wp-content\/uploads\/2025\/06\/fb-img-1751289644999-150x84.jpg 150w, https:\/\/ledenonciateur224.com\/wp-content\/uploads\/2025\/06\/fb-img-1751289644999-696x391.jpg 696w, https:\/\/ledenonciateur224.com\/wp-content\/uploads\/2025\/06\/fb-img-1751289644999-1068x600.jpg 1068w, https:\/\/ledenonciateur224.com\/wp-content\/uploads\/2025\/06\/fb-img-1751289644999-747x420.jpg 747w\" sizes=\"auto, (max-width: 1080px) 100vw, 1080px\" \/><\/p>\n<p>Dans ce contexte international o\u00f9 se red\u00e9finit le cadre de r\u00e9f\u00e9rence pour la mobilisation des financements, la R\u00e9publique de Guin\u00e9e est appel\u00e9e \u00e0 jouer un r\u00f4le majeur. D\u00e8s l\u2019ouverture de la conf\u00e9rence, la d\u00e9l\u00e9gation guin\u00e9enne, conduite par le Premier ministre Amadou Oury Bah, a \u00e9t\u00e9 honor\u00e9e par l\u2019\u00e9lection de la Guin\u00e9e \u00e0 l\u2019un des postes de vice-pr\u00e9sident de cette importante rencontre.<\/p>\n<p><img loading=\"lazy\" decoding=\"async\" class=\"alignnone size-full wp-image-3712\" src=\"https:\/\/ledenonciateur224.com\/wp-content\/uploads\/2025\/06\/fb-img-1751289658936.jpg\" alt=\"\" width=\"1080\" height=\"607\" srcset=\"https:\/\/ledenonciateur224.com\/wp-content\/uploads\/2025\/06\/fb-img-1751289658936.jpg 1080w, https:\/\/ledenonciateur224.com\/wp-content\/uploads\/2025\/06\/fb-img-1751289658936-300x169.jpg 300w, https:\/\/ledenonciateur224.com\/wp-content\/uploads\/2025\/06\/fb-img-1751289658936-1024x576.jpg 1024w, https:\/\/ledenonciateur224.com\/wp-content\/uploads\/2025\/06\/fb-img-1751289658936-768x432.jpg 768w, https:\/\/ledenonciateur224.com\/wp-content\/uploads\/2025\/06\/fb-img-1751289658936-150x84.jpg 150w, https:\/\/ledenonciateur224.com\/wp-content\/uploads\/2025\/06\/fb-img-1751289658936-696x391.jpg 696w, https:\/\/ledenonciateur224.com\/wp-content\/uploads\/2025\/06\/fb-img-1751289658936-1068x600.jpg 1068w, https:\/\/ledenonciateur224.com\/wp-content\/uploads\/2025\/06\/fb-img-1751289658936-747x420.jpg 747w\" sizes=\"auto, (max-width: 1080px) 100vw, 1080px\" \/><\/p>\n<p>Cet honneur, qui t\u00e9moigne de la reconnaissance du r\u00f4le et de l\u2019engagement de la Guin\u00e9e sur la sc\u00e8ne internationale, est salu\u00e9 par le Premier ministre, au nom de Son Excellence le G\u00e9n\u00e9ral Mamadi Doumbouya, Pr\u00e9sident de la R\u00e9publique. Pour le ministre des Affaires \u00e9trang\u00e8res, de l\u2019int\u00e9gration africaine et des Guin\u00e9ens \u00e9tablis \u00e0 l\u2019\u00e9tranger, Dr Morissada Kouyat\u00e9, cette position strat\u00e9gique permettra \u00e0 la Guin\u00e9e de contribuer activement aux d\u00e9bats et \u00e0 l\u2019\u00e9laboration des solutions qui fa\u00e7onneront l\u2019avenir du financement du d\u00e9veloppement pour les ann\u00e9es \u00e0 venir.<\/p>\n<p>Gouvernement guin\u00e9en<\/p>\n","protected":false},"excerpt":{"rendered":"<p>S\u00e9ville, Espagne \u2013 le 30 juin 2025 \u2013 \u00c0 seulement cinq ans de l\u2019\u00e9ch\u00e9ance des Objectifs de D\u00e9veloppement Durable (ODD), S\u00e9ville, la capitale andalouse, est le th\u00e9\u00e2tre d\u2019un rassemblement crucial. Chefs d\u2019\u00c9tat et de gouvernement, institutions financi\u00e8res et commerciales, entreprises, repr\u00e9sentants de la soci\u00e9t\u00e9 civile et le syst\u00e8me des Nations Unies sont r\u00e9unis pour la [&hellip;]<\/p>\n","protected":false},"author":2,"featured_media":3713,"comment_status":"open","ping_status":"open","sticky":false,"template":"","format":"standard","meta":{"_jetpack_memberships_contains_paid_content":false,"footnotes":"","jetpack_publicize_message":"","jetpack_publicize_feature_enabled":true,"jetpack_social_post_already_shared":true,"jetpack_social_options":{"image_generator_settings":{"template":"highway","default_image_id":0,"font":"","enabled":false},"version":2}},"categories":[29,24],"tags":[604,928],"class_list":{"0":"post-3709","1":"post","2":"type-post","3":"status-publish","4":"format-standard","5":"has-post-thumbnail","7":"category-economie","8":"category-news","9":"tag-actualite-de-guinee","10":"tag-financement"},"jetpack_publicize_connections":[],"jetpack_featured_media_url":"https:\/\/ledenonciateur224.com\/wp-content\/uploads\/2025\/06\/fb-img-1751289445365.jpg","jetpack_sharing_enabled":true,"_links":{"self":[{"href":"https:\/\/ledenonciateur224.com\/index.php\/wp-json\/wp\/v2\/posts\/3709","targetHints":{"allow":["GET"]}}],"collection":[{"href":"https:\/\/ledenonciateur224.com\/index.php\/wp-json\/wp\/v2\/posts"}],"about":[{"href":"https:\/\/ledenonciateur224.com\/index.php\/wp-json\/wp\/v2\/types\/post"}],"author":[{"embeddable":true,"href":"https:\/\/ledenonciateur224.com\/index.php\/wp-json\/wp\/v2\/users\/2"}],"replies":[{"embeddable":true,"href":"https:\/\/ledenonciateur224.com\/index.php\/wp-json\/wp\/v2\/comments?post=3709"}],"version-history":[{"count":0,"href":"https:\/\/ledenonciateur224.com\/index.php\/wp-json\/wp\/v2\/posts\/3709\/revisions"}],"wp:featuredmedia":[{"embeddable":true,"href":"https:\/\/ledenonciateur224.com\/index.php\/wp-json\/wp\/v2\/media\/3713"}],"wp:attachment":[{"href":"https:\/\/ledenonciateur224.com\/index.php\/wp-json\/wp\/v2\/media?parent=3709"}],"wp:term":[{"taxonomy":"category","embeddable":true,"href":"https:\/\/ledenonciateur224.com\/index.php\/wp-json\/wp\/v2\/categories?post=3709"},{"taxonomy":"post_tag","embeddable":true,"href":"https:\/\/ledenonciateur224.com\/index.php\/wp-json\/wp\/v2\/tags?post=3709"}],"curies":[{"name":"wp","href":"https:\/\/api.w.org\/{rel}","templated":true}]}}