{"id":371,"date":"2024-12-06T16:13:59","date_gmt":"2024-12-06T16:13:59","guid":{"rendered":"https:\/\/ledenonciateur224.com\/?p=371"},"modified":"2024-12-06T16:13:59","modified_gmt":"2024-12-06T16:13:59","slug":"commandant-aly-camara-reintegre-dans-larmee-et-nomme-a-un-poste-de-commandement-a-kamsar","status":"publish","type":"post","link":"https:\/\/ledenonciateur224.com\/index.php\/commandant-aly-camara-reintegre-dans-larmee-et-nomme-a-un-poste-de-commandement-a-kamsar\/","title":{"rendered":"Commandant Aly Camara r\u00e9int\u00e9gr\u00e9 dans l\u2019arm\u00e9e et nomm\u00e9 \u00e0 un poste de commandement\u00a0 \u00e0 Kamsar\u00a0"},"content":{"rendered":"<p>Le commandant Aly Camara, l\u2019un des acteurs majeurs du coup d\u2019\u00c9tat du 5 septembre 2021 qui a renvers\u00e9 l\u2019ex-pr\u00e9sident Alpha Cond\u00e9, a \u00e9t\u00e9 r\u00e9int\u00e9gr\u00e9 dans l\u2019arm\u00e9e nationale apr\u00e8s avoir \u00e9t\u00e9 radi\u00e9 en octobre 2023 pour \u201cinconduite\u201d suite \u00e0 des tensions internes au sein des forces arm\u00e9es. Sa r\u00e9int\u00e9gration, marqu\u00e9e par un arr\u00eat\u00e9 sign\u00e9 le 4 d\u00e9cembre 2024 par le ministre de la D\u00e9fense nationale, l\u2019ambassadeur Aboubacar Sidiki Camara, est un tournant significatif dans la carri\u00e8re de l\u2019officier, mais \u00e9galement dans les relations entre les diff\u00e9rentes factions au sein de l\u2019arm\u00e9e guin\u00e9enne.<\/p>\n<p>En plus de sa r\u00e9int\u00e9gration, le commandant Alya Camara a \u00e9t\u00e9 nomm\u00e9 \u00e0 un poste de grande responsabilit\u00e9 : il prend d\u00e9sormais la t\u00eate de la compagnie d\u2019infanterie de Kamsar, un poste strat\u00e9gique dans la r\u00e9gion de Bok\u00e9, situ\u00e9e \u00e0 l\u2019ouest du pays, qui rev\u00eat une importance capitale tant sur le plan s\u00e9curitaire qu\u2019\u00e9conomique. Cette r\u00e9gion est non seulement le c\u0153ur de l\u2019exploitation mini\u00e8re en Guin\u00e9e, notamment pour la bauxite et des mines de fer etc..<\/p>\n<p>Sa r\u00e9int\u00e9gration pourrait \u00eatre per\u00e7ue comme un signe de renforcement du pouvoir militaire au sein du gouvernement de transition dirig\u00e9 par le G\u00e9n\u00e9ral d&rsquo;arm\u00e9e Mamadi Doumbouya. En effet, Aly Camara est consid\u00e9r\u00e9 par certains comme un homme cl\u00e9 du coup d\u2019\u00c9tat de 2021, un homme qui, par son influence, pourrait jouer un r\u00f4le important dans l\u2019\u00e9quilibre interne du pouvoir.<\/p>\n<p>\u00c0 la t\u00eate de la compagnie d\u2019infanterie de Kamsar, Alya Camara devra non seulement assurer la s\u00e9curit\u00e9 de cette zone cl\u00e9, mais aussi g\u00e9rer les nombreux d\u00e9fis sociaux et politiques qui y sont li\u00e9s. Le commandant sera un acteur essentiel pour maintenir la paix et garantir la stabilit\u00e9.<\/p>\n<p>N&rsquo;sira Sylla<\/p>\n","protected":false},"excerpt":{"rendered":"<p>Le commandant Aly Camara, l\u2019un des acteurs majeurs du coup d\u2019\u00c9tat du 5 septembre 2021 qui a renvers\u00e9 l\u2019ex-pr\u00e9sident Alpha Cond\u00e9, a \u00e9t\u00e9 r\u00e9int\u00e9gr\u00e9 dans l\u2019arm\u00e9e nationale apr\u00e8s avoir \u00e9t\u00e9 radi\u00e9 en octobre 2023 pour \u201cinconduite\u201d suite \u00e0 des tensions internes au sein des forces arm\u00e9es. Sa r\u00e9int\u00e9gration, marqu\u00e9e par un arr\u00eat\u00e9 sign\u00e9 le 4 [&hellip;]<\/p>\n","protected":false},"author":2,"featured_media":372,"comment_status":"open","ping_status":"open","sticky":false,"template":"","format":"standard","meta":{"_jetpack_memberships_contains_paid_content":false,"footnotes":"","jetpack_publicize_message":"","jetpack_publicize_feature_enabled":true,"jetpack_social_post_already_shared":false,"jetpack_social_options":{"image_generator_settings":{"template":"highway","default_image_id":0,"font":"","enabled":false},"version":2}},"categories":[30,24],"tags":[59,44,58],"class_list":{"0":"post-371","1":"post","2":"type-post","3":"status-publish","4":"format-standard","5":"has-post-thumbnail","7":"category-faits-divers","8":"category-news","9":"tag-armee-guineenne","10":"tag-cnrd","11":"tag-commandant-aly-camara"},"jetpack_publicize_connections":[],"jetpack_featured_media_url":"https:\/\/ledenonciateur224.com\/wp-content\/uploads\/2024\/12\/9c1b0bca-2fdb-4914-92e5-b408f1b37653.jpeg","jetpack_sharing_enabled":true,"_links":{"self":[{"href":"https:\/\/ledenonciateur224.com\/index.php\/wp-json\/wp\/v2\/posts\/371","targetHints":{"allow":["GET"]}}],"collection":[{"href":"https:\/\/ledenonciateur224.com\/index.php\/wp-json\/wp\/v2\/posts"}],"about":[{"href":"https:\/\/ledenonciateur224.com\/index.php\/wp-json\/wp\/v2\/types\/post"}],"author":[{"embeddable":true,"href":"https:\/\/ledenonciateur224.com\/index.php\/wp-json\/wp\/v2\/users\/2"}],"replies":[{"embeddable":true,"href":"https:\/\/ledenonciateur224.com\/index.php\/wp-json\/wp\/v2\/comments?post=371"}],"version-history":[{"count":0,"href":"https:\/\/ledenonciateur224.com\/index.php\/wp-json\/wp\/v2\/posts\/371\/revisions"}],"wp:featuredmedia":[{"embeddable":true,"href":"https:\/\/ledenonciateur224.com\/index.php\/wp-json\/wp\/v2\/media\/372"}],"wp:attachment":[{"href":"https:\/\/ledenonciateur224.com\/index.php\/wp-json\/wp\/v2\/media?parent=371"}],"wp:term":[{"taxonomy":"category","embeddable":true,"href":"https:\/\/ledenonciateur224.com\/index.php\/wp-json\/wp\/v2\/categories?post=371"},{"taxonomy":"post_tag","embeddable":true,"href":"https:\/\/ledenonciateur224.com\/index.php\/wp-json\/wp\/v2\/tags?post=371"}],"curies":[{"name":"wp","href":"https:\/\/api.w.org\/{rel}","templated":true}]}}