{"id":3718,"date":"2025-07-01T09:11:50","date_gmt":"2025-07-01T09:11:50","guid":{"rendered":"https:\/\/ledenonciateur224.com\/?p=3718"},"modified":"2025-07-01T09:11:50","modified_gmt":"2025-07-01T09:11:50","slug":"guinee-restructuration-ministerielle-majeure-cinq-portefeuilles-eclates-par-decret","status":"publish","type":"post","link":"https:\/\/ledenonciateur224.com\/index.php\/guinee-restructuration-ministerielle-majeure-cinq-portefeuilles-eclates-par-decret\/","title":{"rendered":"Guin\u00e9e : Restructuration minist\u00e9rielle majeure, cinq portefeuilles \u00e9clat\u00e9s par d\u00e9cret"},"content":{"rendered":"<p dir=\"ltr\">La Guin\u00e9e conna\u00eet un nouveau tournant dans son architecture gouvernementale. Le lundi 30 juin 2025, le pr\u00e9sident de la transition, le G\u00e9n\u00e9ral Mamadi Doumbouya, a sign\u00e9 un d\u00e9cret r\u00e9organisant en profondeur la structure de l\u2019ex\u00e9cutif, sur proposition du Premier ministre.<\/p>\n<p dir=\"ltr\">Ce remaniement, bien que qualifi\u00e9 de \u00ab l\u00e9ger \u00bb dans le fond, marque une \u00e9volution significative dans la forme. Cinq minist\u00e8res phares ont \u00e9t\u00e9 scind\u00e9s, cr\u00e9ant ainsi de nouveaux d\u00e9partements minist\u00e9riels sp\u00e9cialis\u00e9s. Objectif affich\u00e9 : renforcer l\u2019efficacit\u00e9 administrative en recentrant les missions de chaque entit\u00e9.<\/p>\n<p dir=\"ltr\"><b>Voici les principales modifications act\u00e9es :<\/b><\/p>\n<p dir=\"ltr\">Le <b>Minist\u00e8re de l\u2019Agriculture et de l\u2019\u00c9levage<\/b> est d\u00e9sormais scind\u00e9 en deux entit\u00e9s distinctes :<br \/>\n\u2192 <b>Minist\u00e8re de l\u2019Agriculture<\/b><br \/>\n\u2192 <b>Minist\u00e8re de l\u2019\u00c9levage<\/b><\/p>\n<p dir=\"ltr\">Le <b>Minist\u00e8re de l\u2019\u00c9nergie, de l\u2019Hydraulique et des Hydrocarbures<\/b> laisse place \u00e0 deux d\u00e9partements :<br \/>\n\u2192 <b>Minist\u00e8re de l\u2019\u00c9nergie<\/b><br \/>\n\u2192 <b>Minist\u00e8re de l\u2019Hydraulique et des Hydrocarbures<\/b><\/p>\n<p dir=\"ltr\">Le <b>Minist\u00e8re du Commerce, de l\u2019Industrie et des PME<\/b> est divis\u00e9 en :<br \/>\n\u2192 <b>Minist\u00e8re du Commerce<\/b><br \/>\n\u2192 <b>Minist\u00e8re des Petites et Moyennes Entreprises<\/b><\/p>\n<p dir=\"ltr\">Le <b>Minist\u00e8re de la Jeunesse et des Sports<\/b> est restructur\u00e9 en :<br \/>\n\u2192 <b>Minist\u00e8re de la Jeunesse<\/b><br \/>\n\u2192 <b>Minist\u00e8re des Sports<\/b><\/p>\n<p dir=\"ltr\">Enfin, le <b>Minist\u00e8re de la Culture, du Tourisme et de l\u2019Artisanat<\/b> donne naissance \u00e0 :<br \/>\n\u2192 <b>Minist\u00e8re de la Culture et de l\u2019Artisanat<\/b><br \/>\n\u2192 <b>Minist\u00e8re du Tourisme et de l\u2019H\u00f4tellerie<\/b><\/p>\n<p dir=\"ltr\">\nL\u2019article 2 du d\u00e9cret pr\u00e9cise que les ministres en poste continueront de g\u00e9rer, \u00e0 titre transitoire, les d\u00e9partements concern\u00e9s jusqu\u2019\u00e0 la nomination de nouveaux titulaires.<\/p>\n<p dir=\"ltr\">Cette refonte structurelle ouvre la voie \u00e0 une r\u00e9partition plus cibl\u00e9e des missions \u00e9tatiques, dans un contexte o\u00f9 la performance et la sp\u00e9cialisation sont \u00e9rig\u00e9es en priorit\u00e9s.<\/p>\n<p dir=\"ltr\">\n<p dir=\"ltr\">Ledenonciateur224.com<\/p>\n","protected":false},"excerpt":{"rendered":"<p>La Guin\u00e9e conna\u00eet un nouveau tournant dans son architecture gouvernementale. Le lundi 30 juin 2025, le pr\u00e9sident de la transition, le G\u00e9n\u00e9ral Mamadi Doumbouya, a sign\u00e9 un d\u00e9cret r\u00e9organisant en profondeur la structure de l\u2019ex\u00e9cutif, sur proposition du Premier ministre. Ce remaniement, bien que qualifi\u00e9 de \u00ab l\u00e9ger \u00bb dans le fond, marque une \u00e9volution [&hellip;]<\/p>\n","protected":false},"author":2,"featured_media":2420,"comment_status":"open","ping_status":"open","sticky":false,"template":"","format":"standard","meta":{"_jetpack_memberships_contains_paid_content":false,"footnotes":"","jetpack_publicize_message":"","jetpack_publicize_feature_enabled":true,"jetpack_social_post_already_shared":true,"jetpack_social_options":{"image_generator_settings":{"template":"highway","default_image_id":0,"font":"","enabled":false},"version":2}},"categories":[24,27],"tags":[579,930],"class_list":{"0":"post-3718","1":"post","2":"type-post","3":"status-publish","4":"format-standard","5":"has-post-thumbnail","7":"category-news","8":"category-politique","9":"tag-decrets-du-chef-de-letat","10":"tag-departements"},"jetpack_publicize_connections":[],"jetpack_featured_media_url":"https:\/\/ledenonciateur224.com\/wp-content\/uploads\/2025\/04\/mamadi-doumbouya-gnok-768x512-1.jpg","jetpack_sharing_enabled":true,"_links":{"self":[{"href":"https:\/\/ledenonciateur224.com\/index.php\/wp-json\/wp\/v2\/posts\/3718","targetHints":{"allow":["GET"]}}],"collection":[{"href":"https:\/\/ledenonciateur224.com\/index.php\/wp-json\/wp\/v2\/posts"}],"about":[{"href":"https:\/\/ledenonciateur224.com\/index.php\/wp-json\/wp\/v2\/types\/post"}],"author":[{"embeddable":true,"href":"https:\/\/ledenonciateur224.com\/index.php\/wp-json\/wp\/v2\/users\/2"}],"replies":[{"embeddable":true,"href":"https:\/\/ledenonciateur224.com\/index.php\/wp-json\/wp\/v2\/comments?post=3718"}],"version-history":[{"count":0,"href":"https:\/\/ledenonciateur224.com\/index.php\/wp-json\/wp\/v2\/posts\/3718\/revisions"}],"wp:featuredmedia":[{"embeddable":true,"href":"https:\/\/ledenonciateur224.com\/index.php\/wp-json\/wp\/v2\/media\/2420"}],"wp:attachment":[{"href":"https:\/\/ledenonciateur224.com\/index.php\/wp-json\/wp\/v2\/media?parent=3718"}],"wp:term":[{"taxonomy":"category","embeddable":true,"href":"https:\/\/ledenonciateur224.com\/index.php\/wp-json\/wp\/v2\/categories?post=3718"},{"taxonomy":"post_tag","embeddable":true,"href":"https:\/\/ledenonciateur224.com\/index.php\/wp-json\/wp\/v2\/tags?post=3718"}],"curies":[{"name":"wp","href":"https:\/\/api.w.org\/{rel}","templated":true}]}}