{"id":3732,"date":"2025-07-02T09:37:30","date_gmt":"2025-07-02T09:37:30","guid":{"rendered":"https:\/\/ledenonciateur224.com\/?p=3732"},"modified":"2025-07-02T09:37:30","modified_gmt":"2025-07-02T09:37:30","slug":"cour-speciale-de-justice-un-nouveau-levier-pour-responsabiliser-les-plus-hauts-dirigeants-guineens","status":"publish","type":"post","link":"https:\/\/ledenonciateur224.com\/index.php\/cour-speciale-de-justice-un-nouveau-levier-pour-responsabiliser-les-plus-hauts-dirigeants-guineens\/","title":{"rendered":"Cour Sp\u00e9ciale de Justice : un nouveau levier pour responsabiliser les plus hauts dirigeants guin\u00e9ens"},"content":{"rendered":"<p>La future Constitution guin\u00e9enne entend instaurer un m\u00e9canisme in\u00e9dit de reddition de comptes au sommet de l\u2019\u00c9tat. Au c\u0153ur du projet d\u00e9voil\u00e9 le 30 juin 2025 : la cr\u00e9ation d\u2019une <strong>Cour Sp\u00e9ciale de Justice de la R\u00e9publique<\/strong>, charg\u00e9e de juger le pr\u00e9sident, le Premier ministre et les membres du gouvernement pour des actes graves commis dans l\u2019exercice de leurs fonctions. Haute trahison, violation des droits humains, mauvaise gestion des ressources nationales\u2026 le texte d\u00e9finit rigoureusement les fautes susceptibles de conduire \u00e0 une mise en accusation. Une avanc\u00e9e majeure pour l&rsquo;\u00c9tat de droit, qui pourrait bouleverser les \u00e9quilibres politiques et renforcer la culture de responsabilit\u00e9 au sein des institutions.<\/p>\n<h3><\/h3>\n<p>Le projet de nouvelle Constitution publi\u00e9 le lundi 30 juin 2025 marque un tournant juridique majeur pour la Guin\u00e9e. Parmi les propositions phares, figure la cr\u00e9ation d\u2019une <strong>Cour Sp\u00e9ciale de Justice de la R\u00e9publique<\/strong>, con\u00e7ue pour juger les plus hauts responsables de l\u2019\u00c9tat \u2014 pr\u00e9sident, Premier ministre, membres du gouvernement \u2014 pour des crimes ou d\u00e9lits commis dans l\u2019exercice de leurs fonctions.<\/p>\n<p><strong>Une comp\u00e9tence clairement d\u00e9finie<\/strong><\/p>\n<p>L\u2019<strong>article 162<\/strong> de ce texte fondamental pose les fondements de cette juridiction d\u2019exception :<em>\u00ab La loi fondamentale pr\u00e9voit la mise en place d\u2019une Cour Sp\u00e9ciale de Justice de la R\u00e9publique, comp\u00e9tente pour juger le pr\u00e9sident de la R\u00e9publique, en cas de haute trahison ; de crime ou d\u00e9lit commis dans l\u2019exercice ou \u00e0 l\u2019occasion de l\u2019exercice de ses fonctions. \u00bb<\/em><\/p>\n<p>Cette comp\u00e9tence s\u2019\u00e9tend \u00e9galement au chef du gouvernement et \u00e0 ses ministres :<em>\u00ab La Cour Sp\u00e9ciale de Justice de la R\u00e9publique est \u00e9galement comp\u00e9tente pour juger le Premier ministre et les autres membres du gouvernement pour des crimes ou d\u00e9lits commis dans l\u2019exercice ou \u00e0 l\u2019occasion de l\u2019exercice de leurs fonctions. \u00bb<\/em><\/p>\n<p><strong>Une d\u00e9finition sans \u00e9quivoque de la haute trahison<\/strong><\/p>\n<p>L\u2019article suivant va plus loin en donnant une <strong>d\u00e9finition d\u00e9taill\u00e9e de la haute trahison<\/strong>, afin d\u2019\u00e9viter toute interpr\u00e9tation abusive ou politis\u00e9e :<\/p>\n<ul>\n<li>Violation du serment pr\u00e9sidentiel ;<\/li>\n<li>Participation directe ou indirecte \u00e0 des violations graves des droits de l\u2019homme ;<\/li>\n<li>Apologie du terrorisme, de la haine, de l\u2019ethnocentrisme ou du r\u00e9gionalisme ;<\/li>\n<li>Atteinte \u00e0 l\u2019environnement ou aux principes fondamentaux de l\u2019\u00c9tat ;<\/li>\n<li>Compromission des int\u00e9r\u00eats nationaux, notamment dans la gestion des ressources naturelles.<\/li>\n<\/ul>\n<p><strong>Une proc\u00e9dure stricte et encadr\u00e9e<\/strong><\/p>\n<p>La mise en accusation d\u2019un pr\u00e9sident ou d\u2019un membre du gouvernement ne pourra pas \u00eatre initi\u00e9e \u00e0 la l\u00e9g\u00e8re. Le texte pr\u00e9voit une proc\u00e9dure pr\u00e9cise :<em>\u00ab En cas de haute trahison, la mise en accusation est initi\u00e9e par un dixi\u00e8me (1\/10) au moins des d\u00e9put\u00e9s issus de groupes parlementaires diff\u00e9rents. Toutefois, elle ne peut intervenir qu\u2019\u00e0 la suite d\u2019un vote du parlement r\u00e9uni en Conseil de la Nation \u00e0 la majorit\u00e9 des deux tiers (2\/3) des membres, au scrutin secret. \u00bb<\/em><\/p>\n<p><strong>Des cons\u00e9quences imm\u00e9diates en cas de condamnation<\/strong><\/p>\n<p>La condamnation du pr\u00e9sident pour haute trahison entra\u00eene <strong>la d\u00e9ch\u00e9ance imm\u00e9diate de ses fonctions<\/strong>. En cas d\u2019acquittement, il retrouve son poste. Le texte insiste sur la priorit\u00e9 donn\u00e9e \u00e0 cette proc\u00e9dure :<em>\u00ab L\u2019instruction et le jugement ont lieu toutes affaires cessantes. \u00bb<\/em><\/p>\n<p>&nbsp;<\/p>\n<p>Ledenonciateur224.com<\/p>\n","protected":false},"excerpt":{"rendered":"<p>La future Constitution guin\u00e9enne entend instaurer un m\u00e9canisme in\u00e9dit de reddition de comptes au sommet de l\u2019\u00c9tat. Au c\u0153ur du projet d\u00e9voil\u00e9 le 30 juin 2025 : la cr\u00e9ation d\u2019une Cour Sp\u00e9ciale de Justice de la R\u00e9publique, charg\u00e9e de juger le pr\u00e9sident, le Premier ministre et les membres du gouvernement pour des actes graves commis [&hellip;]<\/p>\n","protected":false},"author":2,"featured_media":3733,"comment_status":"open","ping_status":"open","sticky":false,"template":"","format":"standard","meta":{"_jetpack_memberships_contains_paid_content":false,"footnotes":"","jetpack_publicize_message":"","jetpack_publicize_feature_enabled":true,"jetpack_social_post_already_shared":true,"jetpack_social_options":{"image_generator_settings":{"template":"highway","default_image_id":0,"font":"","enabled":false},"version":2}},"categories":[24,27],"tags":[626],"class_list":{"0":"post-3732","1":"post","2":"type-post","3":"status-publish","4":"format-standard","5":"has-post-thumbnail","7":"category-news","8":"category-politique","9":"tag-nouvelle-constitution"},"jetpack_publicize_connections":[],"jetpack_featured_media_url":"https:\/\/ledenonciateur224.com\/wp-content\/uploads\/2025\/07\/calb2778sekhoutoureya-jpg-631f94b6ace33257385949.jpeg","jetpack_sharing_enabled":true,"_links":{"self":[{"href":"https:\/\/ledenonciateur224.com\/index.php\/wp-json\/wp\/v2\/posts\/3732","targetHints":{"allow":["GET"]}}],"collection":[{"href":"https:\/\/ledenonciateur224.com\/index.php\/wp-json\/wp\/v2\/posts"}],"about":[{"href":"https:\/\/ledenonciateur224.com\/index.php\/wp-json\/wp\/v2\/types\/post"}],"author":[{"embeddable":true,"href":"https:\/\/ledenonciateur224.com\/index.php\/wp-json\/wp\/v2\/users\/2"}],"replies":[{"embeddable":true,"href":"https:\/\/ledenonciateur224.com\/index.php\/wp-json\/wp\/v2\/comments?post=3732"}],"version-history":[{"count":0,"href":"https:\/\/ledenonciateur224.com\/index.php\/wp-json\/wp\/v2\/posts\/3732\/revisions"}],"wp:featuredmedia":[{"embeddable":true,"href":"https:\/\/ledenonciateur224.com\/index.php\/wp-json\/wp\/v2\/media\/3733"}],"wp:attachment":[{"href":"https:\/\/ledenonciateur224.com\/index.php\/wp-json\/wp\/v2\/media?parent=3732"}],"wp:term":[{"taxonomy":"category","embeddable":true,"href":"https:\/\/ledenonciateur224.com\/index.php\/wp-json\/wp\/v2\/categories?post=3732"},{"taxonomy":"post_tag","embeddable":true,"href":"https:\/\/ledenonciateur224.com\/index.php\/wp-json\/wp\/v2\/tags?post=3732"}],"curies":[{"name":"wp","href":"https:\/\/api.w.org\/{rel}","templated":true}]}}