{"id":3738,"date":"2025-07-03T10:54:31","date_gmt":"2025-07-03T10:54:31","guid":{"rendered":"https:\/\/ledenonciateur224.com\/?p=3738"},"modified":"2025-07-03T10:58:05","modified_gmt":"2025-07-03T10:58:05","slug":"recensement-electoral-morissanda-kouyate-repond-a-cellou-dalein-diallo-et-clarifie-les-regles-pour-la-diaspora","status":"publish","type":"post","link":"https:\/\/ledenonciateur224.com\/index.php\/recensement-electoral-morissanda-kouyate-repond-a-cellou-dalein-diallo-et-clarifie-les-regles-pour-la-diaspora\/","title":{"rendered":"Recensement \u00e9lectoral : Morissanda Kouyat\u00e9 r\u00e9pond \u00e0 Cellou Dalein Diallo et clarifie les r\u00e8gles pour la diaspora"},"content":{"rendered":"<div align=\"left\">\n<p dir=\"ltr\">Alors que la phase du recensement \u00e9lectoral est momentan\u00e9ment clause en Guin\u00e9e, la pol\u00e9mique enfle autour des conditions d&rsquo;enr\u00f4lement des Guin\u00e9ens de l\u2019\u00e9tranger. Sur les antennes de la RTG, le ministre des Affaires \u00e9trang\u00e8res, Dr. Morissanda Kouyat\u00e9, a tenu \u00e0 r\u00e9tablir les faits, apr\u00e8s la plainte publique de l\u2019opposant Cellou Dalein Diallo, pr\u00e9sident de l\u2019UFDG, qui affirme n\u2019avoir pas pu se faire enr\u00f4ler depuis Abidjan.<\/p>\n<p dir=\"ltr\">Le ministre a rappel\u00e9 que le processus d\u2019enr\u00f4lement est strictement encadr\u00e9 : <i>\u00ab Les Guin\u00e9ens de l\u2019ext\u00e9rieur doivent \u00eatre recens\u00e9s dans leurs circonscriptions diplomatiques et disposer d\u2019une carte consulaire d\u00e9livr\u00e9e par l\u2019ambassade ou le consulat comp\u00e9tent. \u00bb<\/i> Une condition jug\u00e9e indispensable pour garantir la fiabilit\u00e9 du fichier \u00e9lectoral.<\/p>\n<p dir=\"ltr\">\n<\/div>\n<p dir=\"ltr\">Ledenonciateur224.com<\/p>\n","protected":false},"excerpt":{"rendered":"<p>Alors que la phase du recensement \u00e9lectoral est momentan\u00e9ment clause en Guin\u00e9e, la pol\u00e9mique enfle autour des conditions d&rsquo;enr\u00f4lement des Guin\u00e9ens de l\u2019\u00e9tranger. Sur les antennes de la RTG, le ministre des Affaires \u00e9trang\u00e8res, Dr. Morissanda Kouyat\u00e9, a tenu \u00e0 r\u00e9tablir les faits, apr\u00e8s la plainte publique de l\u2019opposant Cellou Dalein Diallo, pr\u00e9sident de l\u2019UFDG, [&hellip;]<\/p>\n","protected":false},"author":2,"featured_media":3739,"comment_status":"open","ping_status":"open","sticky":false,"template":"","format":"standard","meta":{"_jetpack_memberships_contains_paid_content":false,"footnotes":"","jetpack_publicize_message":"","jetpack_publicize_feature_enabled":true,"jetpack_social_post_already_shared":true,"jetpack_social_options":{"image_generator_settings":{"template":"highway","default_image_id":0,"font":"","enabled":false},"version":2}},"categories":[24,27],"tags":[932,587],"class_list":{"0":"post-3738","1":"post","2":"type-post","3":"status-publish","4":"format-standard","5":"has-post-thumbnail","7":"category-news","8":"category-politique","9":"tag-abidjan","10":"tag-recensement-biometrique"},"jetpack_publicize_connections":[],"jetpack_featured_media_url":"https:\/\/ledenonciateur224.com\/wp-content\/uploads\/2025\/07\/fb-img-1751531341130.jpg","jetpack_sharing_enabled":true,"_links":{"self":[{"href":"https:\/\/ledenonciateur224.com\/index.php\/wp-json\/wp\/v2\/posts\/3738","targetHints":{"allow":["GET"]}}],"collection":[{"href":"https:\/\/ledenonciateur224.com\/index.php\/wp-json\/wp\/v2\/posts"}],"about":[{"href":"https:\/\/ledenonciateur224.com\/index.php\/wp-json\/wp\/v2\/types\/post"}],"author":[{"embeddable":true,"href":"https:\/\/ledenonciateur224.com\/index.php\/wp-json\/wp\/v2\/users\/2"}],"replies":[{"embeddable":true,"href":"https:\/\/ledenonciateur224.com\/index.php\/wp-json\/wp\/v2\/comments?post=3738"}],"version-history":[{"count":0,"href":"https:\/\/ledenonciateur224.com\/index.php\/wp-json\/wp\/v2\/posts\/3738\/revisions"}],"wp:featuredmedia":[{"embeddable":true,"href":"https:\/\/ledenonciateur224.com\/index.php\/wp-json\/wp\/v2\/media\/3739"}],"wp:attachment":[{"href":"https:\/\/ledenonciateur224.com\/index.php\/wp-json\/wp\/v2\/media?parent=3738"}],"wp:term":[{"taxonomy":"category","embeddable":true,"href":"https:\/\/ledenonciateur224.com\/index.php\/wp-json\/wp\/v2\/categories?post=3738"},{"taxonomy":"post_tag","embeddable":true,"href":"https:\/\/ledenonciateur224.com\/index.php\/wp-json\/wp\/v2\/tags?post=3738"}],"curies":[{"name":"wp","href":"https:\/\/api.w.org\/{rel}","templated":true}]}}