{"id":3750,"date":"2025-07-04T20:55:22","date_gmt":"2025-07-04T20:55:22","guid":{"rendered":"https:\/\/ledenonciateur224.com\/?p=3750"},"modified":"2025-07-04T20:55:22","modified_gmt":"2025-07-04T20:55:22","slug":"bras-de-fer-institutionnel-lufdg-suspend-son-congres-et-saisit-la-cour-supreme","status":"publish","type":"post","link":"https:\/\/ledenonciateur224.com\/index.php\/bras-de-fer-institutionnel-lufdg-suspend-son-congres-et-saisit-la-cour-supreme\/","title":{"rendered":"Bras de fer institutionnel : l\u2019UFDG suspend son congr\u00e8s et saisit la Cour supr\u00eame"},"content":{"rendered":"<p>Dans un climat politique d\u00e9j\u00e0 tendu, l\u2019Union des Forces D\u00e9mocratiques de Guin\u00e9e (UFDG) a annonc\u00e9 ce vendredi 4 juillet 2025, par voie de communiqu\u00e9, qu\u2019elle saisissait la Cour supr\u00eame. L\u2019objectif : contester des d\u00e9cisions jug\u00e9es ill\u00e9gales du minist\u00e8re de l\u2019Administration du Territoire, lesquelles remettent en cause une d\u00e9cision judiciaire ant\u00e9rieure. Face \u00e0 cette situation in\u00e9dite, le parti a d\u00e9cid\u00e9 de suspendre son congr\u00e8s national extraordinaire initialement pr\u00e9vu pour le 6 juillet. En attendant l\u2019issue juridique de cette affaire, la Direction nationale appelle ses militants \u00e0 rester vigilants, unis et mobilis\u00e9s pour d\u00e9fendre les droits du parti et pr\u00e9server les acquis d\u00e9mocratiques ch\u00e8rement obtenus.<\/p>\n<p><img loading=\"lazy\" decoding=\"async\" class=\"alignnone size-full wp-image-3751\" src=\"https:\/\/ledenonciateur224.com\/wp-content\/uploads\/2025\/07\/com-ufdg.jpg\" alt=\"\" width=\"1161\" height=\"1646\" srcset=\"https:\/\/ledenonciateur224.com\/wp-content\/uploads\/2025\/07\/com-ufdg.jpg 1161w, https:\/\/ledenonciateur224.com\/wp-content\/uploads\/2025\/07\/com-ufdg-212x300.jpg 212w, https:\/\/ledenonciateur224.com\/wp-content\/uploads\/2025\/07\/com-ufdg-722x1024.jpg 722w, https:\/\/ledenonciateur224.com\/wp-content\/uploads\/2025\/07\/com-ufdg-768x1089.jpg 768w, https:\/\/ledenonciateur224.com\/wp-content\/uploads\/2025\/07\/com-ufdg-1083x1536.jpg 1083w, https:\/\/ledenonciateur224.com\/wp-content\/uploads\/2025\/07\/com-ufdg-150x213.jpg 150w, https:\/\/ledenonciateur224.com\/wp-content\/uploads\/2025\/07\/com-ufdg-300x425.jpg 300w, https:\/\/ledenonciateur224.com\/wp-content\/uploads\/2025\/07\/com-ufdg-696x987.jpg 696w, https:\/\/ledenonciateur224.com\/wp-content\/uploads\/2025\/07\/com-ufdg-1068x1514.jpg 1068w, https:\/\/ledenonciateur224.com\/wp-content\/uploads\/2025\/07\/com-ufdg-296x420.jpg 296w\" sizes=\"auto, (max-width: 1161px) 100vw, 1161px\" \/><\/p>\n","protected":false},"excerpt":{"rendered":"<p>Dans un climat politique d\u00e9j\u00e0 tendu, l\u2019Union des Forces D\u00e9mocratiques de Guin\u00e9e (UFDG) a annonc\u00e9 ce vendredi 4 juillet 2025, par voie de communiqu\u00e9, qu\u2019elle saisissait la Cour supr\u00eame. L\u2019objectif : contester des d\u00e9cisions jug\u00e9es ill\u00e9gales du minist\u00e8re de l\u2019Administration du Territoire, lesquelles remettent en cause une d\u00e9cision judiciaire ant\u00e9rieure. Face \u00e0 cette situation in\u00e9dite, [&hellip;]<\/p>\n","protected":false},"author":2,"featured_media":3752,"comment_status":"open","ping_status":"open","sticky":false,"template":"","format":"standard","meta":{"_jetpack_memberships_contains_paid_content":false,"footnotes":"","jetpack_publicize_message":"","jetpack_publicize_feature_enabled":true,"jetpack_social_post_already_shared":true,"jetpack_social_options":{"image_generator_settings":{"template":"highway","default_image_id":0,"font":"","enabled":false},"version":2}},"categories":[24,27],"tags":[589,422],"class_list":{"0":"post-3750","1":"post","2":"type-post","3":"status-publish","4":"format-standard","5":"has-post-thumbnail","7":"category-news","8":"category-politique","9":"tag-cellou-dalein","10":"tag-affaire-lufdg"},"jetpack_publicize_connections":[],"jetpack_featured_media_url":"https:\/\/ledenonciateur224.com\/wp-content\/uploads\/2025\/07\/cellou-dalein.jpg","jetpack_sharing_enabled":true,"_links":{"self":[{"href":"https:\/\/ledenonciateur224.com\/index.php\/wp-json\/wp\/v2\/posts\/3750","targetHints":{"allow":["GET"]}}],"collection":[{"href":"https:\/\/ledenonciateur224.com\/index.php\/wp-json\/wp\/v2\/posts"}],"about":[{"href":"https:\/\/ledenonciateur224.com\/index.php\/wp-json\/wp\/v2\/types\/post"}],"author":[{"embeddable":true,"href":"https:\/\/ledenonciateur224.com\/index.php\/wp-json\/wp\/v2\/users\/2"}],"replies":[{"embeddable":true,"href":"https:\/\/ledenonciateur224.com\/index.php\/wp-json\/wp\/v2\/comments?post=3750"}],"version-history":[{"count":0,"href":"https:\/\/ledenonciateur224.com\/index.php\/wp-json\/wp\/v2\/posts\/3750\/revisions"}],"wp:featuredmedia":[{"embeddable":true,"href":"https:\/\/ledenonciateur224.com\/index.php\/wp-json\/wp\/v2\/media\/3752"}],"wp:attachment":[{"href":"https:\/\/ledenonciateur224.com\/index.php\/wp-json\/wp\/v2\/media?parent=3750"}],"wp:term":[{"taxonomy":"category","embeddable":true,"href":"https:\/\/ledenonciateur224.com\/index.php\/wp-json\/wp\/v2\/categories?post=3750"},{"taxonomy":"post_tag","embeddable":true,"href":"https:\/\/ledenonciateur224.com\/index.php\/wp-json\/wp\/v2\/tags?post=3750"}],"curies":[{"name":"wp","href":"https:\/\/api.w.org\/{rel}","templated":true}]}}