{"id":377,"date":"2024-12-07T10:58:22","date_gmt":"2024-12-07T10:58:22","guid":{"rendered":"https:\/\/ledenonciateur224.com\/?p=377"},"modified":"2024-12-07T10:58:22","modified_gmt":"2024-12-07T10:58:22","slug":"burkina-faso-le-premier-ministre-limoge-et-le-gouvernement-dissous-par-la-junte-militaire","status":"publish","type":"post","link":"https:\/\/ledenonciateur224.com\/index.php\/burkina-faso-le-premier-ministre-limoge-et-le-gouvernement-dissous-par-la-junte-militaire\/","title":{"rendered":"Burkina Faso : Le Premier ministre limog\u00e9 et le gouvernement dissous par la junte militaire"},"content":{"rendered":"<div dir=\"auto\">\n<div dir=\"auto\">Le capitaine Ibrahim Traor\u00e9, leader de la junte au pouvoir au Burkina Faso, a annonc\u00e9 vendredi 6 d\u00e9cembre 2024 la r\u00e9vocation de son Premier ministre, Apollinaire Joachim Ky\u00e9lem de Tamb\u00e8la, et la dissolution du gouvernement, marquant ainsi un tournant dans l\u2019instabilit\u00e9 politique du pays, d\u00e9j\u00e0 en proie \u00e0 de graves d\u00e9fis s\u00e9curitaires depuis plusieurs ann\u00e9es.<\/div>\n<div dir=\"auto\"><\/div>\n<\/div>\n<div dir=\"auto\"><\/div>\n<div dir=\"auto\">Apollinaire Ky\u00e9lem de Tamb\u00e8la, nomm\u00e9 Premier ministre en octobre 2022 apr\u00e8s le coup d&rsquo;\u00c9tat orchestr\u00e9 par Ibrahim Traor\u00e9, avait dirig\u00e9 trois gouvernements successifs, \u00e0 chaque fois reconduit \u00e0 son poste. Cependant, les raisons pr\u00e9cises de cette r\u00e9vocation n&rsquo;ont pas \u00e9t\u00e9 fournies dans le d\u00e9cret, alimentant ainsi les sp\u00e9culations sur les causes de cette d\u00e9cision. Il est possible que cette action soit li\u00e9e aux tensions internes au sein de la junte et \u00e0 la gestion de la crise s\u00e9curitaire qui secoue le pays.<\/div>\n<div dir=\"auto\"><\/div>\n<div dir=\"auto\">Le Burkina Faso traverse une p\u00e9riode de turbulences depuis d\u00e9but 2022, lorsqu&rsquo;un coup d&rsquo;\u00c9tat men\u00e9 par le lieutenant-colonel Paul-Henri Sandaogo Damiba avait \u00e9vinc\u00e9 le pr\u00e9sident Roch Marc Christian Kabor\u00e9. Huit mois plus tard, Damiba a \u00e0 son tour \u00e9t\u00e9 renvers\u00e9 par le capitaine Ibrahim Traor\u00e9, qui a pris les r\u00eanes du pays et a intensifi\u00e9 les actions contre les groupes arm\u00e9s djihadistes qui d\u00e9stabilisent la r\u00e9gion.<\/div>\n<div dir=\"auto\"><\/div>\n<div dir=\"auto\">Le pays, comme le Mali et le Niger, gouvern\u00e9s par des juntes militaires, a adopt\u00e9 une politique \u00e9trang\u00e8re de rupture avec la France et ses alli\u00e9s occidentaux. Ensemble, ces pays ont form\u00e9 l&rsquo;Alliance des \u00c9tats du Sahel (AES), visant \u00e0 renforcer leur coop\u00e9ration r\u00e9gionale et \u00e0 se distancer de l&rsquo;influence fran\u00e7aise, en particulier dans le cadre de la lutte contre le terrorisme.<\/div>\n<div dir=\"auto\"><\/div>\n<div dir=\"auto\">Le Burkina Faso, tout comme ses voisins, fait face \u00e0 une violence inou\u00efe due aux attaques djihadistes, qui ont co\u00fbt\u00e9 la vie \u00e0 plus de 26.000 personnes, civiles et militaires, depuis 2015. Plus de 13.500 de ces morts ont eu lieu depuis le coup d&rsquo;\u00c9tat de septembre 2022. En outre, pr\u00e8s de deux millions de personnes ont \u00e9t\u00e9 d\u00e9plac\u00e9es \u00e0 cause du conflit, cr\u00e9ant une crise humanitaire majeure.<\/div>\n<div dir=\"auto\"><\/div>\n<div dir=\"auto\">La dissolution du gouvernement et le renversement du Premier ministre marquent donc un tournant suppl\u00e9mentaire dans la gestion de cette crise complexe. Le pays se dirige-t-il vers un approfondissement de l&rsquo;instabilit\u00e9 politique, ou bien la junte parviendra-t-elle \u00e0 reprendre le contr\u00f4le et \u00e0 r\u00e9pondre aux d\u00e9fis s\u00e9curitaires et humanitaires auxquels il fait face ? Les mois \u00e0 venir s&rsquo;annoncent cruciaux pour l&rsquo;avenir du Burkina Faso.<\/div>\n<div dir=\"auto\"><\/div>\n<div dir=\"auto\"><\/div>\n<div dir=\"auto\">Alpha Soumah<\/div>\n<div dir=\"auto\"><\/div>\n","protected":false},"excerpt":{"rendered":"<p>Le capitaine Ibrahim Traor\u00e9, leader de la junte au pouvoir au Burkina Faso, a annonc\u00e9 vendredi 6 d\u00e9cembre 2024 la r\u00e9vocation de son Premier ministre, Apollinaire Joachim Ky\u00e9lem de Tamb\u00e8la, et la dissolution du gouvernement, marquant ainsi un tournant dans l\u2019instabilit\u00e9 politique du pays, d\u00e9j\u00e0 en proie \u00e0 de graves d\u00e9fis s\u00e9curitaires depuis plusieurs ann\u00e9es. [&hellip;]<\/p>\n","protected":false},"author":2,"featured_media":378,"comment_status":"open","ping_status":"open","sticky":false,"template":"","format":"standard","meta":{"_jetpack_memberships_contains_paid_content":false,"footnotes":"","jetpack_publicize_message":"","jetpack_publicize_feature_enabled":true,"jetpack_social_post_already_shared":false,"jetpack_social_options":{"image_generator_settings":{"template":"highway","default_image_id":0,"font":"","enabled":false},"version":2}},"categories":[38,24,27],"tags":[62,63],"class_list":{"0":"post-377","1":"post","2":"type-post","3":"status-publish","4":"format-standard","5":"has-post-thumbnail","7":"category-international","8":"category-news","9":"category-politique","10":"tag-burkina-faso","11":"tag-capitaine-ibrahim-traore"},"jetpack_publicize_connections":[],"jetpack_featured_media_url":"https:\/\/ledenonciateur224.com\/wp-content\/uploads\/2024\/12\/jad20231002-ass-burkina-traore-stresse.jpg","jetpack_sharing_enabled":true,"_links":{"self":[{"href":"https:\/\/ledenonciateur224.com\/index.php\/wp-json\/wp\/v2\/posts\/377","targetHints":{"allow":["GET"]}}],"collection":[{"href":"https:\/\/ledenonciateur224.com\/index.php\/wp-json\/wp\/v2\/posts"}],"about":[{"href":"https:\/\/ledenonciateur224.com\/index.php\/wp-json\/wp\/v2\/types\/post"}],"author":[{"embeddable":true,"href":"https:\/\/ledenonciateur224.com\/index.php\/wp-json\/wp\/v2\/users\/2"}],"replies":[{"embeddable":true,"href":"https:\/\/ledenonciateur224.com\/index.php\/wp-json\/wp\/v2\/comments?post=377"}],"version-history":[{"count":0,"href":"https:\/\/ledenonciateur224.com\/index.php\/wp-json\/wp\/v2\/posts\/377\/revisions"}],"wp:featuredmedia":[{"embeddable":true,"href":"https:\/\/ledenonciateur224.com\/index.php\/wp-json\/wp\/v2\/media\/378"}],"wp:attachment":[{"href":"https:\/\/ledenonciateur224.com\/index.php\/wp-json\/wp\/v2\/media?parent=377"}],"wp:term":[{"taxonomy":"category","embeddable":true,"href":"https:\/\/ledenonciateur224.com\/index.php\/wp-json\/wp\/v2\/categories?post=377"},{"taxonomy":"post_tag","embeddable":true,"href":"https:\/\/ledenonciateur224.com\/index.php\/wp-json\/wp\/v2\/tags?post=377"}],"curies":[{"name":"wp","href":"https:\/\/api.w.org\/{rel}","templated":true}]}}