{"id":3789,"date":"2025-07-07T14:32:41","date_gmt":"2025-07-07T14:32:41","guid":{"rendered":"https:\/\/ledenonciateur224.com\/?p=3789"},"modified":"2025-07-07T14:32:41","modified_gmt":"2025-07-07T14:32:41","slug":"greve-des-avocats-en-guinee-la-fronde-se-durcit-apres-larrestation-de-maitre-mohamed-traore","status":"publish","type":"post","link":"https:\/\/ledenonciateur224.com\/index.php\/greve-des-avocats-en-guinee-la-fronde-se-durcit-apres-larrestation-de-maitre-mohamed-traore\/","title":{"rendered":"Gr\u00e8ve des avocats en Guin\u00e9e : la fronde se durcit apr\u00e8s l\u2019arrestation de Ma\u00eetre Mohamed Traor\u00e9"},"content":{"rendered":"<p dir=\"ltr\">Depuis l\u2019interpellation controvers\u00e9e de Ma\u00eetre Mohamed Traor\u00e9, figure embl\u00e9matique du barreau guin\u00e9en, il y a un peu plus de deux semaines, les avocats du pays observent une gr\u00e8ve illimit\u00e9e qui paralyse le syst\u00e8me judiciaire sur toute l\u2019\u00e9tendue du territoire national. Ce lundi, r\u00e9unis en assembl\u00e9e g\u00e9n\u00e9rale \u00e0 la Cour d\u2019appel de Conakry, les membres du barreau ont r\u00e9affirm\u00e9 leur d\u00e9termination \u00e0 maintenir le bras de fer avec les autorit\u00e9s. \u00c0 la sortie de la r\u00e9union, leur porte-parole, Ma\u00eetre Moussa Diallo, a pris la parole pour annoncer la reconduction du mouvement.<\/p>\n<p dir=\"ltr\"><img loading=\"lazy\" decoding=\"async\" class=\"alignnone size-full wp-image-3791\" src=\"https:\/\/ledenonciateur224.com\/wp-content\/uploads\/2025\/07\/fb-img-1751895658356.jpg\" alt=\"\" width=\"1280\" height=\"720\" srcset=\"https:\/\/ledenonciateur224.com\/wp-content\/uploads\/2025\/07\/fb-img-1751895658356.jpg 1280w, https:\/\/ledenonciateur224.com\/wp-content\/uploads\/2025\/07\/fb-img-1751895658356-300x169.jpg 300w, https:\/\/ledenonciateur224.com\/wp-content\/uploads\/2025\/07\/fb-img-1751895658356-1024x576.jpg 1024w, https:\/\/ledenonciateur224.com\/wp-content\/uploads\/2025\/07\/fb-img-1751895658356-768x432.jpg 768w, https:\/\/ledenonciateur224.com\/wp-content\/uploads\/2025\/07\/fb-img-1751895658356-150x84.jpg 150w, https:\/\/ledenonciateur224.com\/wp-content\/uploads\/2025\/07\/fb-img-1751895658356-696x392.jpg 696w, https:\/\/ledenonciateur224.com\/wp-content\/uploads\/2025\/07\/fb-img-1751895658356-1068x601.jpg 1068w, https:\/\/ledenonciateur224.com\/wp-content\/uploads\/2025\/07\/fb-img-1751895658356-747x420.jpg 747w\" sizes=\"auto, (max-width: 1280px) 100vw, 1280px\" \/><\/p>\n<p dir=\"ltr\">\u00ab \u00c0 l\u2019occasion de cette assembl\u00e9e du 30 juin, un certain nombre de r\u00e9solutions avaient \u00e9t\u00e9 prises par l\u2019Assembl\u00e9e G\u00e9n\u00e9rale, parmi lesquelles figurait le boycott de toutes les audiences et la suspension de toutes nos activit\u00e9s, m\u00eame devant les officiers de police judiciaire, pour une p\u00e9riode de deux semaines. \u00c0 l\u2019issue de cette p\u00e9riode, une Assembl\u00e9e G\u00e9n\u00e9rale Extraordinaire devait se r\u00e9unir pour \u00e9valuer ce qui avait \u00e9t\u00e9 obtenu par l\u2019Ordre, en termes de r\u00e9sultats, concernant ses revendications.<br \/>\nDonc, ce lundi matin, cette Assembl\u00e9e G\u00e9n\u00e9rale Extraordinaire s\u2019est tenue et vient de prendre effet. \u00c0 l\u2019issue de cette r\u00e9union, il a \u00e9t\u00e9 d\u00e9cid\u00e9 de prolonger la suspension de nos activit\u00e9s pour deux semaines suppl\u00e9mentaires. Vous me permettrez de rappeler que, lors de l\u2019Assembl\u00e9e G\u00e9n\u00e9rale Extraordinaire du 30 juin, plusieurs r\u00e9solutions avaient \u00e9t\u00e9 adopt\u00e9es, notamment le boycott de toutes les juridictions, le d\u00e9p\u00f4t d\u2019une plainte en faveur de Ma\u00eetre Mohamed Traor\u00e9, la constitution de l\u2019Ordre comme partie civile, le retrait de tous les repr\u00e9sentants de l\u2019Ordre des instances de la transition, ainsi que le d\u00e9p\u00f4t d\u2019un m\u00e9morandum au Pr\u00e9sident de la R\u00e9publique, que nous souhaitons remettre en main propre. Apr\u00e8s le lancement du boycott, nous avons eu une rencontre. Vous vous souviendrez que, le jour m\u00eame, nous nous sommes rendus chez le ministre de la Justice et des Droits de l\u2019Homme, Garde des Sceaux, ainsi que chez le procureur g\u00e9n\u00e9ral pr\u00e8s la Cour d\u2019appel de Conakry, mais tous deux avaient refus\u00e9 de recevoir l\u2019Ordre des avocats de Guin\u00e9e.<br \/>\nQuelques jours plus tard, une d\u00e9l\u00e9gation du Conseil de l\u2019Ordre a \u00e9t\u00e9 re\u00e7ue par le Premier ministre, en pr\u00e9sence du ministre secr\u00e9taire g\u00e9n\u00e9ral de la Pr\u00e9sidence, le g\u00e9n\u00e9ral Amara Camara, du ministre de la Justice, du Premier pr\u00e9sident de la Cour supr\u00eame, du Premier pr\u00e9sident de la Cour d\u2019appel, du procureur g\u00e9n\u00e9ral pr\u00e8s la Cour d\u2019appel de Conakry, ainsi que d\u2019autres cadres de la Primature.<br \/>\nLa rencontre s\u2019est tenue \u00e0 la Primature et a donn\u00e9 lieu \u00e0 des \u00e9changes. Mais il faut dire qu\u2019aucun accord concret n\u2019a \u00e9t\u00e9 trouv<b>\u00e9<\/b>\u00a0sur nos principales revendications.\u00a0 Ce que je tiens \u00e0 faire comprendre \u00e0 tous, c\u2019est que la cause que nous d\u00e9fendons n\u2019est pas celle de Ma\u00eetre Traor\u00e9 en tant qu\u2019individu. Il s\u2019agit de la s\u00e9curit\u00e9 de l\u2019avocat dans l\u2019exercice de sa profession.<br \/>\nCe qui est arriv\u00e9 \u00e0 Ma\u00eetre Traor\u00e9 peut arriver \u00e0 n\u2019importe lequel d\u2019entre nous, et cela ne doit pas se reproduire.<br \/>\nIl ne faudrait donc pas que certains pensent que l\u2019Ordre m\u00e8ne un combat personnel pour Ma\u00eetre Traor\u00e9. Non, l\u2019Ordre m\u00e8ne un combat pour la protection de l\u2019exercice de la profession d\u2019avocat en R\u00e9publique de Guin\u00e9e. \u00bb<\/p>\n<p dir=\"ltr\">\n<p dir=\"ltr\">A Moussa Camara<\/p>\n","protected":false},"excerpt":{"rendered":"<p>Depuis l\u2019interpellation controvers\u00e9e de Ma\u00eetre Mohamed Traor\u00e9, figure embl\u00e9matique du barreau guin\u00e9en, il y a un peu plus de deux semaines, les avocats du pays observent une gr\u00e8ve illimit\u00e9e qui paralyse le syst\u00e8me judiciaire sur toute l\u2019\u00e9tendue du territoire national. Ce lundi, r\u00e9unis en assembl\u00e9e g\u00e9n\u00e9rale \u00e0 la Cour d\u2019appel de Conakry, les membres du [&hellip;]<\/p>\n","protected":false},"author":2,"featured_media":3790,"comment_status":"open","ping_status":"open","sticky":false,"template":"","format":"standard","meta":{"_jetpack_memberships_contains_paid_content":false,"footnotes":"","jetpack_publicize_message":"","jetpack_publicize_feature_enabled":true,"jetpack_social_post_already_shared":true,"jetpack_social_options":{"image_generator_settings":{"template":"highway","default_image_id":0,"font":"","enabled":false},"version":2}},"categories":[30,24],"tags":[896,942],"class_list":{"0":"post-3789","1":"post","2":"type-post","3":"status-publish","4":"format-standard","5":"has-post-thumbnail","7":"category-faits-divers","8":"category-news","9":"tag-barreau-guineen","10":"tag-les-avocats"},"jetpack_publicize_connections":[],"jetpack_featured_media_url":"https:\/\/ledenonciateur224.com\/wp-content\/uploads\/2025\/07\/fb-img-1751895637083.jpg","jetpack_sharing_enabled":true,"_links":{"self":[{"href":"https:\/\/ledenonciateur224.com\/index.php\/wp-json\/wp\/v2\/posts\/3789","targetHints":{"allow":["GET"]}}],"collection":[{"href":"https:\/\/ledenonciateur224.com\/index.php\/wp-json\/wp\/v2\/posts"}],"about":[{"href":"https:\/\/ledenonciateur224.com\/index.php\/wp-json\/wp\/v2\/types\/post"}],"author":[{"embeddable":true,"href":"https:\/\/ledenonciateur224.com\/index.php\/wp-json\/wp\/v2\/users\/2"}],"replies":[{"embeddable":true,"href":"https:\/\/ledenonciateur224.com\/index.php\/wp-json\/wp\/v2\/comments?post=3789"}],"version-history":[{"count":0,"href":"https:\/\/ledenonciateur224.com\/index.php\/wp-json\/wp\/v2\/posts\/3789\/revisions"}],"wp:featuredmedia":[{"embeddable":true,"href":"https:\/\/ledenonciateur224.com\/index.php\/wp-json\/wp\/v2\/media\/3790"}],"wp:attachment":[{"href":"https:\/\/ledenonciateur224.com\/index.php\/wp-json\/wp\/v2\/media?parent=3789"}],"wp:term":[{"taxonomy":"category","embeddable":true,"href":"https:\/\/ledenonciateur224.com\/index.php\/wp-json\/wp\/v2\/categories?post=3789"},{"taxonomy":"post_tag","embeddable":true,"href":"https:\/\/ledenonciateur224.com\/index.php\/wp-json\/wp\/v2\/tags?post=3789"}],"curies":[{"name":"wp","href":"https:\/\/api.w.org\/{rel}","templated":true}]}}