{"id":3796,"date":"2025-07-07T16:41:42","date_gmt":"2025-07-07T16:41:42","guid":{"rendered":"https:\/\/ledenonciateur224.com\/?p=3796"},"modified":"2025-07-07T21:51:10","modified_gmt":"2025-07-07T21:51:10","slug":"conakry-accueille-un-forum-strategique-sur-la-justice-economique-la-guinee-et-la-france-unissent-leurs-forces-pour-mieux-gerer-les-avoirs-saisis","status":"publish","type":"post","link":"https:\/\/ledenonciateur224.com\/index.php\/conakry-accueille-un-forum-strategique-sur-la-justice-economique-la-guinee-et-la-france-unissent-leurs-forces-pour-mieux-gerer-les-avoirs-saisis\/","title":{"rendered":"Conakry accueille un forum strat\u00e9gique sur la justice \u00e9conomique : la Guin\u00e9e et la France unissent leurs forces pour mieux g\u00e9rer les avoirs saisis"},"content":{"rendered":"<p dir=\"ltr\">Un \u00e9v\u00e9nement d&rsquo;envergure s\u2019est ouvert ce lundi 7 juillet 2025 \u00e0 Conakry, marquant une \u00e9tape d\u00e9cisive dans la lutte contre la criminalit\u00e9 \u00e9conomique et la consolidation de l&rsquo;\u00c9tat de droit en Guin\u00e9e. Ce forum international sur la gestion des avoirs saisis et confisqu\u00e9s, qui se tient jusqu\u2019au 8 juillet, r\u00e9unit des acteurs cl\u00e9s du syst\u00e8me judiciaire national et international.<\/p>\n<p dir=\"ltr\">Organis\u00e9e par le Minist\u00e8re de la Justice et des Droits de l\u2019Homme, \u00e0 travers l\u2019Agence de Gestion et de Recouvrement des Avoirs Saisis et Confisqu\u00e9s (AGRASC-Guin\u00e9e), en partenariat avec son homologue fran\u00e7aise (AGRASC-France), cette rencontre vise \u00e0 harmoniser les pratiques en mati\u00e8re de gestion des biens issus des infractions p\u00e9nales.<\/p>\n<p dir=\"ltr\">Un engagement institutionnel fort<\/p>\n<p dir=\"ltr\">C\u2019est le Premier ministre, Chef du Gouvernement, Bah Oury, qui a donn\u00e9 le ton en proc\u00e9dant \u00e0 l\u2019ouverture des travaux, aux c\u00f4t\u00e9s du Ministre de la Justice, Garde des Sceaux, Yaya Kairaba Kaba, et d\u2019une d\u00e9l\u00e9gation de haut niveau de l\u2019AGRASC-France.<\/p>\n<p dir=\"ltr\"><img loading=\"lazy\" decoding=\"async\" class=\"alignnone size-full wp-image-3807\" src=\"https:\/\/ledenonciateur224.com\/wp-content\/uploads\/2025\/07\/fb-img-1751922372271.jpg\" alt=\"\" width=\"1308\" height=\"1440\" srcset=\"https:\/\/ledenonciateur224.com\/wp-content\/uploads\/2025\/07\/fb-img-1751922372271.jpg 1308w, https:\/\/ledenonciateur224.com\/wp-content\/uploads\/2025\/07\/fb-img-1751922372271-273x300.jpg 273w, https:\/\/ledenonciateur224.com\/wp-content\/uploads\/2025\/07\/fb-img-1751922372271-930x1024.jpg 930w, https:\/\/ledenonciateur224.com\/wp-content\/uploads\/2025\/07\/fb-img-1751922372271-768x846.jpg 768w, https:\/\/ledenonciateur224.com\/wp-content\/uploads\/2025\/07\/fb-img-1751922372271-150x165.jpg 150w, https:\/\/ledenonciateur224.com\/wp-content\/uploads\/2025\/07\/fb-img-1751922372271-300x330.jpg 300w, https:\/\/ledenonciateur224.com\/wp-content\/uploads\/2025\/07\/fb-img-1751922372271-696x766.jpg 696w, https:\/\/ledenonciateur224.com\/wp-content\/uploads\/2025\/07\/fb-img-1751922372271-1068x1176.jpg 1068w, https:\/\/ledenonciateur224.com\/wp-content\/uploads\/2025\/07\/fb-img-1751922372271-382x420.jpg 382w\" sizes=\"auto, (max-width: 1308px) 100vw, 1308px\" \/><\/p>\n<p dir=\"ltr\">\n<p dir=\"ltr\">Dans son discours inaugural, Bah Oury a r\u00e9affirm\u00e9 l\u2019engagement de l\u2019\u00c9tat guin\u00e9en pour une gouvernance plus efficace et une justice proactive :\u00ab Vous aurez tout le soutien n\u00e9cessaire pour vous accompagner. C\u2019est pourquoi j\u2019ai demand\u00e9 \u00e0 la directrice g\u00e9n\u00e9rale du patrimoine b\u00e2ti public d\u2019\u00eatre pr\u00e9sente aujourd\u2019hui. Il est essentiel que les structures de gestion publique collaborent efficacement avec les juridictions pour assurer une bonne gouvernance. L\u2019objectif est d\u2019\u00e9viter que les institutions \u00e9voluent en silo, sans coordination.<br \/>\nLes crimes d\u2019aujourd\u2019hui ne sont plus ceux d\u2019hier. Il faut sans cesse se remettre en question, se former, anticiper. Ce forum est donc un moment crucial d\u2019\u00e9changes, pour permettre \u00e0 notre justice de mieux remplir sa mission dans un contexte mondial complexe. \u00bb<\/p>\n<p dir=\"ltr\">Prenant la parole \u00e0 son tour, Alpha Seny Camara, Directeur g\u00e9n\u00e9ral de l\u2019AGRASC-Guin\u00e9e, a mis en lumi\u00e8re les d\u00e9fis li\u00e9s \u00e0 la gestion transnationale des avoirs saisis :<\/p>\n<p dir=\"ltr\"><img loading=\"lazy\" decoding=\"async\" class=\"alignnone size-full wp-image-3797\" src=\"https:\/\/ledenonciateur224.com\/wp-content\/uploads\/2025\/07\/img-20250707-wa0054.jpg\" alt=\"\" width=\"1280\" height=\"576\" srcset=\"https:\/\/ledenonciateur224.com\/wp-content\/uploads\/2025\/07\/img-20250707-wa0054.jpg 1280w, https:\/\/ledenonciateur224.com\/wp-content\/uploads\/2025\/07\/img-20250707-wa0054-300x135.jpg 300w, https:\/\/ledenonciateur224.com\/wp-content\/uploads\/2025\/07\/img-20250707-wa0054-1024x461.jpg 1024w, https:\/\/ledenonciateur224.com\/wp-content\/uploads\/2025\/07\/img-20250707-wa0054-768x346.jpg 768w, https:\/\/ledenonciateur224.com\/wp-content\/uploads\/2025\/07\/img-20250707-wa0054-150x68.jpg 150w, https:\/\/ledenonciateur224.com\/wp-content\/uploads\/2025\/07\/img-20250707-wa0054-696x313.jpg 696w, https:\/\/ledenonciateur224.com\/wp-content\/uploads\/2025\/07\/img-20250707-wa0054-1068x481.jpg 1068w, https:\/\/ledenonciateur224.com\/wp-content\/uploads\/2025\/07\/img-20250707-wa0054-933x420.jpg 933w\" sizes=\"auto, (max-width: 1280px) 100vw, 1280px\" \/><\/p>\n<p dir=\"ltr\">\u00ab Le motif de ce forum, c\u2019est d\u2019\u00e9changer entre nous, c\u2019est-\u00e0-dire avec l\u2019AGRASC-France, afin que nous ayons la m\u00eame lecture de nos missions respectives. Je sais que tout est encadr\u00e9 par la loi, mais selon qu\u2019on soit au S\u00e9n\u00e9gal, au Mali ou en France, il y a des diff\u00e9rences d\u2019environnement, des petites difficult\u00e9s dans la gestion des avoirs saisis. Donc, nous nous rencontrons en tant que professionnels pour permettre d\u2019arrondir les angles. En France, c\u2019est plus facile d\u2019avoir un m\u00eame niveau d\u2019information pour tous. Ce que nous ne savons pas, on l\u2019apprend ensemble. Et ce qu\u2019ils ignorent, ils l\u2019apprennent aussi \u00e0 travers nos \u00e9changes. Ce protocole d\u2019\u00e9change nous permet d\u2019avoir une lecture commune de la gestion des missions, que ce soit en Guin\u00e9e, au S\u00e9n\u00e9gal ou en France. \u00bb<\/p>\n<p dir=\"ltr\">Il a \u00e9galement insist\u00e9 sur les retomb\u00e9es pratiques attendues de cette rencontre :\u00ab Il est important que, par exemple, si un procureur ou le pr\u00e9sident de Yomou n\u2019avait pas compris certaines dispositions du Code de proc\u00e9dure p\u00e9nale, cette rencontre lui permette d\u00e9sormais de s\u2019y conformer. La France a plus de 15 ans d\u2019exp\u00e9rience avec l\u2019AGRASC, alors que nous, nous n\u2019en sommes qu\u2019\u00e0 19 mois. Cela nous permet donc d\u2019apprendre \u00e0 travers leur exp\u00e9rience. Nous avons des approches similaires du droit, puisque notre l\u00e9gislation s\u2019inspire du Code fran\u00e7ais. Ce n\u2019est pas une mauvaise chose. Il faut aller \u00e0 la source, et reconna\u00eetre aussi que de leur c\u00f4t\u00e9, ils ont des lacunes sur certains aspects de nos pratiques. \u00bb<\/p>\n<p dir=\"ltr\"><img loading=\"lazy\" decoding=\"async\" class=\"alignnone size-full wp-image-3798\" src=\"https:\/\/ledenonciateur224.com\/wp-content\/uploads\/2025\/07\/20250707-122722-scaled.jpg\" alt=\"\" width=\"2560\" height=\"1440\" srcset=\"https:\/\/ledenonciateur224.com\/wp-content\/uploads\/2025\/07\/20250707-122722-scaled.jpg 2560w, https:\/\/ledenonciateur224.com\/wp-content\/uploads\/2025\/07\/20250707-122722-300x169.jpg 300w, https:\/\/ledenonciateur224.com\/wp-content\/uploads\/2025\/07\/20250707-122722-1024x576.jpg 1024w, https:\/\/ledenonciateur224.com\/wp-content\/uploads\/2025\/07\/20250707-122722-768x432.jpg 768w, https:\/\/ledenonciateur224.com\/wp-content\/uploads\/2025\/07\/20250707-122722-1536x864.jpg 1536w, https:\/\/ledenonciateur224.com\/wp-content\/uploads\/2025\/07\/20250707-122722-2048x1152.jpg 2048w, https:\/\/ledenonciateur224.com\/wp-content\/uploads\/2025\/07\/20250707-122722-150x84.jpg 150w, https:\/\/ledenonciateur224.com\/wp-content\/uploads\/2025\/07\/20250707-122722-696x392.jpg 696w, https:\/\/ledenonciateur224.com\/wp-content\/uploads\/2025\/07\/20250707-122722-1068x601.jpg 1068w, https:\/\/ledenonciateur224.com\/wp-content\/uploads\/2025\/07\/20250707-122722-1920x1080.jpg 1920w, https:\/\/ledenonciateur224.com\/wp-content\/uploads\/2025\/07\/20250707-122722-747x420.jpg 747w\" sizes=\"auto, (max-width: 2560px) 100vw, 2560px\" \/><\/p>\n<p dir=\"ltr\">Et de conclure avec un espoir partag\u00e9 :\u00ab Apr\u00e8s ces deux jours, je crois que les magistrats, la police, la gendarmerie, ou m\u00eame certaines structures de l\u2019administration, qui n\u2019avaient pas bien compris les m\u00e9canismes de gestion des avoirs saisis, comprendront d\u00e9sormais beaucoup mieux. \u00bb<\/p>\n<p dir=\"ltr\"><img loading=\"lazy\" decoding=\"async\" class=\"alignnone size-full wp-image-3800\" src=\"https:\/\/ledenonciateur224.com\/wp-content\/uploads\/2025\/07\/img-20250707-wa0051.jpg\" alt=\"\" width=\"1280\" height=\"576\" srcset=\"https:\/\/ledenonciateur224.com\/wp-content\/uploads\/2025\/07\/img-20250707-wa0051.jpg 1280w, https:\/\/ledenonciateur224.com\/wp-content\/uploads\/2025\/07\/img-20250707-wa0051-300x135.jpg 300w, https:\/\/ledenonciateur224.com\/wp-content\/uploads\/2025\/07\/img-20250707-wa0051-1024x461.jpg 1024w, https:\/\/ledenonciateur224.com\/wp-content\/uploads\/2025\/07\/img-20250707-wa0051-768x346.jpg 768w, https:\/\/ledenonciateur224.com\/wp-content\/uploads\/2025\/07\/img-20250707-wa0051-150x68.jpg 150w, https:\/\/ledenonciateur224.com\/wp-content\/uploads\/2025\/07\/img-20250707-wa0051-696x313.jpg 696w, https:\/\/ledenonciateur224.com\/wp-content\/uploads\/2025\/07\/img-20250707-wa0051-1068x481.jpg 1068w, https:\/\/ledenonciateur224.com\/wp-content\/uploads\/2025\/07\/img-20250707-wa0051-933x420.jpg 933w\" sizes=\"auto, (max-width: 1280px) 100vw, 1280px\" \/><\/p>\n<p dir=\"ltr\">Le Ministre de la Justice, Yaya Kairaba Kaba, a salu\u00e9 une initiative strat\u00e9gique port\u00e9e par une volont\u00e9 pr\u00e9sidentielle affirm\u00e9e :\u00ab C\u2019est avec un grand int\u00e9r\u00eat que j\u2019ai encourag\u00e9 et facilit\u00e9 l\u2019organisation de ce forum de renforcement des capacit\u00e9s, organis\u00e9 par l\u2019AGRASC-Guin\u00e9e en partenariat avec l\u2019AGRASC-France.<br \/>\nJe voudrais saluer ici l\u2019ensemble des institutions partenaires et les autorit\u00e9s judiciaires et administratives pr\u00e9sentes. Votre mobilisation t\u00e9moigne de l\u2019importance accord\u00e9e \u00e0 la lutte contre la criminalit\u00e9 \u00e9conomique et \u00e0 la gestion rigoureuse des avoirs issus des infractions p\u00e9nales.<br \/>\nLa cr\u00e9ation de l\u2019AGRASC-Guin\u00e9e, gr\u00e2ce \u00e0 l\u2019initiative novatrice du Pr\u00e9sident de la R\u00e9publique, s\u2019inscrit dans notre engagement pour un \u00c9tat de droit plus fort, une justice cr\u00e9dible et une gouvernance financi\u00e8re plus rigoureuse. \u00bb<\/p>\n<p dir=\"ltr\">Il a poursuivi en soulignant les enjeux syst\u00e9miques de la criminalit\u00e9 \u00e9conomique :\u00ab Dans nos syst\u00e8mes judiciaires, les infractions \u00e9conomiques ont trop souvent caus\u00e9 des pr\u00e9judices irr\u00e9versibles. Lorsqu\u2019ils ne sont pas rapidement identifi\u00e9s et valoris\u00e9s, les biens mal acquis \u00e9chappent \u00e0 toute restitution.<br \/>\nLa mise en place de l\u2019AGRASC est donc une avanc\u00e9e majeure pour renforcer les poursuites et garantir l\u2019ex\u00e9cution des d\u00e9cisions judiciaires.<br \/>\nCe forum marque un tournant. Il permettra de mieux articuler les r\u00f4les entre magistrats, officiers de police judiciaire, r\u00e9gies financi\u00e8res et autres entit\u00e9s administratives. \u00bb<\/p>\n<p dir=\"ltr\"><img loading=\"lazy\" decoding=\"async\" class=\"alignnone size-full wp-image-3801\" src=\"https:\/\/ledenonciateur224.com\/wp-content\/uploads\/2025\/07\/img-20250707-wa0049.jpg\" alt=\"\" width=\"1280\" height=\"576\" srcset=\"https:\/\/ledenonciateur224.com\/wp-content\/uploads\/2025\/07\/img-20250707-wa0049.jpg 1280w, https:\/\/ledenonciateur224.com\/wp-content\/uploads\/2025\/07\/img-20250707-wa0049-300x135.jpg 300w, https:\/\/ledenonciateur224.com\/wp-content\/uploads\/2025\/07\/img-20250707-wa0049-1024x461.jpg 1024w, https:\/\/ledenonciateur224.com\/wp-content\/uploads\/2025\/07\/img-20250707-wa0049-768x346.jpg 768w, https:\/\/ledenonciateur224.com\/wp-content\/uploads\/2025\/07\/img-20250707-wa0049-150x68.jpg 150w, https:\/\/ledenonciateur224.com\/wp-content\/uploads\/2025\/07\/img-20250707-wa0049-696x313.jpg 696w, https:\/\/ledenonciateur224.com\/wp-content\/uploads\/2025\/07\/img-20250707-wa0049-1068x481.jpg 1068w, https:\/\/ledenonciateur224.com\/wp-content\/uploads\/2025\/07\/img-20250707-wa0049-933x420.jpg 933w\" sizes=\"auto, (max-width: 1280px) 100vw, 1280px\" \/><\/p>\n<p dir=\"ltr\">Et de conclure par un appel fort :\u00ab J\u2019invite l\u2019ensemble des magistrats ici pr\u00e9sents \u00e0 faire preuve de rigueur, de diligence et d\u2019exemplarit\u00e9 dans l\u2019application des dispositions relatives aux saisies et confiscations. L\u2019AGRASC-Guin\u00e9e est un outil au service de la justice. \u00c0 nous de l\u2019utiliser pleinement et intelligemment.<\/p>\n<p dir=\"ltr\">Pendant ces deux jours, des experts guin\u00e9ens et fran\u00e7ais, magistrats, enqu\u00eateurs, juristes, mais aussi gestionnaires du patrimoine public, vont explorer ensemble les voies d\u2019un partenariat plus fluide et performant. Objectif : professionnaliser davantage la gestion des avoirs saisis, favoriser la restitution des biens mal acquis, et renforcer les institutions judiciaires guin\u00e9ennes.<\/p>\n<p dir=\"ltr\">Ce forum pourrait ainsi marquer un tournant dans la coop\u00e9ration Sud-Nord en mati\u00e8re de justice \u00e9conomique. Une initiative qui, \u00e0 terme, pourrait servir de mod\u00e8le r\u00e9gional en Afrique de l\u2019Ouest.<\/p>\n<p dir=\"ltr\">AM C<\/p>\n","protected":false},"excerpt":{"rendered":"<p>Un \u00e9v\u00e9nement d&rsquo;envergure s\u2019est ouvert ce lundi 7 juillet 2025 \u00e0 Conakry, marquant une \u00e9tape d\u00e9cisive dans la lutte contre la criminalit\u00e9 \u00e9conomique et la consolidation de l&rsquo;\u00c9tat de droit en Guin\u00e9e. Ce forum international sur la gestion des avoirs saisis et confisqu\u00e9s, qui se tient jusqu\u2019au 8 juillet, r\u00e9unit des acteurs cl\u00e9s du syst\u00e8me [&hellip;]<\/p>\n","protected":false},"author":2,"featured_media":3802,"comment_status":"open","ping_status":"open","sticky":false,"template":"","format":"standard","meta":{"_jetpack_memberships_contains_paid_content":false,"footnotes":"","jetpack_publicize_message":"","jetpack_publicize_feature_enabled":true,"jetpack_social_post_already_shared":true,"jetpack_social_options":{"image_generator_settings":{"template":"highway","default_image_id":0,"font":"","enabled":false},"version":2}},"categories":[29,24],"tags":[943,944],"class_list":{"0":"post-3796","1":"post","2":"type-post","3":"status-publish","4":"format-standard","5":"has-post-thumbnail","7":"category-economie","8":"category-news","9":"tag-agrasc-guinee","10":"tag-forum-international"},"jetpack_publicize_connections":[],"jetpack_featured_media_url":"https:\/\/ledenonciateur224.com\/wp-content\/uploads\/2025\/07\/img-20250707-wa0045.jpg","jetpack_sharing_enabled":true,"_links":{"self":[{"href":"https:\/\/ledenonciateur224.com\/index.php\/wp-json\/wp\/v2\/posts\/3796","targetHints":{"allow":["GET"]}}],"collection":[{"href":"https:\/\/ledenonciateur224.com\/index.php\/wp-json\/wp\/v2\/posts"}],"about":[{"href":"https:\/\/ledenonciateur224.com\/index.php\/wp-json\/wp\/v2\/types\/post"}],"author":[{"embeddable":true,"href":"https:\/\/ledenonciateur224.com\/index.php\/wp-json\/wp\/v2\/users\/2"}],"replies":[{"embeddable":true,"href":"https:\/\/ledenonciateur224.com\/index.php\/wp-json\/wp\/v2\/comments?post=3796"}],"version-history":[{"count":0,"href":"https:\/\/ledenonciateur224.com\/index.php\/wp-json\/wp\/v2\/posts\/3796\/revisions"}],"wp:featuredmedia":[{"embeddable":true,"href":"https:\/\/ledenonciateur224.com\/index.php\/wp-json\/wp\/v2\/media\/3802"}],"wp:attachment":[{"href":"https:\/\/ledenonciateur224.com\/index.php\/wp-json\/wp\/v2\/media?parent=3796"}],"wp:term":[{"taxonomy":"category","embeddable":true,"href":"https:\/\/ledenonciateur224.com\/index.php\/wp-json\/wp\/v2\/categories?post=3796"},{"taxonomy":"post_tag","embeddable":true,"href":"https:\/\/ledenonciateur224.com\/index.php\/wp-json\/wp\/v2\/tags?post=3796"}],"curies":[{"name":"wp","href":"https:\/\/api.w.org\/{rel}","templated":true}]}}