{"id":380,"date":"2024-12-07T11:20:16","date_gmt":"2024-12-07T11:20:16","guid":{"rendered":"https:\/\/ledenonciateur224.com\/?p=380"},"modified":"2024-12-07T11:20:16","modified_gmt":"2024-12-07T11:20:16","slug":"au-lendemain-du-31-decembre-2024-cellou-dalein-declare-nous-allons-appeler-la-population-a-sortir-pour-exiger-le-depart-de-la-junte","status":"publish","type":"post","link":"https:\/\/ledenonciateur224.com\/index.php\/au-lendemain-du-31-decembre-2024-cellou-dalein-declare-nous-allons-appeler-la-population-a-sortir-pour-exiger-le-depart-de-la-junte\/","title":{"rendered":"Au lendemain du 31 d\u00e9cembre 2024, Cellou Dalein d\u00e9clare :\u00a0\u00bbNous allons appeler la population \u00e0 sortir pour exiger le d\u00e9part de la junte\u00a0\u00bb"},"content":{"rendered":"<p><span style=\"color: #222222;font-family: roboto\">\u00c0 l\u2019approche de l\u2019\u00e9ch\u00e9ance du 31 d\u00e9cembre 2024, date limite fix\u00e9e par l\u2019accord entre le CNRD et la CEDEAO pour la transition en Guin\u00e9e, Cellou Dalein Diallo, leader de l\u2019UFDG, a r\u00e9affirm\u00e9 sa position ferme dans un entretien \u00e0 RFI. Il insiste sur l&rsquo;importance pour la junte dirig\u00e9e par le G\u00e9n\u00e9ral Mamadi Doumbouya de tenir ses engagements et de rendre le pouvoir aux civils, avertissant que tout d\u00e9passement de ce d\u00e9lai minerait la l\u00e9gitimit\u00e9 du gouvernement militaire. Une \u00e9ch\u00e9ance d\u00e9cisive, selon lui, pour l\u2019avenir d\u00e9mocratique de la Guin\u00e9e.<\/span><\/p>\n<p><em>\u00ab <strong>Le peuple de Guin\u00e9e estime qu\u2019\u00e0 partir de cette date, il n\u2019y aura aucune l\u00e9gitimit\u00e9 entre guillemets de conserver le pouvoir, et les forces vives les prennent aux mots.<\/strong><strong>\u00a0Nous allons appeler la population \u00e0 sortir pour exiger le d\u00e9part de la junte, qui n\u2019a aucune l\u00e9gitimit\u00e9, qui s\u2019est empar\u00e9e du pouvoir par les armes, qui le conserve aujourd\u2019hui par les armes et par la corruption<\/strong> \u00bb,\u00a0<\/em>a-t-il martel\u00e9.<\/p>\n<p>Alpha Soumah<\/p>\n","protected":false},"excerpt":{"rendered":"<p>\u00c0 l\u2019approche de l\u2019\u00e9ch\u00e9ance du 31 d\u00e9cembre 2024, date limite fix\u00e9e par l\u2019accord entre le CNRD et la CEDEAO pour la transition en Guin\u00e9e, Cellou Dalein Diallo, leader de l\u2019UFDG, a r\u00e9affirm\u00e9 sa position ferme dans un entretien \u00e0 RFI. Il insiste sur l&rsquo;importance pour la junte dirig\u00e9e par le G\u00e9n\u00e9ral Mamadi Doumbouya de tenir [&hellip;]<\/p>\n","protected":false},"author":2,"featured_media":381,"comment_status":"open","ping_status":"open","sticky":false,"template":"","format":"standard","meta":{"_jetpack_memberships_contains_paid_content":false,"footnotes":"","jetpack_publicize_message":"","jetpack_publicize_feature_enabled":true,"jetpack_social_post_already_shared":false,"jetpack_social_options":{"image_generator_settings":{"template":"highway","default_image_id":0,"font":"","enabled":false},"version":2}},"categories":[24,27],"tags":[64,44,66,65],"class_list":{"0":"post-380","1":"post","2":"type-post","3":"status-publish","4":"format-standard","5":"has-post-thumbnail","7":"category-news","8":"category-politique","9":"tag-cellou-dalein-diallo","10":"tag-cnrd","11":"tag-transition","12":"tag-ufdg"},"jetpack_publicize_connections":[],"jetpack_featured_media_url":"https:\/\/ledenonciateur224.com\/wp-content\/uploads\/2024\/12\/20241206-090026.jpg","jetpack_sharing_enabled":true,"_links":{"self":[{"href":"https:\/\/ledenonciateur224.com\/index.php\/wp-json\/wp\/v2\/posts\/380","targetHints":{"allow":["GET"]}}],"collection":[{"href":"https:\/\/ledenonciateur224.com\/index.php\/wp-json\/wp\/v2\/posts"}],"about":[{"href":"https:\/\/ledenonciateur224.com\/index.php\/wp-json\/wp\/v2\/types\/post"}],"author":[{"embeddable":true,"href":"https:\/\/ledenonciateur224.com\/index.php\/wp-json\/wp\/v2\/users\/2"}],"replies":[{"embeddable":true,"href":"https:\/\/ledenonciateur224.com\/index.php\/wp-json\/wp\/v2\/comments?post=380"}],"version-history":[{"count":0,"href":"https:\/\/ledenonciateur224.com\/index.php\/wp-json\/wp\/v2\/posts\/380\/revisions"}],"wp:featuredmedia":[{"embeddable":true,"href":"https:\/\/ledenonciateur224.com\/index.php\/wp-json\/wp\/v2\/media\/381"}],"wp:attachment":[{"href":"https:\/\/ledenonciateur224.com\/index.php\/wp-json\/wp\/v2\/media?parent=380"}],"wp:term":[{"taxonomy":"category","embeddable":true,"href":"https:\/\/ledenonciateur224.com\/index.php\/wp-json\/wp\/v2\/categories?post=380"},{"taxonomy":"post_tag","embeddable":true,"href":"https:\/\/ledenonciateur224.com\/index.php\/wp-json\/wp\/v2\/tags?post=380"}],"curies":[{"name":"wp","href":"https:\/\/api.w.org\/{rel}","templated":true}]}}