{"id":3810,"date":"2025-07-08T00:20:06","date_gmt":"2025-07-08T00:20:06","guid":{"rendered":"https:\/\/ledenonciateur224.com\/?p=3810"},"modified":"2025-07-08T00:20:06","modified_gmt":"2025-07-08T00:20:06","slug":"kindia-le-prefet-en-visite-sur-le-chantier-de-larc-de-bienvenue-de-friguiagbe-symbole-dun-elan-citoyen","status":"publish","type":"post","link":"https:\/\/ledenonciateur224.com\/index.php\/kindia-le-prefet-en-visite-sur-le-chantier-de-larc-de-bienvenue-de-friguiagbe-symbole-dun-elan-citoyen\/","title":{"rendered":"Kindia : Le Pr\u00e9fet en visite sur le chantier de l\u2019Arc de Bienvenue de Friguiagb\u00e9, symbole d\u2019un \u00e9lan citoyen"},"content":{"rendered":"<p><strong>Kindia, 7 juillet 2025 \u2013<\/strong> Dans une d\u00e9marche de soutien aux initiatives communautaires et au d\u00e9veloppement local, le Pr\u00e9fet de Kindia, Monsieur Abdel Kader Mengue Camara, s\u2019est rendu ce lundi sur le site de construction de l\u2019Arc de Bienvenue \u00e0 Friguiagb\u00e9, \u00e0 une quinzaine de kilom\u00e8tres du centre-ville.<\/p>\n<p><img loading=\"lazy\" decoding=\"async\" class=\"alignnone size-full wp-image-3811\" src=\"https:\/\/ledenonciateur224.com\/wp-content\/uploads\/2025\/07\/img-20250707-wa0058.jpg\" alt=\"\" width=\"1280\" height=\"960\" srcset=\"https:\/\/ledenonciateur224.com\/wp-content\/uploads\/2025\/07\/img-20250707-wa0058.jpg 1280w, https:\/\/ledenonciateur224.com\/wp-content\/uploads\/2025\/07\/img-20250707-wa0058-300x225.jpg 300w, https:\/\/ledenonciateur224.com\/wp-content\/uploads\/2025\/07\/img-20250707-wa0058-1024x768.jpg 1024w, https:\/\/ledenonciateur224.com\/wp-content\/uploads\/2025\/07\/img-20250707-wa0058-768x576.jpg 768w, https:\/\/ledenonciateur224.com\/wp-content\/uploads\/2025\/07\/img-20250707-wa0058-150x113.jpg 150w, https:\/\/ledenonciateur224.com\/wp-content\/uploads\/2025\/07\/img-20250707-wa0058-696x522.jpg 696w, https:\/\/ledenonciateur224.com\/wp-content\/uploads\/2025\/07\/img-20250707-wa0058-1068x801.jpg 1068w, https:\/\/ledenonciateur224.com\/wp-content\/uploads\/2025\/07\/img-20250707-wa0058-560x420.jpg 560w, https:\/\/ledenonciateur224.com\/wp-content\/uploads\/2025\/07\/img-20250707-wa0058-80x60.jpg 80w, https:\/\/ledenonciateur224.com\/wp-content\/uploads\/2025\/07\/img-20250707-wa0058-265x198.jpg 265w\" sizes=\"auto, (max-width: 1280px) 100vw, 1280px\" \/><\/p>\n<p>Accompagn\u00e9 d\u2019une d\u00e9l\u00e9gation comprenant notamment Madame Dj\u00e8n\u00e8 Keita, pr\u00e9sidente de l\u2019association Kania Diy\u00e9 \u2013 ma\u00eetre d\u2019ouvrage du projet \u2013 ainsi que Madame Mama\u00efssata Camara, Directrice pr\u00e9fectorale de la Culture, du Tourisme et de l\u2019Artisanat, Monsieur le Pr\u00e9fet est venu \u00e9valuer l\u2019\u00e9tat d\u2019avancement de cet \u00e9difice en construction qui s\u2019appr\u00eate \u00e0 devenir un rep\u00e8re embl\u00e9matique \u00e0 l\u2019entr\u00e9e de la cit\u00e9 des agrumes.<\/p>\n<p><img loading=\"lazy\" decoding=\"async\" class=\"alignnone size-full wp-image-3812\" src=\"https:\/\/ledenonciateur224.com\/wp-content\/uploads\/2025\/07\/img-20250707-wa0063.jpg\" alt=\"\" width=\"1280\" height=\"960\" srcset=\"https:\/\/ledenonciateur224.com\/wp-content\/uploads\/2025\/07\/img-20250707-wa0063.jpg 1280w, https:\/\/ledenonciateur224.com\/wp-content\/uploads\/2025\/07\/img-20250707-wa0063-300x225.jpg 300w, https:\/\/ledenonciateur224.com\/wp-content\/uploads\/2025\/07\/img-20250707-wa0063-1024x768.jpg 1024w, https:\/\/ledenonciateur224.com\/wp-content\/uploads\/2025\/07\/img-20250707-wa0063-768x576.jpg 768w, https:\/\/ledenonciateur224.com\/wp-content\/uploads\/2025\/07\/img-20250707-wa0063-150x113.jpg 150w, https:\/\/ledenonciateur224.com\/wp-content\/uploads\/2025\/07\/img-20250707-wa0063-696x522.jpg 696w, https:\/\/ledenonciateur224.com\/wp-content\/uploads\/2025\/07\/img-20250707-wa0063-1068x801.jpg 1068w, https:\/\/ledenonciateur224.com\/wp-content\/uploads\/2025\/07\/img-20250707-wa0063-560x420.jpg 560w, https:\/\/ledenonciateur224.com\/wp-content\/uploads\/2025\/07\/img-20250707-wa0063-80x60.jpg 80w, https:\/\/ledenonciateur224.com\/wp-content\/uploads\/2025\/07\/img-20250707-wa0063-265x198.jpg 265w\" sizes=\"auto, (max-width: 1280px) 100vw, 1280px\" \/><\/p>\n<p>L\u2019Arc de Bienvenue, port\u00e9 par l\u2019association Kania Diy\u00e9, se veut un symbole fort de fiert\u00e9 locale. Il vise \u00e0 revaloriser l\u2019image de la ville, embellir son paysage urbain et encourager l\u2019essor touristique. Un projet qui illustre l\u2019engagement croissant de la soci\u00e9t\u00e9 civile dans la mise en \u0153uvre de solutions concr\u00e8tes pour le d\u00e9veloppement territorial.<\/p>\n<p><img loading=\"lazy\" decoding=\"async\" class=\"alignnone size-full wp-image-3813\" src=\"https:\/\/ledenonciateur224.com\/wp-content\/uploads\/2025\/07\/img-20250707-wa0059.jpg\" alt=\"\" width=\"1280\" height=\"960\" srcset=\"https:\/\/ledenonciateur224.com\/wp-content\/uploads\/2025\/07\/img-20250707-wa0059.jpg 1280w, https:\/\/ledenonciateur224.com\/wp-content\/uploads\/2025\/07\/img-20250707-wa0059-300x225.jpg 300w, https:\/\/ledenonciateur224.com\/wp-content\/uploads\/2025\/07\/img-20250707-wa0059-1024x768.jpg 1024w, https:\/\/ledenonciateur224.com\/wp-content\/uploads\/2025\/07\/img-20250707-wa0059-768x576.jpg 768w, https:\/\/ledenonciateur224.com\/wp-content\/uploads\/2025\/07\/img-20250707-wa0059-150x113.jpg 150w, https:\/\/ledenonciateur224.com\/wp-content\/uploads\/2025\/07\/img-20250707-wa0059-696x522.jpg 696w, https:\/\/ledenonciateur224.com\/wp-content\/uploads\/2025\/07\/img-20250707-wa0059-1068x801.jpg 1068w, https:\/\/ledenonciateur224.com\/wp-content\/uploads\/2025\/07\/img-20250707-wa0059-560x420.jpg 560w, https:\/\/ledenonciateur224.com\/wp-content\/uploads\/2025\/07\/img-20250707-wa0059-80x60.jpg 80w, https:\/\/ledenonciateur224.com\/wp-content\/uploads\/2025\/07\/img-20250707-wa0059-265x198.jpg 265w\" sizes=\"auto, (max-width: 1280px) 100vw, 1280px\" \/><\/p>\n<p>Face aux membres de l\u2019association, Monsieur le Pr\u00e9fet a salu\u00e9 \u00ab\u00a0une initiative exemplaire, \u00e0 la fois citoyenne, inclusive et structurante\u00a0\u00bb, r\u00e9affirmant le plein appui de l\u2019administration pr\u00e9fectorale \u00e0 toute action allant dans le sens de la promotion du patrimoine et de la mobilisation des jeunes autour de causes communes.<\/p>\n<p><img loading=\"lazy\" decoding=\"async\" class=\"alignnone size-full wp-image-3814\" src=\"https:\/\/ledenonciateur224.com\/wp-content\/uploads\/2025\/07\/img-20250707-wa0057.jpg\" alt=\"\" width=\"1280\" height=\"960\" srcset=\"https:\/\/ledenonciateur224.com\/wp-content\/uploads\/2025\/07\/img-20250707-wa0057.jpg 1280w, https:\/\/ledenonciateur224.com\/wp-content\/uploads\/2025\/07\/img-20250707-wa0057-300x225.jpg 300w, https:\/\/ledenonciateur224.com\/wp-content\/uploads\/2025\/07\/img-20250707-wa0057-1024x768.jpg 1024w, https:\/\/ledenonciateur224.com\/wp-content\/uploads\/2025\/07\/img-20250707-wa0057-768x576.jpg 768w, https:\/\/ledenonciateur224.com\/wp-content\/uploads\/2025\/07\/img-20250707-wa0057-150x113.jpg 150w, https:\/\/ledenonciateur224.com\/wp-content\/uploads\/2025\/07\/img-20250707-wa0057-696x522.jpg 696w, https:\/\/ledenonciateur224.com\/wp-content\/uploads\/2025\/07\/img-20250707-wa0057-1068x801.jpg 1068w, https:\/\/ledenonciateur224.com\/wp-content\/uploads\/2025\/07\/img-20250707-wa0057-560x420.jpg 560w, https:\/\/ledenonciateur224.com\/wp-content\/uploads\/2025\/07\/img-20250707-wa0057-80x60.jpg 80w, https:\/\/ledenonciateur224.com\/wp-content\/uploads\/2025\/07\/img-20250707-wa0057-265x198.jpg 265w\" sizes=\"auto, (max-width: 1280px) 100vw, 1280px\" \/><\/p>\n<p>R\u00e9\u00e9crits par Ledenonciateur224.com<\/p>\n","protected":false},"excerpt":{"rendered":"<p>Kindia, 7 juillet 2025 \u2013 Dans une d\u00e9marche de soutien aux initiatives communautaires et au d\u00e9veloppement local, le Pr\u00e9fet de Kindia, Monsieur Abdel Kader Mengue Camara, s\u2019est rendu ce lundi sur le site de construction de l\u2019Arc de Bienvenue \u00e0 Friguiagb\u00e9, \u00e0 une quinzaine de kilom\u00e8tres du centre-ville. Accompagn\u00e9 d\u2019une d\u00e9l\u00e9gation comprenant notamment Madame Dj\u00e8n\u00e8 [&hellip;]<\/p>\n","protected":false},"author":2,"featured_media":3814,"comment_status":"open","ping_status":"open","sticky":false,"template":"","format":"standard","meta":{"_jetpack_memberships_contains_paid_content":false,"footnotes":"","jetpack_publicize_message":"","jetpack_publicize_feature_enabled":true,"jetpack_social_post_already_shared":true,"jetpack_social_options":{"image_generator_settings":{"template":"highway","default_image_id":0,"font":"","enabled":false},"version":2}},"categories":[28,24],"tags":[947,946,948],"class_list":{"0":"post-3810","1":"post","2":"type-post","3":"status-publish","4":"format-standard","5":"has-post-thumbnail","7":"category-culture","8":"category-news","9":"tag-arc-de-bienvenue","10":"tag-tourisme","11":"tag-ville-de-kindia"},"jetpack_publicize_connections":[],"jetpack_featured_media_url":"https:\/\/ledenonciateur224.com\/wp-content\/uploads\/2025\/07\/img-20250707-wa0057.jpg","jetpack_sharing_enabled":true,"_links":{"self":[{"href":"https:\/\/ledenonciateur224.com\/index.php\/wp-json\/wp\/v2\/posts\/3810","targetHints":{"allow":["GET"]}}],"collection":[{"href":"https:\/\/ledenonciateur224.com\/index.php\/wp-json\/wp\/v2\/posts"}],"about":[{"href":"https:\/\/ledenonciateur224.com\/index.php\/wp-json\/wp\/v2\/types\/post"}],"author":[{"embeddable":true,"href":"https:\/\/ledenonciateur224.com\/index.php\/wp-json\/wp\/v2\/users\/2"}],"replies":[{"embeddable":true,"href":"https:\/\/ledenonciateur224.com\/index.php\/wp-json\/wp\/v2\/comments?post=3810"}],"version-history":[{"count":0,"href":"https:\/\/ledenonciateur224.com\/index.php\/wp-json\/wp\/v2\/posts\/3810\/revisions"}],"wp:featuredmedia":[{"embeddable":true,"href":"https:\/\/ledenonciateur224.com\/index.php\/wp-json\/wp\/v2\/media\/3814"}],"wp:attachment":[{"href":"https:\/\/ledenonciateur224.com\/index.php\/wp-json\/wp\/v2\/media?parent=3810"}],"wp:term":[{"taxonomy":"category","embeddable":true,"href":"https:\/\/ledenonciateur224.com\/index.php\/wp-json\/wp\/v2\/categories?post=3810"},{"taxonomy":"post_tag","embeddable":true,"href":"https:\/\/ledenonciateur224.com\/index.php\/wp-json\/wp\/v2\/tags?post=3810"}],"curies":[{"name":"wp","href":"https:\/\/api.w.org\/{rel}","templated":true}]}}