{"id":3828,"date":"2025-07-09T09:47:01","date_gmt":"2025-07-09T09:47:01","guid":{"rendered":"https:\/\/ledenonciateur224.com\/?p=3828"},"modified":"2025-07-09T09:47:01","modified_gmt":"2025-07-09T09:47:01","slug":"crise-dans-la-justice-guineenne-le-premier-ministre-tend-la-main-au-barreau-pour-eviter-limpasse","status":"publish","type":"post","link":"https:\/\/ledenonciateur224.com\/index.php\/crise-dans-la-justice-guineenne-le-premier-ministre-tend-la-main-au-barreau-pour-eviter-limpasse\/","title":{"rendered":"Crise dans la justice guin\u00e9enne : Le Premier ministre tend la main au Barreau pour \u00e9viter l\u2019impasse"},"content":{"rendered":"<p dir=\"ltr\">Alors que les Cours et Tribunaux demeurent paralys\u00e9s en Guin\u00e9e \u00e0 la suite du d\u00e9brayage massif des avocats, d\u00e9clench\u00e9 par l\u2019agression violente de l\u2019ancien b\u00e2tonnier Ma\u00eetre Mohamed Traor\u00e9 et un climat d\u2019ins\u00e9curit\u00e9 grandissant, le Gouvernement tente de reprendre la main pour d\u00e9samorcer la crise.<\/p>\n<p dir=\"ltr\"><img loading=\"lazy\" decoding=\"async\" class=\"alignnone size-full wp-image-3829\" src=\"https:\/\/ledenonciateur224.com\/wp-content\/uploads\/2025\/07\/bah-oury-barreau-768x455-1.jpg\" alt=\"\" width=\"768\" height=\"455\" srcset=\"https:\/\/ledenonciateur224.com\/wp-content\/uploads\/2025\/07\/bah-oury-barreau-768x455-1.jpg 768w, https:\/\/ledenonciateur224.com\/wp-content\/uploads\/2025\/07\/bah-oury-barreau-768x455-1-300x178.jpg 300w, https:\/\/ledenonciateur224.com\/wp-content\/uploads\/2025\/07\/bah-oury-barreau-768x455-1-150x89.jpg 150w, https:\/\/ledenonciateur224.com\/wp-content\/uploads\/2025\/07\/bah-oury-barreau-768x455-1-696x412.jpg 696w, https:\/\/ledenonciateur224.com\/wp-content\/uploads\/2025\/07\/bah-oury-barreau-768x455-1-709x420.jpg 709w\" sizes=\"auto, (max-width: 768px) 100vw, 768px\" \/><\/p>\n<p dir=\"ltr\">Ce mardi 8 juillet 2025, le Premier ministre Amadou Oury Bah a re\u00e7u en audience une importante d\u00e9l\u00e9gation du Barreau de Guin\u00e9e, dans le cadre d\u2019un dialogue d\u2019urgence initi\u00e9 par les autorit\u00e9s. La rencontre, qui s\u2019est tenue au Palais de la Colombe, a r\u00e9uni plusieurs acteurs cl\u00e9s du syst\u00e8me judiciaire, notamment le ministre de la Justice, le Premier pr\u00e9sident de la Cour supr\u00eame, celui de la Cour d\u2019appel de Conakry, ainsi que le procureur g\u00e9n\u00e9ral pr\u00e8s ladite cour. La d\u00e9l\u00e9gation des avocats, conduite par le Conseil de l\u2019Ordre et renforc\u00e9e par la pr\u00e9sence d\u2019anciens b\u00e2tonniers, est venue faire entendre ses profondes inqui\u00e9tudes.<\/p>\n<p dir=\"ltr\">Selon des informations obtenues par notre r\u00e9daction,le chef du Gouvernement a exprim\u00e9 un engagement clair \u00e0 \u00ab\u00a0garantir la s\u00e9curit\u00e9 des avocats\u00a0\u00bb et \u00e0 \u00ab\u00a0r\u00e9tablir un dialogue de confiance\u00a0\u00bb, dans l\u2019int\u00e9r\u00eat sup\u00e9rieur de la justice et de la nation. Les discussions ont \u00e9t\u00e9 qualifi\u00e9es de \u00ab franches et ouvertes \u00bb par les deux parties, portant principalement sur les conditions exig\u00e9es par le Barreau pour une \u00e9ventuelle reprise de ses activit\u00e9s.<\/p>\n<p dir=\"ltr\"><img loading=\"lazy\" decoding=\"async\" class=\"alignnone size-full wp-image-3830\" src=\"https:\/\/ledenonciateur224.com\/wp-content\/uploads\/2025\/07\/517599704-1062200166001875-7870489485864349338-n-768x518-1.jpg\" alt=\"\" width=\"768\" height=\"518\" srcset=\"https:\/\/ledenonciateur224.com\/wp-content\/uploads\/2025\/07\/517599704-1062200166001875-7870489485864349338-n-768x518-1.jpg 768w, https:\/\/ledenonciateur224.com\/wp-content\/uploads\/2025\/07\/517599704-1062200166001875-7870489485864349338-n-768x518-1-300x202.jpg 300w, https:\/\/ledenonciateur224.com\/wp-content\/uploads\/2025\/07\/517599704-1062200166001875-7870489485864349338-n-768x518-1-150x101.jpg 150w, https:\/\/ledenonciateur224.com\/wp-content\/uploads\/2025\/07\/517599704-1062200166001875-7870489485864349338-n-768x518-1-696x469.jpg 696w, https:\/\/ledenonciateur224.com\/wp-content\/uploads\/2025\/07\/517599704-1062200166001875-7870489485864349338-n-768x518-1-623x420.jpg 623w\" sizes=\"auto, (max-width: 768px) 100vw, 768px\" \/><\/p>\n<p dir=\"ltr\">Ma\u00eetre Faya Gabriel Kamano, porte-parole de la d\u00e9l\u00e9gation, a insist\u00e9 sur la <b>n\u00e9cessit\u00e9 imp\u00e9rative de s\u00e9curiser non seulement les avocats, mais aussi l\u2019ensemble des citoyens<\/b>, afin de restaurer la confiance dans les institutions judiciaires.<\/p>\n<p dir=\"ltr\">Les avocats ont en outre exprim\u00e9 le souhait d\u2019\u00eatre re\u00e7us directement par le Pr\u00e9sident de la R\u00e9publique, estimant que certaines r\u00e9alit\u00e9s du contexte actuel m\u00e9ritent son arbitrage personnel.<\/p>\n<p dir=\"ltr\">Face \u00e0 cette requ\u00eate, le Premier ministre a pris acte, tout en r\u00e9affirmant son attachement au respect des principes de l\u2019\u00c9tat de droit. Il a \u00e9galement soulign\u00e9 la <b>volont\u00e9 du Gouvernement de favoriser l\u2019apaisement<\/b> et d\u2019\u0153uvrer \u00e0 l\u2019\u00e9tablissement d\u2019un dialogue sinc\u00e8re et responsable avec les acteurs judiciaires.<\/p>\n<p dir=\"ltr\"><img loading=\"lazy\" decoding=\"async\" class=\"alignnone size-full wp-image-3831\" src=\"https:\/\/ledenonciateur224.com\/wp-content\/uploads\/2025\/07\/516611245-1062200212668537-4794012814793901975-n-768x480-1.jpg\" alt=\"\" width=\"768\" height=\"480\" srcset=\"https:\/\/ledenonciateur224.com\/wp-content\/uploads\/2025\/07\/516611245-1062200212668537-4794012814793901975-n-768x480-1.jpg 768w, https:\/\/ledenonciateur224.com\/wp-content\/uploads\/2025\/07\/516611245-1062200212668537-4794012814793901975-n-768x480-1-300x188.jpg 300w, https:\/\/ledenonciateur224.com\/wp-content\/uploads\/2025\/07\/516611245-1062200212668537-4794012814793901975-n-768x480-1-150x94.jpg 150w, https:\/\/ledenonciateur224.com\/wp-content\/uploads\/2025\/07\/516611245-1062200212668537-4794012814793901975-n-768x480-1-696x435.jpg 696w, https:\/\/ledenonciateur224.com\/wp-content\/uploads\/2025\/07\/516611245-1062200212668537-4794012814793901975-n-768x480-1-672x420.jpg 672w\" sizes=\"auto, (max-width: 768px) 100vw, 768px\" \/><\/p>\n<p dir=\"ltr\">Dans un climat d\u00e9j\u00e0 tendu, cette rencontre pourrait marquer un <b>premier pas vers la sortie de crise<\/b>, \u00e0 condition que les engagements soient suivis d\u2019effets concrets sur le terrain.<\/p>\n<p dir=\"ltr\">\n<p dir=\"ltr\">Ledenonciateur224.com<\/p>\n","protected":false},"excerpt":{"rendered":"<p>Alors que les Cours et Tribunaux demeurent paralys\u00e9s en Guin\u00e9e \u00e0 la suite du d\u00e9brayage massif des avocats, d\u00e9clench\u00e9 par l\u2019agression violente de l\u2019ancien b\u00e2tonnier Ma\u00eetre Mohamed Traor\u00e9 et un climat d\u2019ins\u00e9curit\u00e9 grandissant, le Gouvernement tente de reprendre la main pour d\u00e9samorcer la crise. Ce mardi 8 juillet 2025, le Premier ministre Amadou Oury Bah [&hellip;]<\/p>\n","protected":false},"author":2,"featured_media":3831,"comment_status":"open","ping_status":"open","sticky":false,"template":"","format":"standard","meta":{"_jetpack_memberships_contains_paid_content":false,"footnotes":"","jetpack_publicize_message":"","jetpack_publicize_feature_enabled":true,"jetpack_social_post_already_shared":true,"jetpack_social_options":{"image_generator_settings":{"template":"highway","default_image_id":0,"font":"","enabled":false},"version":2}},"categories":[30,24],"tags":[949,393],"class_list":{"0":"post-3828","1":"post","2":"type-post","3":"status-publish","4":"format-standard","5":"has-post-thumbnail","7":"category-faits-divers","8":"category-news","9":"tag-debrayage-des-avocats","10":"tag-barreau-de-guinee"},"jetpack_publicize_connections":[],"jetpack_featured_media_url":"https:\/\/ledenonciateur224.com\/wp-content\/uploads\/2025\/07\/516611245-1062200212668537-4794012814793901975-n-768x480-1.jpg","jetpack_sharing_enabled":true,"_links":{"self":[{"href":"https:\/\/ledenonciateur224.com\/index.php\/wp-json\/wp\/v2\/posts\/3828","targetHints":{"allow":["GET"]}}],"collection":[{"href":"https:\/\/ledenonciateur224.com\/index.php\/wp-json\/wp\/v2\/posts"}],"about":[{"href":"https:\/\/ledenonciateur224.com\/index.php\/wp-json\/wp\/v2\/types\/post"}],"author":[{"embeddable":true,"href":"https:\/\/ledenonciateur224.com\/index.php\/wp-json\/wp\/v2\/users\/2"}],"replies":[{"embeddable":true,"href":"https:\/\/ledenonciateur224.com\/index.php\/wp-json\/wp\/v2\/comments?post=3828"}],"version-history":[{"count":0,"href":"https:\/\/ledenonciateur224.com\/index.php\/wp-json\/wp\/v2\/posts\/3828\/revisions"}],"wp:featuredmedia":[{"embeddable":true,"href":"https:\/\/ledenonciateur224.com\/index.php\/wp-json\/wp\/v2\/media\/3831"}],"wp:attachment":[{"href":"https:\/\/ledenonciateur224.com\/index.php\/wp-json\/wp\/v2\/media?parent=3828"}],"wp:term":[{"taxonomy":"category","embeddable":true,"href":"https:\/\/ledenonciateur224.com\/index.php\/wp-json\/wp\/v2\/categories?post=3828"},{"taxonomy":"post_tag","embeddable":true,"href":"https:\/\/ledenonciateur224.com\/index.php\/wp-json\/wp\/v2\/tags?post=3828"}],"curies":[{"name":"wp","href":"https:\/\/api.w.org\/{rel}","templated":true}]}}