{"id":3834,"date":"2025-07-09T10:58:14","date_gmt":"2025-07-09T10:58:14","guid":{"rendered":"https:\/\/ledenonciateur224.com\/?p=3834"},"modified":"2025-07-09T10:58:14","modified_gmt":"2025-07-09T10:58:14","slug":"forum-national-agrasc-la-guinee-renforce-sa-riposte-contre-le-crime-organise","status":"publish","type":"post","link":"https:\/\/ledenonciateur224.com\/index.php\/forum-national-agrasc-la-guinee-renforce-sa-riposte-contre-le-crime-organise\/","title":{"rendered":"Forum National AGRASC : La Guin\u00e9e renforce sa riposte contre le crime organis\u00e9"},"content":{"rendered":"<p>Apr\u00e8s deux jours d\u2019\u00e9changes riches et constructifs \u00e0 Conakry, le Forum national de l\u2019Agence de gestion et de recouvrement des avoirs saisis et confisqu\u00e9s (AGRASC) a officiellement pris fin ce mardi 8 juillet 2025. Organis\u00e9 en partenariat avec l\u2019AGRASC-France, cet \u00e9v\u00e9nement de haut niveau avait pour objectif de renforcer les capacit\u00e9s nationales en mati\u00e8re de gestion des avoirs issus d\u2019activit\u00e9s criminelles, un levier strat\u00e9gique dans la lutte contre le crime organis\u00e9.<\/p>\n<p>La c\u00e9r\u00e9monie de cl\u00f4ture, pr\u00e9sid\u00e9e par le chef de cabinet du Minist\u00e8re de la Justice et des Droits de l\u2019Homme, a \u00e9t\u00e9 marqu\u00e9e par une s\u00e9rie d\u2019interventions fortes, soulignant l\u2019importance de la coop\u00e9ration internationale dans ce domaine sensible.<\/p>\n<p><img loading=\"lazy\" decoding=\"async\" class=\"alignnone size-full wp-image-3835\" src=\"https:\/\/ledenonciateur224.com\/wp-content\/uploads\/2025\/07\/img-20250709-wa0000.jpg\" alt=\"\" width=\"614\" height=\"991\" srcset=\"https:\/\/ledenonciateur224.com\/wp-content\/uploads\/2025\/07\/img-20250709-wa0000.jpg 614w, https:\/\/ledenonciateur224.com\/wp-content\/uploads\/2025\/07\/img-20250709-wa0000-186x300.jpg 186w, https:\/\/ledenonciateur224.com\/wp-content\/uploads\/2025\/07\/img-20250709-wa0000-150x242.jpg 150w, https:\/\/ledenonciateur224.com\/wp-content\/uploads\/2025\/07\/img-20250709-wa0000-300x484.jpg 300w, https:\/\/ledenonciateur224.com\/wp-content\/uploads\/2025\/07\/img-20250709-wa0000-260x420.jpg 260w\" sizes=\"auto, (max-width: 614px) 100vw, 614px\" \/><\/p>\n<p>Sylva Marchelli, sous-directrice g\u00e9n\u00e9rale de l\u2019AGRASC-France, a tenu \u00e0 exprimer toute sa reconnaissance pour l&rsquo;accueil guin\u00e9en et la qualit\u00e9 des \u00e9changes :\u00ab Au nom de l&rsquo;AGRASC-France, au nom de madame la directrice g\u00e9n\u00e9rale de l&rsquo;AGRASC-France, Vanessa Perret, je tenais \u00e0 vous remercier chaleureusement de votre accueil ilimitable au sein de la Guin\u00e9e, au sein de votre enceinte judiciaire, pour y avoir pass\u00e9 deux jours tr\u00e8s, tr\u00e8s enrichissants&#8230; \u00bb<\/p>\n<p>Elle a mis en lumi\u00e8re la richesse des discussions, la compl\u00e9mentarit\u00e9 des exp\u00e9riences, et surtout l\u2019enjeu commun de frapper les d\u00e9linquants au portefeuille :\u00ab &#8230;nous sommes tous ici r\u00e9unis depuis deux jours pour \u00e9voquer l&rsquo;atteinte qu&rsquo;on peut porter aux d\u00e9linquants en touchant \u00e0 leur portefeuille au-del\u00e0 des peines d&#8217;emprisonnement et des peines d&rsquo;amende, et je finirai sur la devise de l\u2019AGRASC-France, qui deviendra peut-\u00eatre la devise de l\u2019AGRASC-Guin\u00e9e : le \u00ab\u00a0crime ne doit pas payer\u00a0\u00bb. \u00bb<\/p>\n<p>Une agence guin\u00e9enne en pleine mont\u00e9e en puissance<\/p>\n<p>De son c\u00f4t\u00e9, Alpha Seny Camara, directeur g\u00e9n\u00e9ral de l\u2019AGRASC Guin\u00e9e, a exprim\u00e9 son enthousiasme et sa volont\u00e9 d\u2019apprendre, dans un esprit de collaboration :\u00ab Je tiens \u00e0 remercier chacun de vous pour votre contribution \u00e0 la r\u00e9ussite de ce forum. [&#8230;] En tant que magistrat, j\u2019ai acquis une certaine exp\u00e9rience, mais en tant que directeur g\u00e9n\u00e9ral de cette jeune agence, c\u2019est une nouvelle \u00e9cole que je fr\u00e9quente. Et j\u2019ai besoin de vous tous comme enseignants et accompagnateurs. \u00bb<\/p>\n<p>Ce forum a en effet permis \u00e0 l\u2019agence guin\u00e9enne de capitaliser sur l\u2019exp\u00e9rience de sa cons\u0153ur fran\u00e7aise, forte de 15 ans d\u2019existence, et d\u2019envisager des pistes concr\u00e8tes pour adapter les bonnes pratiques \u00e0 la r\u00e9alit\u00e9 locale.<\/p>\n<p>Prenant la parole au nom du Garde des Sceaux, Billy 1 Keita, chef de cabinet du Minist\u00e8re de la Justice, a salu\u00e9 la pertinence des th\u00e8mes abord\u00e9s et encourag\u00e9 une collaboration plus \u00e9troite entre les juridictions et l\u2019AGRASC :\u00ab Les th\u00e8mes d\u00e9velopp\u00e9s ici permettront aux magistrats de mieux collaborer avec l\u2019agence, d\u2019utiliser efficacement les outils disponibles et de renforcer les liens avec les juridictions. [&#8230;] Nous invitons l\u2019agence \u00e0 tirer pleinement profit de cette exp\u00e9rience et \u00e0 travailler en harmonie avec les chefs de juridictions et du parquet, qui sont dispos\u00e9s \u00e0 coop\u00e9rer. \u00bb<\/p>\n<p>En misant sur la coop\u00e9ration, la transparence et le renforcement des comp\u00e9tences techniques, ce forum marque une \u00e9tape d\u00e9cisive pour l\u2019AGRASC Guin\u00e9e. La convergence entre savoir-faire local et expertise internationale ouvre la voie \u00e0 une meilleure tra\u00e7abilit\u00e9 des avoirs criminels et \u00e0 une gestion plus rigoureuse des biens saisis ou confisqu\u00e9s.<\/p>\n<p>La Guin\u00e9e envoie ainsi un message fort : la lutte contre la criminalit\u00e9 \u00e9conomique et le blanchiment d\u2019argent ne se limite plus aux peines d\u2019emprisonnement, mais s\u2019attaque d\u00e9sormais au nerf de la guerre \u2013 l\u2019argent.<\/p>\n<p>Et d\u00e9sormais, une chose est claire : le crime ne doit plus jamais payer.<\/p>\n<p>N&rsquo;sira Sylla<\/p>\n","protected":false},"excerpt":{"rendered":"<p>Apr\u00e8s deux jours d\u2019\u00e9changes riches et constructifs \u00e0 Conakry, le Forum national de l\u2019Agence de gestion et de recouvrement des avoirs saisis et confisqu\u00e9s (AGRASC) a officiellement pris fin ce mardi 8 juillet 2025. Organis\u00e9 en partenariat avec l\u2019AGRASC-France, cet \u00e9v\u00e9nement de haut niveau avait pour objectif de renforcer les capacit\u00e9s nationales en mati\u00e8re de [&hellip;]<\/p>\n","protected":false},"author":2,"featured_media":3836,"comment_status":"open","ping_status":"open","sticky":false,"template":"","format":"standard","meta":{"_jetpack_memberships_contains_paid_content":false,"footnotes":"","jetpack_publicize_message":"","jetpack_publicize_feature_enabled":true,"jetpack_social_post_already_shared":true,"jetpack_social_options":{"image_generator_settings":{"template":"highway","default_image_id":0,"font":"","enabled":false},"version":2}},"categories":[29,24],"tags":[951,950],"class_list":{"0":"post-3834","1":"post","2":"type-post","3":"status-publish","4":"format-standard","5":"has-post-thumbnail","7":"category-economie","8":"category-news","9":"tag-france","10":"tag-lagrasc-guinee"},"jetpack_publicize_connections":[],"jetpack_featured_media_url":"https:\/\/ledenonciateur224.com\/wp-content\/uploads\/2025\/07\/img-20250709-wa0001.jpg","jetpack_sharing_enabled":true,"_links":{"self":[{"href":"https:\/\/ledenonciateur224.com\/index.php\/wp-json\/wp\/v2\/posts\/3834","targetHints":{"allow":["GET"]}}],"collection":[{"href":"https:\/\/ledenonciateur224.com\/index.php\/wp-json\/wp\/v2\/posts"}],"about":[{"href":"https:\/\/ledenonciateur224.com\/index.php\/wp-json\/wp\/v2\/types\/post"}],"author":[{"embeddable":true,"href":"https:\/\/ledenonciateur224.com\/index.php\/wp-json\/wp\/v2\/users\/2"}],"replies":[{"embeddable":true,"href":"https:\/\/ledenonciateur224.com\/index.php\/wp-json\/wp\/v2\/comments?post=3834"}],"version-history":[{"count":0,"href":"https:\/\/ledenonciateur224.com\/index.php\/wp-json\/wp\/v2\/posts\/3834\/revisions"}],"wp:featuredmedia":[{"embeddable":true,"href":"https:\/\/ledenonciateur224.com\/index.php\/wp-json\/wp\/v2\/media\/3836"}],"wp:attachment":[{"href":"https:\/\/ledenonciateur224.com\/index.php\/wp-json\/wp\/v2\/media?parent=3834"}],"wp:term":[{"taxonomy":"category","embeddable":true,"href":"https:\/\/ledenonciateur224.com\/index.php\/wp-json\/wp\/v2\/categories?post=3834"},{"taxonomy":"post_tag","embeddable":true,"href":"https:\/\/ledenonciateur224.com\/index.php\/wp-json\/wp\/v2\/tags?post=3834"}],"curies":[{"name":"wp","href":"https:\/\/api.w.org\/{rel}","templated":true}]}}