{"id":3850,"date":"2025-07-10T09:33:20","date_gmt":"2025-07-10T09:33:20","guid":{"rendered":"https:\/\/ledenonciateur224.com\/?p=3850"},"modified":"2025-07-10T09:33:20","modified_gmt":"2025-07-10T09:33:20","slug":"transports-en-guinee-un-nouveau-decret-restructure-en-profondeur-le-ministere","status":"publish","type":"post","link":"https:\/\/ledenonciateur224.com\/index.php\/transports-en-guinee-un-nouveau-decret-restructure-en-profondeur-le-ministere\/","title":{"rendered":"Transports en Guin\u00e9e : Un nouveau d\u00e9cret restructure en profondeur le minist\u00e8re"},"content":{"rendered":"<p>Un important tournant vient d\u2019\u00eatre pris dans la gouvernance des transports en Guin\u00e9e. Le 9 juillet 2025, un <strong>nouveau d\u00e9cret pr\u00e9sidentiel<\/strong> a \u00e9t\u00e9 lu sur les ondes de la RTG, modifiant en profondeur le cadre r\u00e9glementaire du minist\u00e8re des Transports. Sign\u00e9 par le Pr\u00e9sident de la Transition, <strong>le G\u00e9n\u00e9ral Mamadi Doumbouya<\/strong>, ce texte r\u00e9vise celui du 11 d\u00e9cembre 2022, en red\u00e9finissant avec pr\u00e9cision les <strong>missions, attributions et l\u2019organisation<\/strong> de ce minist\u00e8re strat\u00e9gique.<\/p>\n<h3>Un champ d\u2019action \u00e9largi et modernis\u00e9<\/h3>\n<p>D\u00e9sormais, le minist\u00e8re des Transports a pour mission de <strong>concevoir, \u00e9laborer et mettre en \u0153uvre<\/strong> la politique gouvernementale dans les domaines des <strong>transports terrestres, a\u00e9riens, maritimes et fluviaux<\/strong>, mais \u00e9galement de la <strong>m\u00e9t\u00e9orologie<\/strong>. Ce cadre renforc\u00e9 r\u00e9pond aux exigences d\u2019un syst\u00e8me de transport <strong>moderne, s\u00e9curis\u00e9, int\u00e9gr\u00e9 et durable<\/strong>.<\/p>\n<p>Les nouvelles attributions du minist\u00e8re incluent notamment :<\/p>\n<ul>\n<li>L\u2019\u00e9laboration et la mise en \u0153uvre de la l\u00e9gislation et de la r\u00e9glementation sectorielles.<\/li>\n<li>Le d\u00e9veloppement de <strong>strat\u00e9gies et de projets<\/strong> de transport et de m\u00e9t\u00e9orologie.<\/li>\n<li>La mise en place d\u2019un <strong>syst\u00e8me de transport multimodal<\/strong> et de zones logistiques int\u00e9gr\u00e9es.<\/li>\n<li>La <strong>s\u00e9curit\u00e9, la s\u00fbret\u00e9<\/strong>, la qualit\u00e9 et la protection de l\u2019environnement dans tous les modes de transport.<\/li>\n<li>La <strong>ma\u00eetrise d\u2019ouvrage<\/strong> des grands projets d\u2019infrastructures (rail, ports, a\u00e9roports, stations m\u00e9t\u00e9o).<\/li>\n<li>Le <strong>contr\u00f4le technique<\/strong> des v\u00e9hicules et la d\u00e9livrance des documents administratifs.<\/li>\n<li>La gestion des <strong>ressources humaines<\/strong> et la fixation des <strong>tarifs des services<\/strong>.<\/li>\n<li>La promotion de <strong>l\u2019efficacit\u00e9 \u00e9nerg\u00e9tique<\/strong>, des <strong>\u00e9nergies alternatives<\/strong> et de la <strong>mobilit\u00e9 inclusive<\/strong>.<\/li>\n<li>L\u2019int\u00e9gration des dimensions <strong>environnementale, soci\u00e9tale et de genre<\/strong>.<\/li>\n<\/ul>\n<h3>Une organisation renforc\u00e9e et fonctionnelle<\/h3>\n<p>Pour accomplir efficacement ses nouvelles missions, le minist\u00e8re adopte une structure organisationnelle \u00e9toff\u00e9e :<\/p>\n<ul>\n<li>Un <strong>Secr\u00e9tariat g\u00e9n\u00e9ral<\/strong> et un <strong>Cabinet<\/strong>, \u00e9paul\u00e9s par des <strong>conseillers sp\u00e9cialis\u00e9s<\/strong> (transport terrestre, maritime, a\u00e9rien, m\u00e9t\u00e9orologie, juridique, etc.).<\/li>\n<li>Des <strong>services d\u2019appui strat\u00e9giques<\/strong> : Inspection g\u00e9n\u00e9rale, Bureau de strat\u00e9gie et de d\u00e9veloppement, Ressources humaines, Affaires financi\u00e8res, Cellule des march\u00e9s publics, Communication, Syst\u00e8mes d\u2019information, Hygi\u00e8ne et s\u00e9curit\u00e9, Genre et \u00e9quit\u00e9.<\/li>\n<li>Deux <strong>directions nationales cl\u00e9s<\/strong> : la Direction des transports terrestres et celle de la marine marchande.<\/li>\n<li>Des <strong>services rattach\u00e9s<\/strong>, notamment les <strong>stations m\u00e9t\u00e9orologiques<\/strong> et le <strong>Bureau d\u2019enqu\u00eate sur les accidents<\/strong>.<\/li>\n<li>Plusieurs <strong>organismes publics autonomes sous tutelle<\/strong> :\n<ul>\n<li>l\u2019<strong>Autorit\u00e9 Guin\u00e9enne de l\u2019Aviation Civile (AGAC)<\/strong>,<\/li>\n<li>l\u2019<strong>Agence de la Navigation Maritime et A\u00e9rienne<\/strong>,<\/li>\n<li>l\u2019<strong>Agence Nationale de la M\u00e9t\u00e9orologie<\/strong>,<\/li>\n<li>le <strong>Port Autonome de Conakry<\/strong>,<\/li>\n<li>l\u2019<strong>Autorit\u00e9 Organisatrice des Transports Urbains de Conakry (AOTUC)<\/strong>.<\/li>\n<\/ul>\n<\/li>\n<li>Des <strong>services d\u00e9concentr\u00e9s<\/strong> : inspections r\u00e9gionales, directions pr\u00e9fectorales et communales.<\/li>\n<li>Un <strong>organe consultatif<\/strong> : le Conseil de discipline.<\/li>\n<\/ul>\n<h3>Une entr\u00e9e en vigueur imm\u00e9diate<\/h3>\n<p>Ce nouveau d\u00e9cret, qui <strong>abroge toutes les dispositions contraires ant\u00e9rieures<\/strong>, entre en <strong>vigueur imm\u00e9diatement<\/strong>. Il marque un pas d\u00e9cisif vers une gouvernance plus efficace, int\u00e9gr\u00e9e et durable du secteur des transports en Guin\u00e9e.<\/p>\n<p>&nbsp;<\/p>\n<p>Ledenonciateur224.com<\/p>\n","protected":false},"excerpt":{"rendered":"<p>Un important tournant vient d\u2019\u00eatre pris dans la gouvernance des transports en Guin\u00e9e. Le 9 juillet 2025, un nouveau d\u00e9cret pr\u00e9sidentiel a \u00e9t\u00e9 lu sur les ondes de la RTG, modifiant en profondeur le cadre r\u00e9glementaire du minist\u00e8re des Transports. Sign\u00e9 par le Pr\u00e9sident de la Transition, le G\u00e9n\u00e9ral Mamadi Doumbouya, ce texte r\u00e9vise celui [&hellip;]<\/p>\n","protected":false},"author":2,"featured_media":2970,"comment_status":"open","ping_status":"open","sticky":false,"template":"","format":"standard","meta":{"_jetpack_memberships_contains_paid_content":false,"footnotes":"","jetpack_publicize_message":"","jetpack_publicize_feature_enabled":true,"jetpack_social_post_already_shared":true,"jetpack_social_options":{"image_generator_settings":{"template":"highway","default_image_id":0,"font":"","enabled":false},"version":2}},"categories":[29,24],"tags":[805,953],"class_list":{"0":"post-3850","1":"post","2":"type-post","3":"status-publish","4":"format-standard","5":"has-post-thumbnail","7":"category-economie","8":"category-news","9":"tag-actualites","10":"tag-transport"},"jetpack_publicize_connections":[],"jetpack_featured_media_url":"https:\/\/ledenonciateur224.com\/wp-content\/uploads\/2025\/05\/general-mamadi-doumbouya-2025.jpg","jetpack_sharing_enabled":true,"_links":{"self":[{"href":"https:\/\/ledenonciateur224.com\/index.php\/wp-json\/wp\/v2\/posts\/3850","targetHints":{"allow":["GET"]}}],"collection":[{"href":"https:\/\/ledenonciateur224.com\/index.php\/wp-json\/wp\/v2\/posts"}],"about":[{"href":"https:\/\/ledenonciateur224.com\/index.php\/wp-json\/wp\/v2\/types\/post"}],"author":[{"embeddable":true,"href":"https:\/\/ledenonciateur224.com\/index.php\/wp-json\/wp\/v2\/users\/2"}],"replies":[{"embeddable":true,"href":"https:\/\/ledenonciateur224.com\/index.php\/wp-json\/wp\/v2\/comments?post=3850"}],"version-history":[{"count":0,"href":"https:\/\/ledenonciateur224.com\/index.php\/wp-json\/wp\/v2\/posts\/3850\/revisions"}],"wp:featuredmedia":[{"embeddable":true,"href":"https:\/\/ledenonciateur224.com\/index.php\/wp-json\/wp\/v2\/media\/2970"}],"wp:attachment":[{"href":"https:\/\/ledenonciateur224.com\/index.php\/wp-json\/wp\/v2\/media?parent=3850"}],"wp:term":[{"taxonomy":"category","embeddable":true,"href":"https:\/\/ledenonciateur224.com\/index.php\/wp-json\/wp\/v2\/categories?post=3850"},{"taxonomy":"post_tag","embeddable":true,"href":"https:\/\/ledenonciateur224.com\/index.php\/wp-json\/wp\/v2\/tags?post=3850"}],"curies":[{"name":"wp","href":"https:\/\/api.w.org\/{rel}","templated":true}]}}