{"id":3873,"date":"2025-07-11T12:28:40","date_gmt":"2025-07-11T12:28:40","guid":{"rendered":"https:\/\/ledenonciateur224.com\/?p=3873"},"modified":"2025-07-11T12:28:40","modified_gmt":"2025-07-11T12:28:40","slug":"presidentielle-2025-la-copamoc-md-reaffirme-son-soutien-a-la-candidature-du-general-mamadi-doumbouya","status":"publish","type":"post","link":"https:\/\/ledenonciateur224.com\/index.php\/presidentielle-2025-la-copamoc-md-reaffirme-son-soutien-a-la-candidature-du-general-mamadi-doumbouya\/","title":{"rendered":"Pr\u00e9sidentielle 2025 : la COPAMOC-MD r\u00e9affirme son soutien \u00e0 la candidature du G\u00e9n\u00e9ral Mamadi Doumbouya"},"content":{"rendered":"<div dir=\"auto\">\n<p><em>R\u00e9unie ce vendredi 11 juillet \u00e0 Conakry, la coalition COPAMOC-MD a salu\u00e9 la mobilisation nationale autour de son appel \u00e0 soutenir une candidature du Pr\u00e9sident Mamadi Doumbouya \u00e0 la prochaine \u00e9lection pr\u00e9sidentielle. Le mouvement appelle \u00e0 une adh\u00e9sion massive aux prochaines \u00e9ch\u00e9ances \u00e9lectorales, notamment au r\u00e9f\u00e9rendum constitutionnel.<\/em><\/p>\n<p><img loading=\"lazy\" decoding=\"async\" class=\"alignnone size-full wp-image-3875\" src=\"https:\/\/ledenonciateur224.com\/wp-content\/uploads\/2025\/07\/20250711-115658-scaled.jpg\" alt=\"\" width=\"2560\" height=\"1440\" srcset=\"https:\/\/ledenonciateur224.com\/wp-content\/uploads\/2025\/07\/20250711-115658-scaled.jpg 2560w, https:\/\/ledenonciateur224.com\/wp-content\/uploads\/2025\/07\/20250711-115658-300x169.jpg 300w, https:\/\/ledenonciateur224.com\/wp-content\/uploads\/2025\/07\/20250711-115658-1024x576.jpg 1024w, https:\/\/ledenonciateur224.com\/wp-content\/uploads\/2025\/07\/20250711-115658-768x432.jpg 768w, https:\/\/ledenonciateur224.com\/wp-content\/uploads\/2025\/07\/20250711-115658-1536x864.jpg 1536w, https:\/\/ledenonciateur224.com\/wp-content\/uploads\/2025\/07\/20250711-115658-2048x1152.jpg 2048w, https:\/\/ledenonciateur224.com\/wp-content\/uploads\/2025\/07\/20250711-115658-150x84.jpg 150w, https:\/\/ledenonciateur224.com\/wp-content\/uploads\/2025\/07\/20250711-115658-696x392.jpg 696w, https:\/\/ledenonciateur224.com\/wp-content\/uploads\/2025\/07\/20250711-115658-1068x601.jpg 1068w, https:\/\/ledenonciateur224.com\/wp-content\/uploads\/2025\/07\/20250711-115658-1920x1080.jpg 1920w, https:\/\/ledenonciateur224.com\/wp-content\/uploads\/2025\/07\/20250711-115658-747x420.jpg 747w\" sizes=\"auto, (max-width: 2560px) 100vw, 2560px\" \/><\/p>\n<p>Depuis l\u2019appel lanc\u00e9 le 24 janvier 2025 \u00e0 la Maison de la presse, les membres de la\u00a0<strong>Coalition des Partis et Mouvements pour la Candidature de Mamadi Doumbouya (COPAMOC-MD)<\/strong>\u00a0affirment constater une \u00ab\u00a0forte mobilisation citoyenne\u00a0\u00bb en faveur de leur initiative. Pour eux, cette dynamique traduit une maturit\u00e9 politique nouvelle du peuple guin\u00e9en, d\u00e9termin\u00e9 \u00e0 prendre en main son avenir.\u00a0\u00bbLe peuple de Guin\u00e9e a compris o\u00f9 r\u00e9sident ses int\u00e9r\u00eats : dans la stabilit\u00e9, le d\u00e9veloppement et la continuit\u00e9\u00a0\u00bb, ont d\u00e9clar\u00e9 les repr\u00e9sentants de la coalition.<\/p>\n<hr \/>\n<h4><strong>Des soutiens qui se multiplient \u00e0 travers le pays<\/strong><\/h4>\n<p>Selon la COPAMOC-MD, des mouvements de soutien \u00e0 la candidature de l\u2019actuel Chef de l\u2019\u00c9tat se sont manifest\u00e9s dans toutes les r\u00e9gions. Une vague d\u2019adh\u00e9sion qui, pour les membres de la coalition, montre clairement que les Guin\u00e9ens ne veulent plus se laisser \u00ab\u00a0distraire par des discours diffamatoires motiv\u00e9s par la jalousie\u00a0\u00bb.<\/p>\n<h4><\/h4>\n<p>La coalition a \u00e9galement salu\u00e9 les efforts du Gouvernement en mati\u00e8re de recensement administratif (RAVEC) et de recensement g\u00e9n\u00e9ral de la population (RGPH4). Ces initiatives, jug\u00e9es essentielles pour un d\u00e9veloppement harmonieux du pays, sont per\u00e7ues comme des outils de renforcement de la gouvernance.<\/p>\n<hr \/>\n<h4><strong>Appel \u00e0 voter \u00ab\u00a0OUI\u00a0\u00bb au r\u00e9f\u00e9rendum constitutionnel<\/strong><\/h4>\n<p>En ligne de mire : le r\u00e9f\u00e9rendum pour l\u2019adoption d\u2019une nouvelle Constitution. La COPAMOC-MD appelle les Guin\u00e9ens \u00e0 se mobiliser massivement pour voter \u00ab\u00a0OUI\u00a0\u00bb, affirmant que ce texte marquera une nouvelle \u00e8re politique en Guin\u00e9e.<\/p>\n<h4><\/h4>\n<p>La COPAMOC-MD entend intensifier ses actions sur toute l\u2019\u00e9tendue du territoire national ainsi qu\u2019aupr\u00e8s de la diaspora. Objectif : \u00e9tendre l\u2019adh\u00e9sion autour de la candidature du Pr\u00e9sident Doumbouya et pr\u00e9parer activement les futures \u00e9ch\u00e9ances \u00e9lectorales.<\/p>\n<p>En conclusion, la coalition souligne la rupture amorc\u00e9e depuis l&rsquo;arriv\u00e9e au pouvoir du G\u00e9n\u00e9ral Doumbouya :\u00a0\u00bbSi hier les discours creux \u00e9taient la norme, aujourd\u2019hui le travail bien fait est devenu la signature de ce r\u00e9gime.\u00a0\u00bb<\/p>\n<\/div>\n<div dir=\"auto\">Ledenonciateur224.com<\/div>\n","protected":false},"excerpt":{"rendered":"<p>R\u00e9unie ce vendredi 11 juillet \u00e0 Conakry, la coalition COPAMOC-MD a salu\u00e9 la mobilisation nationale autour de son appel \u00e0 soutenir une candidature du Pr\u00e9sident Mamadi Doumbouya \u00e0 la prochaine \u00e9lection pr\u00e9sidentielle. Le mouvement appelle \u00e0 une adh\u00e9sion massive aux prochaines \u00e9ch\u00e9ances \u00e9lectorales, notamment au r\u00e9f\u00e9rendum constitutionnel. Depuis l\u2019appel lanc\u00e9 le 24 janvier 2025 \u00e0 [&hellip;]<\/p>\n","protected":false},"author":2,"featured_media":3874,"comment_status":"open","ping_status":"open","sticky":false,"template":"","format":"standard","meta":{"_jetpack_memberships_contains_paid_content":false,"footnotes":"","jetpack_publicize_message":"","jetpack_publicize_feature_enabled":true,"jetpack_social_post_already_shared":true,"jetpack_social_options":{"image_generator_settings":{"template":"highway","default_image_id":0,"font":"","enabled":false},"version":2}},"categories":[24,27],"tags":[519],"class_list":{"0":"post-3873","1":"post","2":"type-post","3":"status-publish","4":"format-standard","5":"has-post-thumbnail","7":"category-news","8":"category-politique","9":"tag-soutien-au-general-mamadi-doumbouya"},"jetpack_publicize_connections":[],"jetpack_featured_media_url":"https:\/\/ledenonciateur224.com\/wp-content\/uploads\/2025\/07\/20250711-115029-scaled.jpg","jetpack_sharing_enabled":true,"_links":{"self":[{"href":"https:\/\/ledenonciateur224.com\/index.php\/wp-json\/wp\/v2\/posts\/3873","targetHints":{"allow":["GET"]}}],"collection":[{"href":"https:\/\/ledenonciateur224.com\/index.php\/wp-json\/wp\/v2\/posts"}],"about":[{"href":"https:\/\/ledenonciateur224.com\/index.php\/wp-json\/wp\/v2\/types\/post"}],"author":[{"embeddable":true,"href":"https:\/\/ledenonciateur224.com\/index.php\/wp-json\/wp\/v2\/users\/2"}],"replies":[{"embeddable":true,"href":"https:\/\/ledenonciateur224.com\/index.php\/wp-json\/wp\/v2\/comments?post=3873"}],"version-history":[{"count":0,"href":"https:\/\/ledenonciateur224.com\/index.php\/wp-json\/wp\/v2\/posts\/3873\/revisions"}],"wp:featuredmedia":[{"embeddable":true,"href":"https:\/\/ledenonciateur224.com\/index.php\/wp-json\/wp\/v2\/media\/3874"}],"wp:attachment":[{"href":"https:\/\/ledenonciateur224.com\/index.php\/wp-json\/wp\/v2\/media?parent=3873"}],"wp:term":[{"taxonomy":"category","embeddable":true,"href":"https:\/\/ledenonciateur224.com\/index.php\/wp-json\/wp\/v2\/categories?post=3873"},{"taxonomy":"post_tag","embeddable":true,"href":"https:\/\/ledenonciateur224.com\/index.php\/wp-json\/wp\/v2\/tags?post=3873"}],"curies":[{"name":"wp","href":"https:\/\/api.w.org\/{rel}","templated":true}]}}