{"id":3902,"date":"2025-07-13T22:43:13","date_gmt":"2025-07-13T22:43:13","guid":{"rendered":"https:\/\/ledenonciateur224.com\/?p=3902"},"modified":"2025-07-13T22:43:13","modified_gmt":"2025-07-13T22:43:13","slug":"charles-alphonse-wright-dement-les-rumeurs-darrestation-une-cabale-orchestree","status":"publish","type":"post","link":"https:\/\/ledenonciateur224.com\/index.php\/charles-alphonse-wright-dement-les-rumeurs-darrestation-une-cabale-orchestree\/","title":{"rendered":"Charles Alphonse Wright d\u00e9ment les rumeurs d\u2019arrestation : \u201cUne cabale orchestr\u00e9e\u201d"},"content":{"rendered":"<p style=\"text-align: left\">L\u2019ancien ministre guin\u00e9en de la Justice, <strong>Charles Alphonse Wright<\/strong>, est sorti de son silence ce <strong>dimanche 13 juillet 2025<\/strong>, r\u00e9agissant aux rumeurs persistantes sur les r\u00e9seaux sociaux annon\u00e7ant son arrestation. \u00c0 l\u2019origine de cette vague de sp\u00e9culations : <strong>la fuite d\u2019un enregistrement audio<\/strong> qui lui serait attribu\u00e9.<\/p>\n<p>Face \u00e0 l\u2019ampleur prise par cette affaire, l\u2019ex-garde des Sceaux a d\u00e9cid\u00e9 de clarifier la situation. Dans un message publi\u00e9 sur sa page officielle, il <strong>d\u00e9ment fermement toute arrestation<\/strong> et d\u00e9nonce ce qu\u2019il qualifie de <strong>\u201ccabale\u201d mont\u00e9e par des individus malintentionn\u00e9s<\/strong>.\u201cApr\u00e8s deux mois de silence loin des r\u00e9seaux sociaux, les personnes malintentionn\u00e9es ont d\u00e9cid\u00e9 de passer \u00e0 la vitesse sup\u00e9rieure, apr\u00e8s avoir \u00e9chou\u00e9 dans leur stratag\u00e8me visant \u00e0 m\u2019attribuer un pr\u00e9tendu enregistrement audio de Son Excellence Monsieur le Pr\u00e9sident de la R\u00e9publique&#8230;\u201d, \u00e9crit-il.<\/p>\n<p>Wright, qui affirme entretenir des <strong>relations de confiance, de loyaut\u00e9 et de sinc\u00e9rit\u00e9<\/strong> avec le pr\u00e9sident, assure que ces rumeurs ont provoqu\u00e9 l\u2019inqui\u00e9tude de sa famille, de ses proches et de ses avocats.\u201cCes informations sont <strong>purement et simplement fausses<\/strong>\u201d, insiste-t-il.<\/p>\n<p>L\u2019ancien ministre annonce qu\u2019il compte <strong>engager des poursuites judiciaires<\/strong> contre les auteurs de ces actes. Accompagn\u00e9 de ses conseils, il entend saisir les juridictions comp\u00e9tentes dans les prochains jours pour mettre fin \u00e0 ce qu\u2019il consid\u00e8re comme une campagne de d\u00e9nigrement.\u201cJ\u2019ai la conscience tranquille, et je continuerai \u00e0 entretenir cette relation de confiance avec Monsieur le Pr\u00e9sident. [&#8230;] Le dernier mot reviendra toujours \u00e0 Allah, le Ma\u00eetre de l\u2019univers\u201d, conclut-il.<\/p>\n<p>&nbsp;<\/p>\n<p>Ledenonciateur224.com<\/p>\n","protected":false},"excerpt":{"rendered":"<p>L\u2019ancien ministre guin\u00e9en de la Justice, Charles Alphonse Wright, est sorti de son silence ce dimanche 13 juillet 2025, r\u00e9agissant aux rumeurs persistantes sur les r\u00e9seaux sociaux annon\u00e7ant son arrestation. \u00c0 l\u2019origine de cette vague de sp\u00e9culations : la fuite d\u2019un enregistrement audio qui lui serait attribu\u00e9. Face \u00e0 l\u2019ampleur prise par cette affaire, l\u2019ex-garde [&hellip;]<\/p>\n","protected":false},"author":2,"featured_media":3903,"comment_status":"open","ping_status":"open","sticky":false,"template":"","format":"standard","meta":{"_jetpack_memberships_contains_paid_content":false,"footnotes":"","jetpack_publicize_message":"","jetpack_publicize_feature_enabled":true,"jetpack_social_post_already_shared":true,"jetpack_social_options":{"image_generator_settings":{"template":"highway","default_image_id":0,"font":"","enabled":false},"version":2}},"categories":[30,24],"tags":[963],"class_list":{"0":"post-3902","1":"post","2":"type-post","3":"status-publish","4":"format-standard","5":"has-post-thumbnail","7":"category-faits-divers","8":"category-news","9":"tag-charles-wright"},"jetpack_publicize_connections":[],"jetpack_featured_media_url":"https:\/\/ledenonciateur224.com\/wp-content\/uploads\/2025\/07\/alphonse-charles-wright-1.jpg","jetpack_sharing_enabled":true,"_links":{"self":[{"href":"https:\/\/ledenonciateur224.com\/index.php\/wp-json\/wp\/v2\/posts\/3902","targetHints":{"allow":["GET"]}}],"collection":[{"href":"https:\/\/ledenonciateur224.com\/index.php\/wp-json\/wp\/v2\/posts"}],"about":[{"href":"https:\/\/ledenonciateur224.com\/index.php\/wp-json\/wp\/v2\/types\/post"}],"author":[{"embeddable":true,"href":"https:\/\/ledenonciateur224.com\/index.php\/wp-json\/wp\/v2\/users\/2"}],"replies":[{"embeddable":true,"href":"https:\/\/ledenonciateur224.com\/index.php\/wp-json\/wp\/v2\/comments?post=3902"}],"version-history":[{"count":0,"href":"https:\/\/ledenonciateur224.com\/index.php\/wp-json\/wp\/v2\/posts\/3902\/revisions"}],"wp:featuredmedia":[{"embeddable":true,"href":"https:\/\/ledenonciateur224.com\/index.php\/wp-json\/wp\/v2\/media\/3903"}],"wp:attachment":[{"href":"https:\/\/ledenonciateur224.com\/index.php\/wp-json\/wp\/v2\/media?parent=3902"}],"wp:term":[{"taxonomy":"category","embeddable":true,"href":"https:\/\/ledenonciateur224.com\/index.php\/wp-json\/wp\/v2\/categories?post=3902"},{"taxonomy":"post_tag","embeddable":true,"href":"https:\/\/ledenonciateur224.com\/index.php\/wp-json\/wp\/v2\/tags?post=3902"}],"curies":[{"name":"wp","href":"https:\/\/api.w.org\/{rel}","templated":true}]}}