{"id":391,"date":"2024-12-07T21:37:22","date_gmt":"2024-12-07T21:37:22","guid":{"rendered":"https:\/\/ledenonciateur224.com\/?p=391"},"modified":"2024-12-07T21:37:22","modified_gmt":"2024-12-07T21:37:22","slug":"burkina-faso-ibrahim-traore-designe-rimtalba-jean-emmanuel-ouedraogo-comme-nouveau-premier-ministre","status":"publish","type":"post","link":"https:\/\/ledenonciateur224.com\/index.php\/burkina-faso-ibrahim-traore-designe-rimtalba-jean-emmanuel-ouedraogo-comme-nouveau-premier-ministre\/","title":{"rendered":"Burkina Faso : Ibrahim Traor\u00e9 d\u00e9signe Rimtalba Jean Emmanuel Ou\u00e9draogo comme nouveau Premier ministre"},"content":{"rendered":"<div dir=\"auto\">Apr\u00e8s avoir dissous son gouvernement et r\u00e9voqu\u00e9 le pr\u00e9c\u00e9dent Premier ministre, le capitaine Ibrahim Traor\u00e9, pr\u00e9sident du Burkina Faso, a annonc\u00e9 ce samedi 7 d\u00e9cembre la nomination de Rimtalba Jean Emmanuel Ou\u00e9draogo au poste de Premier ministre.<\/div>\n<div dir=\"auto\"><\/div>\n<div dir=\"auto\">Ancien ministre d&rsquo;\u00c9tat, charg\u00e9 de la communication, de la culture, des arts et du tourisme, ainsi que porte-parole du gouvernement sous l&rsquo;\u00e8re de Me Apollinaire K\u00e9lem de Tambela, Ou\u00e9draogo prend les r\u00eanes de l&rsquo;ex\u00e9cutif dans un contexte marqu\u00e9 par des enjeux cruciaux pour le pays.<\/div>\n<div dir=\"auto\"><\/div>\n<div dir=\"auto\">Source : DW Afrique<\/div>\n<div dir=\"auto\"><\/div>\n","protected":false},"excerpt":{"rendered":"<p>Apr\u00e8s avoir dissous son gouvernement et r\u00e9voqu\u00e9 le pr\u00e9c\u00e9dent Premier ministre, le capitaine Ibrahim Traor\u00e9, pr\u00e9sident du Burkina Faso, a annonc\u00e9 ce samedi 7 d\u00e9cembre la nomination de Rimtalba Jean Emmanuel Ou\u00e9draogo au poste de Premier ministre. Ancien ministre d&rsquo;\u00c9tat, charg\u00e9 de la communication, de la culture, des arts et du tourisme, ainsi que porte-parole [&hellip;]<\/p>\n","protected":false},"author":2,"featured_media":392,"comment_status":"open","ping_status":"open","sticky":false,"template":"","format":"standard","meta":{"_jetpack_memberships_contains_paid_content":false,"footnotes":"","jetpack_publicize_message":"","jetpack_publicize_feature_enabled":true,"jetpack_social_post_already_shared":false,"jetpack_social_options":{"image_generator_settings":{"template":"highway","default_image_id":0,"font":"","enabled":false},"version":2}},"categories":[38,24,27],"tags":[62,63,66],"class_list":{"0":"post-391","1":"post","2":"type-post","3":"status-publish","4":"format-standard","5":"has-post-thumbnail","7":"category-international","8":"category-news","9":"category-politique","10":"tag-burkina-faso","11":"tag-capitaine-ibrahim-traore","12":"tag-transition"},"jetpack_publicize_connections":[],"jetpack_featured_media_url":"https:\/\/ledenonciateur224.com\/wp-content\/uploads\/2024\/12\/fb-img-1733606936443.jpg","jetpack_sharing_enabled":true,"_links":{"self":[{"href":"https:\/\/ledenonciateur224.com\/index.php\/wp-json\/wp\/v2\/posts\/391","targetHints":{"allow":["GET"]}}],"collection":[{"href":"https:\/\/ledenonciateur224.com\/index.php\/wp-json\/wp\/v2\/posts"}],"about":[{"href":"https:\/\/ledenonciateur224.com\/index.php\/wp-json\/wp\/v2\/types\/post"}],"author":[{"embeddable":true,"href":"https:\/\/ledenonciateur224.com\/index.php\/wp-json\/wp\/v2\/users\/2"}],"replies":[{"embeddable":true,"href":"https:\/\/ledenonciateur224.com\/index.php\/wp-json\/wp\/v2\/comments?post=391"}],"version-history":[{"count":0,"href":"https:\/\/ledenonciateur224.com\/index.php\/wp-json\/wp\/v2\/posts\/391\/revisions"}],"wp:featuredmedia":[{"embeddable":true,"href":"https:\/\/ledenonciateur224.com\/index.php\/wp-json\/wp\/v2\/media\/392"}],"wp:attachment":[{"href":"https:\/\/ledenonciateur224.com\/index.php\/wp-json\/wp\/v2\/media?parent=391"}],"wp:term":[{"taxonomy":"category","embeddable":true,"href":"https:\/\/ledenonciateur224.com\/index.php\/wp-json\/wp\/v2\/categories?post=391"},{"taxonomy":"post_tag","embeddable":true,"href":"https:\/\/ledenonciateur224.com\/index.php\/wp-json\/wp\/v2\/tags?post=391"}],"curies":[{"name":"wp","href":"https:\/\/api.w.org\/{rel}","templated":true}]}}