{"id":3913,"date":"2025-07-13T23:08:38","date_gmt":"2025-07-13T23:08:38","guid":{"rendered":"https:\/\/ledenonciateur224.com\/?p=3913"},"modified":"2025-07-13T23:08:38","modified_gmt":"2025-07-13T23:08:38","slug":"paul-biya-candidat-a-un-8eme-mandat-a-92-ans","status":"publish","type":"post","link":"https:\/\/ledenonciateur224.com\/index.php\/paul-biya-candidat-a-un-8eme-mandat-a-92-ans\/","title":{"rendered":"Paul Biya candidat \u00e0 un 8\u00e8me mandat \u00e0 92 ans"},"content":{"rendered":"<p>\u00c0 <strong>92 ans<\/strong>, le pr\u00e9sident camerounais <strong>Paul Biya<\/strong> a officiellement annonc\u00e9 ce dimanche sa candidature \u00e0 l\u2019\u00e9lection pr\u00e9sidentielle pr\u00e9vue le <strong>12 octobre 2025<\/strong>. Au pouvoir depuis <strong>43 ans<\/strong>, le chef de l\u2019\u00c9tat a justifi\u00e9 sa d\u00e9cision par son engagement \u00e0 garantir \u00ab <strong>la s\u00e9curit\u00e9 et le bien-\u00eatre<\/strong> \u00bb du peuple camerounais.<\/p>\n<p>Dans une d\u00e9claration solennelle, le pr\u00e9sident a mis en avant les <strong>\u00ab r\u00e9sultats visibles et appr\u00e9ciables \u00bb<\/strong> de son bilan, tout en reconnaissant que des d\u00e9fis majeurs demeurent dans un contexte international qu\u2019il juge \u00ab de plus en plus contraignant \u00bb.\u00ab Beaucoup reste cependant \u00e0 faire \u00bb, a-t-il affirm\u00e9, soulignant sa volont\u00e9 de r\u00e9pondre aux <strong>\u00ab appels pressants \u00bb<\/strong> venus des dix R\u00e9gions du pays et de la diaspora.<\/p>\n<p>Paul Biya insiste sur sa <strong>\u00ab d\u00e9termination \u00e0 poursuivre la mission \u00bb<\/strong> qu\u2019il s\u2019est assign\u00e9e depuis 1982, se disant pr\u00eat \u00e0 <strong>rempiler pour un nouveau mandat<\/strong>. Il promet de placer la <strong>jeunesse<\/strong> et les <strong>femmes<\/strong> au c\u0153ur de ses priorit\u00e9s pour les prochaines ann\u00e9es.\u00ab La situation des jeunes et des femmes sera au c\u0153ur de mes priorit\u00e9s. [&#8230;] Le meilleur reste \u00e0 venir \u00bb, a-t-il assur\u00e9.<\/p>\n<p>Cette annonce intervient dans un climat politique marqu\u00e9 par des tensions internes et des interrogations croissantes sur l\u2019avenir de la gouvernance au Cameroun. Mais pour Paul Biya, <strong>l\u2019\u00e2ge n\u2019est pas un obstacle<\/strong>, et il se pr\u00e9sente une fois encore comme <strong>l\u2019homme de la stabilit\u00e9<\/strong>.<\/p>\n<p>&nbsp;<\/p>\n<p>Ledenonciateur224.com<\/p>\n","protected":false},"excerpt":{"rendered":"<p>\u00c0 92 ans, le pr\u00e9sident camerounais Paul Biya a officiellement annonc\u00e9 ce dimanche sa candidature \u00e0 l\u2019\u00e9lection pr\u00e9sidentielle pr\u00e9vue le 12 octobre 2025. Au pouvoir depuis 43 ans, le chef de l\u2019\u00c9tat a justifi\u00e9 sa d\u00e9cision par son engagement \u00e0 garantir \u00ab la s\u00e9curit\u00e9 et le bien-\u00eatre \u00bb du peuple camerounais. Dans une d\u00e9claration solennelle, [&hellip;]<\/p>\n","protected":false},"author":2,"featured_media":3914,"comment_status":"open","ping_status":"open","sticky":false,"template":"","format":"standard","meta":{"_jetpack_memberships_contains_paid_content":false,"footnotes":"","jetpack_publicize_message":"","jetpack_publicize_feature_enabled":true,"jetpack_social_post_already_shared":true,"jetpack_social_options":{"image_generator_settings":{"template":"highway","default_image_id":0,"font":"","enabled":false},"version":2}},"categories":[38,24],"tags":[507,964],"class_list":{"0":"post-3913","1":"post","2":"type-post","3":"status-publish","4":"format-standard","5":"has-post-thumbnail","7":"category-international","8":"category-news","9":"tag-elections-presidentielles","10":"tag-paul-biya"},"jetpack_publicize_connections":[],"jetpack_featured_media_url":"https:\/\/ledenonciateur224.com\/wp-content\/uploads\/2025\/07\/x4rytnnqozkp3mhruk2cufc6py-scaled.jpg","jetpack_sharing_enabled":true,"_links":{"self":[{"href":"https:\/\/ledenonciateur224.com\/index.php\/wp-json\/wp\/v2\/posts\/3913","targetHints":{"allow":["GET"]}}],"collection":[{"href":"https:\/\/ledenonciateur224.com\/index.php\/wp-json\/wp\/v2\/posts"}],"about":[{"href":"https:\/\/ledenonciateur224.com\/index.php\/wp-json\/wp\/v2\/types\/post"}],"author":[{"embeddable":true,"href":"https:\/\/ledenonciateur224.com\/index.php\/wp-json\/wp\/v2\/users\/2"}],"replies":[{"embeddable":true,"href":"https:\/\/ledenonciateur224.com\/index.php\/wp-json\/wp\/v2\/comments?post=3913"}],"version-history":[{"count":0,"href":"https:\/\/ledenonciateur224.com\/index.php\/wp-json\/wp\/v2\/posts\/3913\/revisions"}],"wp:featuredmedia":[{"embeddable":true,"href":"https:\/\/ledenonciateur224.com\/index.php\/wp-json\/wp\/v2\/media\/3914"}],"wp:attachment":[{"href":"https:\/\/ledenonciateur224.com\/index.php\/wp-json\/wp\/v2\/media?parent=3913"}],"wp:term":[{"taxonomy":"category","embeddable":true,"href":"https:\/\/ledenonciateur224.com\/index.php\/wp-json\/wp\/v2\/categories?post=3913"},{"taxonomy":"post_tag","embeddable":true,"href":"https:\/\/ledenonciateur224.com\/index.php\/wp-json\/wp\/v2\/tags?post=3913"}],"curies":[{"name":"wp","href":"https:\/\/api.w.org\/{rel}","templated":true}]}}