{"id":3918,"date":"2025-07-14T10:49:36","date_gmt":"2025-07-14T10:49:36","guid":{"rendered":"https:\/\/ledenonciateur224.com\/?p=3918"},"modified":"2025-07-14T10:49:36","modified_gmt":"2025-07-14T10:49:36","slug":"presidentielle-les-forces-vives-denoncent-une-breche-ouverte-au-sein-du-pouvoir","status":"publish","type":"post","link":"https:\/\/ledenonciateur224.com\/index.php\/presidentielle-les-forces-vives-denoncent-une-breche-ouverte-au-sein-du-pouvoir\/","title":{"rendered":"Pr\u00e9sidentielle : les forces vives d\u00e9noncent une br\u00e8che ouverte au sein du pouvoir"},"content":{"rendered":"<h3><em>La suppression de l\u2019article 46 de la Charte de la transition inqui\u00e8te les acteurs politiques et la soci\u00e9t\u00e9 civile<\/em><\/h3>\n<p>Dans une d\u00e9claration rendue publique ce lundi, les Forces Vives de la Nation ont exprim\u00e9 leurs vives pr\u00e9occupations concernant le projet de nouvelle Constitution. Elles regrettent notamment l&rsquo;absence de reconduction de l\u2019article 46 de la Charte de la transition, un verrou juridique essentiel qui interdisait aux membres du CNRD (Comit\u00e9 National du Rassemblement pour le D\u00e9veloppement), du CNT (Conseil National de la Transition) ainsi qu\u2019aux membres du gouvernement, de se porter candidats \u00e0 la prochaine \u00e9lection pr\u00e9sidentielle.<br \/>\nSelon elles, cette omission ouvre la voie \u00e0 une potentielle confiscation du pouvoir par les autorit\u00e9s de la transition, au m\u00e9pris des principes d\u2019impartialit\u00e9 et de neutralit\u00e9 cens\u00e9s encadrer cette p\u00e9riode transitoire.<\/p>\n<p><img loading=\"lazy\" decoding=\"async\" class=\"alignnone size-full wp-image-3919\" src=\"https:\/\/ledenonciateur224.com\/wp-content\/uploads\/2025\/07\/fb-img-1752488655531-750x1014-1.jpg\" alt=\"\" width=\"750\" height=\"1014\" srcset=\"https:\/\/ledenonciateur224.com\/wp-content\/uploads\/2025\/07\/fb-img-1752488655531-750x1014-1.jpg 750w, https:\/\/ledenonciateur224.com\/wp-content\/uploads\/2025\/07\/fb-img-1752488655531-750x1014-1-222x300.jpg 222w, https:\/\/ledenonciateur224.com\/wp-content\/uploads\/2025\/07\/fb-img-1752488655531-750x1014-1-150x203.jpg 150w, https:\/\/ledenonciateur224.com\/wp-content\/uploads\/2025\/07\/fb-img-1752488655531-750x1014-1-300x406.jpg 300w, https:\/\/ledenonciateur224.com\/wp-content\/uploads\/2025\/07\/fb-img-1752488655531-750x1014-1-696x941.jpg 696w, https:\/\/ledenonciateur224.com\/wp-content\/uploads\/2025\/07\/fb-img-1752488655531-750x1014-1-311x420.jpg 311w\" sizes=\"auto, (max-width: 750px) 100vw, 750px\" \/><\/p>\n<p>Mohamed AC<\/p>\n","protected":false},"excerpt":{"rendered":"<p>La suppression de l\u2019article 46 de la Charte de la transition inqui\u00e8te les acteurs politiques et la soci\u00e9t\u00e9 civile Dans une d\u00e9claration rendue publique ce lundi, les Forces Vives de la Nation ont exprim\u00e9 leurs vives pr\u00e9occupations concernant le projet de nouvelle Constitution. Elles regrettent notamment l&rsquo;absence de reconduction de l\u2019article 46 de la Charte [&hellip;]<\/p>\n","protected":false},"author":2,"featured_media":3920,"comment_status":"open","ping_status":"open","sticky":false,"template":"","format":"standard","meta":{"_jetpack_memberships_contains_paid_content":false,"footnotes":"","jetpack_publicize_message":"","jetpack_publicize_feature_enabled":true,"jetpack_social_post_already_shared":true,"jetpack_social_options":{"image_generator_settings":{"template":"highway","default_image_id":0,"font":"","enabled":false},"version":2}},"categories":[24,27],"tags":[966,132],"class_list":{"0":"post-3918","1":"post","2":"type-post","3":"status-publish","4":"format-standard","5":"has-post-thumbnail","7":"category-news","8":"category-politique","9":"tag-presidentielle","10":"tag-forces-vives-de-guinee"},"jetpack_publicize_connections":[],"jetpack_featured_media_url":"https:\/\/ledenonciateur224.com\/wp-content\/uploads\/2025\/07\/fvn-768x461-1.webp","jetpack_sharing_enabled":true,"_links":{"self":[{"href":"https:\/\/ledenonciateur224.com\/index.php\/wp-json\/wp\/v2\/posts\/3918","targetHints":{"allow":["GET"]}}],"collection":[{"href":"https:\/\/ledenonciateur224.com\/index.php\/wp-json\/wp\/v2\/posts"}],"about":[{"href":"https:\/\/ledenonciateur224.com\/index.php\/wp-json\/wp\/v2\/types\/post"}],"author":[{"embeddable":true,"href":"https:\/\/ledenonciateur224.com\/index.php\/wp-json\/wp\/v2\/users\/2"}],"replies":[{"embeddable":true,"href":"https:\/\/ledenonciateur224.com\/index.php\/wp-json\/wp\/v2\/comments?post=3918"}],"version-history":[{"count":0,"href":"https:\/\/ledenonciateur224.com\/index.php\/wp-json\/wp\/v2\/posts\/3918\/revisions"}],"wp:featuredmedia":[{"embeddable":true,"href":"https:\/\/ledenonciateur224.com\/index.php\/wp-json\/wp\/v2\/media\/3920"}],"wp:attachment":[{"href":"https:\/\/ledenonciateur224.com\/index.php\/wp-json\/wp\/v2\/media?parent=3918"}],"wp:term":[{"taxonomy":"category","embeddable":true,"href":"https:\/\/ledenonciateur224.com\/index.php\/wp-json\/wp\/v2\/categories?post=3918"},{"taxonomy":"post_tag","embeddable":true,"href":"https:\/\/ledenonciateur224.com\/index.php\/wp-json\/wp\/v2\/tags?post=3918"}],"curies":[{"name":"wp","href":"https:\/\/api.w.org\/{rel}","templated":true}]}}