{"id":3922,"date":"2025-07-14T12:55:57","date_gmt":"2025-07-14T12:55:57","guid":{"rendered":"https:\/\/ledenonciateur224.com\/?p=3922"},"modified":"2025-07-14T12:55:57","modified_gmt":"2025-07-14T12:55:57","slug":"pluies-diluviennes-a-conakry-lanm-alerte-sur-un-risque-eleve-dinondations","status":"publish","type":"post","link":"https:\/\/ledenonciateur224.com\/index.php\/pluies-diluviennes-a-conakry-lanm-alerte-sur-un-risque-eleve-dinondations\/","title":{"rendered":"Pluies diluviennes \u00e0 Conakry : l\u2019ANM alerte sur un risque \u00e9lev\u00e9 d\u2019inondations"},"content":{"rendered":"<p><em>Des orages et fortes pr\u00e9cipitations attendus jusqu\u2019au 15 juillet : la population appel\u00e9e \u00e0 la vigilance<\/em><\/p>\n<p>L\u2019Agence Nationale de la M\u00e9t\u00e9orologie (ANM) a lanc\u00e9 une alerte importante concernant les fortes pluies actuellement en cours \u00e0 Conakry. Selon ses pr\u00e9visions, ces pr\u00e9cipitations pourraient engendrer des inondations localis\u00e9es, notamment dans les zones les plus expos\u00e9es du Grand Conakry.<\/p>\n<p>Dans un communiqu\u00e9 publi\u00e9 \u00e0 cet effet, l\u2019ANM annonce que\u00a0<strong>des \u00e9pisodes de pluie intense, accompagn\u00e9s d\u2019orages, pourraient se poursuivre jusqu\u2019\u00e0 la soir\u00e9e du mardi 15 juillet 2025<\/strong>, affectant \u00e9galement certaines localit\u00e9s de la Moyenne Guin\u00e9e.<em>\u00ab Dans les prochaines 72 heures (de la nuit du 12 au 15 juillet 2025), des pr\u00e9cipitations d\u2019intensit\u00e9 variable sont attendues en Basse Guin\u00e9e et dans quelques localit\u00e9s de la Moyenne Guin\u00e9e. Des orages seront observ\u00e9s par endroits, et les risques d\u2019inondation sont \u00e9lev\u00e9s, notamment pour le Grand Conakry \u00bb,<\/em>\u00a0pr\u00e9cise l\u2019agence selon nos confr\u00e8res de Mosaique<\/p>\n<p>Face \u00e0 cette situation,\u00a0<strong>l\u2019ANM invite la population \u00e0 la plus grande prudence<\/strong>. Il est recommand\u00e9 :<\/p>\n<ul>\n<li>d\u2019\u00e9viter de se d\u00e9placer \u00e0 pied ou en v\u00e9hicule au d\u00e9but d\u2019un orage,<\/li>\n<li>de respecter scrupuleusement les consignes de s\u00e9curit\u00e9 routi\u00e8re en cas de pluie,<\/li>\n<li>et de suivre r\u00e9guli\u00e8rement les bulletins m\u00e9t\u00e9o officiels.<\/li>\n<\/ul>\n<p>Cette alerte intervient dans un contexte o\u00f9 plusieurs quartiers de la capitale sont d\u00e9j\u00e0 r\u00e9guli\u00e8rement confront\u00e9s \u00e0 des inondations lors de la saison des pluies, en raison de l\u2019urbanisation croissante et de la v\u00e9tust\u00e9 du syst\u00e8me de drainage.<\/p>\n<p><strong>La vigilance reste donc de mise, notamment pour les habitants des zones \u00e0 risque.<\/strong><\/p>\n<p>&nbsp;<\/p>\n<p>N&rsquo;sira Sylla<\/p>\n","protected":false},"excerpt":{"rendered":"<p>Des orages et fortes pr\u00e9cipitations attendus jusqu\u2019au 15 juillet : la population appel\u00e9e \u00e0 la vigilance L\u2019Agence Nationale de la M\u00e9t\u00e9orologie (ANM) a lanc\u00e9 une alerte importante concernant les fortes pluies actuellement en cours \u00e0 Conakry. Selon ses pr\u00e9visions, ces pr\u00e9cipitations pourraient engendrer des inondations localis\u00e9es, notamment dans les zones les plus expos\u00e9es du Grand [&hellip;]<\/p>\n","protected":false},"author":2,"featured_media":3923,"comment_status":"open","ping_status":"open","sticky":false,"template":"","format":"standard","meta":{"_jetpack_memberships_contains_paid_content":false,"footnotes":"","jetpack_publicize_message":"","jetpack_publicize_feature_enabled":true,"jetpack_social_post_already_shared":true,"jetpack_social_options":{"image_generator_settings":{"template":"highway","default_image_id":0,"font":"","enabled":false},"version":2}},"categories":[30,24],"tags":[967],"class_list":{"0":"post-3922","1":"post","2":"type-post","3":"status-publish","4":"format-standard","5":"has-post-thumbnail","7":"category-faits-divers","8":"category-news","9":"tag-pluies-diluviennes"},"jetpack_publicize_connections":[],"jetpack_featured_media_url":"https:\/\/ledenonciateur224.com\/wp-content\/uploads\/2025\/07\/inondations-anguch-2.jpg","jetpack_sharing_enabled":true,"_links":{"self":[{"href":"https:\/\/ledenonciateur224.com\/index.php\/wp-json\/wp\/v2\/posts\/3922","targetHints":{"allow":["GET"]}}],"collection":[{"href":"https:\/\/ledenonciateur224.com\/index.php\/wp-json\/wp\/v2\/posts"}],"about":[{"href":"https:\/\/ledenonciateur224.com\/index.php\/wp-json\/wp\/v2\/types\/post"}],"author":[{"embeddable":true,"href":"https:\/\/ledenonciateur224.com\/index.php\/wp-json\/wp\/v2\/users\/2"}],"replies":[{"embeddable":true,"href":"https:\/\/ledenonciateur224.com\/index.php\/wp-json\/wp\/v2\/comments?post=3922"}],"version-history":[{"count":0,"href":"https:\/\/ledenonciateur224.com\/index.php\/wp-json\/wp\/v2\/posts\/3922\/revisions"}],"wp:featuredmedia":[{"embeddable":true,"href":"https:\/\/ledenonciateur224.com\/index.php\/wp-json\/wp\/v2\/media\/3923"}],"wp:attachment":[{"href":"https:\/\/ledenonciateur224.com\/index.php\/wp-json\/wp\/v2\/media?parent=3922"}],"wp:term":[{"taxonomy":"category","embeddable":true,"href":"https:\/\/ledenonciateur224.com\/index.php\/wp-json\/wp\/v2\/categories?post=3922"},{"taxonomy":"post_tag","embeddable":true,"href":"https:\/\/ledenonciateur224.com\/index.php\/wp-json\/wp\/v2\/tags?post=3922"}],"curies":[{"name":"wp","href":"https:\/\/api.w.org\/{rel}","templated":true}]}}