{"id":3935,"date":"2025-07-15T12:23:40","date_gmt":"2025-07-15T12:23:40","guid":{"rendered":"https:\/\/ledenonciateur224.com\/?p=3935"},"modified":"2025-07-15T12:23:40","modified_gmt":"2025-07-15T12:23:40","slug":"mali-le-journaliste-seydou-oumar-traore-condamne-pour-offense-envers-le-president-guineen","status":"publish","type":"post","link":"https:\/\/ledenonciateur224.com\/index.php\/mali-le-journaliste-seydou-oumar-traore-condamne-pour-offense-envers-le-president-guineen\/","title":{"rendered":"Mali : Le journaliste Seydou Oumar Traor\u00e9 condamn\u00e9 pour offense envers le pr\u00e9sident guin\u00e9en"},"content":{"rendered":"<p><strong>Le directeur de Radio Baoul\u00e9 \u00e9cope de six mois de prison ferme apr\u00e8s la diffusion d&rsquo;une vid\u00e9o controvers\u00e9e sur les r\u00e9seaux sociaux<\/strong><\/p>\n<h3><\/h3>\n<p>Seydou Oumar Traor\u00e9, journaliste de profession et directeur g\u00e9n\u00e9ral de la Radio Baoul\u00e9 au Mali, a \u00e9t\u00e9 condamn\u00e9 ce lundi 14 juillet 2025 pour \u00ab\u00a0offense envers un chef d\u2019\u00c9tat \u00e9tranger\u00a0\u00bb, en l\u2019occurrence le pr\u00e9sident de la Guin\u00e9e. Le verdict a \u00e9t\u00e9 rendu par le P\u00f4le National de Lutte contre la Cybercriminalit\u00e9, une instance sp\u00e9cialis\u00e9e dans les infractions li\u00e9es aux technologies num\u00e9riques.<\/p>\n<p>Selon les \u00e9l\u00e9ments du dossier, la proc\u00e9dure judiciaire a \u00e9t\u00e9 d\u00e9clench\u00e9e \u00e0 la suite de la diffusion sur les r\u00e9seaux sociaux d\u2019une vid\u00e9o de plus de trois minutes. Dans cette s\u00e9quence, M. Traor\u00e9 \u00e9voquait les liens suppos\u00e9s entre les autorit\u00e9s guin\u00e9ennes et des groupes arm\u00e9s op\u00e9rant dans le nord du Mali. Le contenu de la vid\u00e9o a \u00e9t\u00e9 jug\u00e9 attentatoire \u00e0 l\u2019image d\u2019un dirigeant \u00e9tranger par les autorit\u00e9s judiciaires maliennes d&rsquo;apr\u00e8s mosaiqueguinee.com<\/p>\n<p>Interpell\u00e9 le 25 mai 2025, le journaliste a \u00e9t\u00e9 plac\u00e9 sous mandat de d\u00e9p\u00f4t d\u00e8s le lendemain. Le parquet, repr\u00e9sent\u00e9 par le procureur du P\u00f4le, avait requis une peine de deux ans de prison ferme. L\u2019\u00c9tat malien, partie civile dans cette affaire, r\u00e9clamait quant \u00e0 lui une amende de deux millions de francs CFA. Finalement, le tribunal a condamn\u00e9 Seydou Oumar Traor\u00e9 \u00e0 <strong>douze mois de prison, dont six mois fermes<\/strong>, ainsi qu&rsquo;\u00e0 <strong>une amende d\u2019un million de francs CFA<\/strong>.<\/p>\n<p>Cette condamnation intervient dans un contexte politique particuli\u00e8rement sensible. Seydou Oumar Traor\u00e9 est reconnu comme un fervent d\u00e9fenseur de la Transition malienne. Une posture qui, selon plusieurs de ses confr\u00e8res, lui vaut \u00e0 la fois une forte popularit\u00e9 aupr\u00e8s d\u2019une partie de la population, mais aussi de vives inimiti\u00e9s dans certains cercles politiques et diplomatiques.<\/p>\n<p>L&rsquo;affaire soul\u00e8ve des interrogations sur la libert\u00e9 d&rsquo;expression au Mali, notamment lorsqu\u2019il s\u2019agit de sujets sensibles touchant aux relations internationales et \u00e0 la s\u00e9curit\u00e9 r\u00e9gionale.<\/p>\n<p>&nbsp;<\/p>\n<p>&nbsp;<\/p>\n<p>Ledenonciateur224.com<\/p>\n","protected":false},"excerpt":{"rendered":"<p>Le directeur de Radio Baoul\u00e9 \u00e9cope de six mois de prison ferme apr\u00e8s la diffusion d&rsquo;une vid\u00e9o controvers\u00e9e sur les r\u00e9seaux sociaux Seydou Oumar Traor\u00e9, journaliste de profession et directeur g\u00e9n\u00e9ral de la Radio Baoul\u00e9 au Mali, a \u00e9t\u00e9 condamn\u00e9 ce lundi 14 juillet 2025 pour \u00ab\u00a0offense envers un chef d\u2019\u00c9tat \u00e9tranger\u00a0\u00bb, en l\u2019occurrence le [&hellip;]<\/p>\n","protected":false},"author":2,"featured_media":3936,"comment_status":"open","ping_status":"open","sticky":false,"template":"","format":"standard","meta":{"_jetpack_memberships_contains_paid_content":false,"footnotes":"","jetpack_publicize_message":"","jetpack_publicize_feature_enabled":true,"jetpack_social_post_already_shared":true,"jetpack_social_options":{"image_generator_settings":{"template":"highway","default_image_id":0,"font":"","enabled":false},"version":2}},"categories":[30,38],"tags":[971],"class_list":{"0":"post-3935","1":"post","2":"type-post","3":"status-publish","4":"format-standard","5":"has-post-thumbnail","7":"category-faits-divers","8":"category-international","9":"tag-journaliste-africain"},"jetpack_publicize_connections":[],"jetpack_featured_media_url":"https:\/\/ledenonciateur224.com\/wp-content\/uploads\/2025\/07\/journaliste-malien.jpg","jetpack_sharing_enabled":true,"_links":{"self":[{"href":"https:\/\/ledenonciateur224.com\/index.php\/wp-json\/wp\/v2\/posts\/3935","targetHints":{"allow":["GET"]}}],"collection":[{"href":"https:\/\/ledenonciateur224.com\/index.php\/wp-json\/wp\/v2\/posts"}],"about":[{"href":"https:\/\/ledenonciateur224.com\/index.php\/wp-json\/wp\/v2\/types\/post"}],"author":[{"embeddable":true,"href":"https:\/\/ledenonciateur224.com\/index.php\/wp-json\/wp\/v2\/users\/2"}],"replies":[{"embeddable":true,"href":"https:\/\/ledenonciateur224.com\/index.php\/wp-json\/wp\/v2\/comments?post=3935"}],"version-history":[{"count":0,"href":"https:\/\/ledenonciateur224.com\/index.php\/wp-json\/wp\/v2\/posts\/3935\/revisions"}],"wp:featuredmedia":[{"embeddable":true,"href":"https:\/\/ledenonciateur224.com\/index.php\/wp-json\/wp\/v2\/media\/3936"}],"wp:attachment":[{"href":"https:\/\/ledenonciateur224.com\/index.php\/wp-json\/wp\/v2\/media?parent=3935"}],"wp:term":[{"taxonomy":"category","embeddable":true,"href":"https:\/\/ledenonciateur224.com\/index.php\/wp-json\/wp\/v2\/categories?post=3935"},{"taxonomy":"post_tag","embeddable":true,"href":"https:\/\/ledenonciateur224.com\/index.php\/wp-json\/wp\/v2\/tags?post=3935"}],"curies":[{"name":"wp","href":"https:\/\/api.w.org\/{rel}","templated":true}]}}