{"id":3943,"date":"2025-07-15T22:01:12","date_gmt":"2025-07-15T22:01:12","guid":{"rendered":"https:\/\/ledenonciateur224.com\/?p=3943"},"modified":"2025-07-15T22:01:12","modified_gmt":"2025-07-15T22:01:12","slug":"affaire-du-faux-projet-de-constitution-les-deux-journalistes-relaches-apres-audition","status":"publish","type":"post","link":"https:\/\/ledenonciateur224.com\/index.php\/affaire-du-faux-projet-de-constitution-les-deux-journalistes-relaches-apres-audition\/","title":{"rendered":"Affaire du \u00ab faux projet de Constitution \u00bb : les deux journalistes rel\u00e2ch\u00e9s apr\u00e8s audition"},"content":{"rendered":"<p>Ibrahima Kon\u00e9 et Daouda Taban Sylla ont \u00e9t\u00e9 entendus par la justice militaire avant d\u2019\u00eatre autoris\u00e9s \u00e0 rentrer chez eux. Aucune poursuite n\u2019est engag\u00e9e \u00e0 ce stade.<\/p>\n<p>&nbsp;<\/p>\n<p><strong>Conakry<\/strong>, 15 juillet 2025 \u2013 Apr\u00e8s de longues heures d\u2019audition au <strong>Haut Commandement de la Gendarmerie nationale<\/strong>, direction de la justice militaire, les journalistes <strong>Ibrahima Kon\u00e9<\/strong>, Directeur g\u00e9n\u00e9ral du quotidien national <em>Horoya<\/em>, et <strong>Daouda Taban Sylla<\/strong>, journaliste \u00e0 la RTG Koloma et administrateur du site <em>rtgguinee.info<\/em>, ont \u00e9t\u00e9 <strong>lib\u00e9r\u00e9s en fin de journ\u00e9e<\/strong> ce mardi.<\/p>\n<p>Les deux professionnels des m\u00e9dias \u00e9taient convoqu\u00e9s pour avoir diffus\u00e9 sur leurs plateformes respectives une information jug\u00e9e erron\u00e9e, li\u00e9e au pr\u00e9tendu projet de la <strong>nouvelle Constitution<\/strong>. Selon des sources proches du dossier, les autorit\u00e9s judiciaires militaires leur reprochent la <strong>publication non v\u00e9rifi\u00e9e<\/strong> d\u2019un document dont le contenu aurait pu <strong>induire en erreur l\u2019opinion publique<\/strong> dans un contexte politique d\u00e9j\u00e0 sensible.<\/p>\n<p>Toutefois, \u00e0 l\u2019issue de l\u2019audition, <strong>aucune poursuite judiciaire<\/strong> n\u2019a \u00e9t\u00e9 engag\u00e9e contre eux. Ils ont donc pu regagner leurs domiciles sans autre forme de proc\u00e9dure, pour l\u2019instant.<\/p>\n<p>Cette affaire, qui a bri\u00e8vement secou\u00e9 le paysage m\u00e9diatique guin\u00e9en, soul\u00e8ve de nouveau la question cruciale de la <strong>responsabilit\u00e9 \u00e9ditoriale<\/strong> face \u00e0 la circulation de documents sensibles, surtout \u00e0 l\u2019approche d\u2019\u00e9ch\u00e9ances politiques majeures.<\/p>\n<p>&nbsp;<\/p>\n<p>Ledenonciateur224.com<\/p>\n","protected":false},"excerpt":{"rendered":"<p>Ibrahima Kon\u00e9 et Daouda Taban Sylla ont \u00e9t\u00e9 entendus par la justice militaire avant d\u2019\u00eatre autoris\u00e9s \u00e0 rentrer chez eux. Aucune poursuite n\u2019est engag\u00e9e \u00e0 ce stade. &nbsp; Conakry, 15 juillet 2025 \u2013 Apr\u00e8s de longues heures d\u2019audition au Haut Commandement de la Gendarmerie nationale, direction de la justice militaire, les journalistes Ibrahima Kon\u00e9, Directeur [&hellip;]<\/p>\n","protected":false},"author":2,"featured_media":1007,"comment_status":"open","ping_status":"open","sticky":false,"template":"","format":"standard","meta":{"_jetpack_memberships_contains_paid_content":false,"footnotes":"","jetpack_publicize_message":"","jetpack_publicize_feature_enabled":true,"jetpack_social_post_already_shared":true,"jetpack_social_options":{"image_generator_settings":{"template":"highway","default_image_id":0,"font":"","enabled":false},"version":2}},"categories":[30,24],"tags":[973,920,41],"class_list":{"0":"post-3943","1":"post","2":"type-post","3":"status-publish","4":"format-standard","5":"has-post-thumbnail","7":"category-faits-divers","8":"category-news","9":"tag-haut-commandement","10":"tag-projet-de-constitution","11":"tag-medias-guineens"},"jetpack_publicize_connections":[],"jetpack_featured_media_url":"https:\/\/ledenonciateur224.com\/wp-content\/uploads\/2025\/01\/images-3.jpg","jetpack_sharing_enabled":true,"_links":{"self":[{"href":"https:\/\/ledenonciateur224.com\/index.php\/wp-json\/wp\/v2\/posts\/3943","targetHints":{"allow":["GET"]}}],"collection":[{"href":"https:\/\/ledenonciateur224.com\/index.php\/wp-json\/wp\/v2\/posts"}],"about":[{"href":"https:\/\/ledenonciateur224.com\/index.php\/wp-json\/wp\/v2\/types\/post"}],"author":[{"embeddable":true,"href":"https:\/\/ledenonciateur224.com\/index.php\/wp-json\/wp\/v2\/users\/2"}],"replies":[{"embeddable":true,"href":"https:\/\/ledenonciateur224.com\/index.php\/wp-json\/wp\/v2\/comments?post=3943"}],"version-history":[{"count":0,"href":"https:\/\/ledenonciateur224.com\/index.php\/wp-json\/wp\/v2\/posts\/3943\/revisions"}],"wp:featuredmedia":[{"embeddable":true,"href":"https:\/\/ledenonciateur224.com\/index.php\/wp-json\/wp\/v2\/media\/1007"}],"wp:attachment":[{"href":"https:\/\/ledenonciateur224.com\/index.php\/wp-json\/wp\/v2\/media?parent=3943"}],"wp:term":[{"taxonomy":"category","embeddable":true,"href":"https:\/\/ledenonciateur224.com\/index.php\/wp-json\/wp\/v2\/categories?post=3943"},{"taxonomy":"post_tag","embeddable":true,"href":"https:\/\/ledenonciateur224.com\/index.php\/wp-json\/wp\/v2\/tags?post=3943"}],"curies":[{"name":"wp","href":"https:\/\/api.w.org\/{rel}","templated":true}]}}