{"id":3952,"date":"2025-07-16T14:58:44","date_gmt":"2025-07-16T14:58:44","guid":{"rendered":"https:\/\/ledenonciateur224.com\/?p=3952"},"modified":"2025-07-16T14:58:44","modified_gmt":"2025-07-16T14:58:44","slug":"fin-de-la-paralysie-judiciaire-en-guinee-les-avocats-suspendent-leur-greve","status":"publish","type":"post","link":"https:\/\/ledenonciateur224.com\/index.php\/fin-de-la-paralysie-judiciaire-en-guinee-les-avocats-suspendent-leur-greve\/","title":{"rendered":"Fin de la paralysie judiciaire en Guin\u00e9e : les avocats suspendent leur gr\u00e8ve"},"content":{"rendered":"<p><em>\u00c0 la suite de l\u2019agression de Me Traor\u00e9, le Barreau guin\u00e9en avait lanc\u00e9 un mouvement in\u00e9dit pour exiger justice. Le 16 juillet, apr\u00e8s des avanc\u00e9es notables, il choisit l\u2019apaisement, tout en restant vigilant.<\/em><\/p>\n<p>Apr\u00e8s 23 jours d\u2019un boycott g\u00e9n\u00e9ralis\u00e9 des audiences, les avocats guin\u00e9ens ont d\u00e9cid\u00e9 de reprendre le chemin des tribunaux. L\u2019Ordre des avocats de Guin\u00e9e a officiellement suspendu son mot d\u2019ordre de gr\u00e8ve \u00e0 l\u2019issue d\u2019une assembl\u00e9e g\u00e9n\u00e9rale extraordinaire tenue \u00e0 la Cour d\u2019appel de Conakry.<\/p>\n<p>Une d\u00e9cision prise dans un esprit de responsabilit\u00e9, mais aussi de strat\u00e9gie, comme l\u2019a expliqu\u00e9 Me Moussa Diallo, porte-parole du Barreau :<br \/>\n<strong>\u00ab Pour aller droit au but, il a \u00e9t\u00e9 d\u00e9cid\u00e9 de suspendre le mot d\u2019ordre de boycott, \u00e9mis lors d\u2019une premi\u00e8re assembl\u00e9e g\u00e9n\u00e9rale extraordinaire tenue le 23 juin dernier et reconduit lors de celle du 7 juillet. Aujourd\u2019hui, il s\u2019agissait d\u2019\u00e9valuer l\u2019\u00e9volution de la gestion de cette situation. Il en est ressorti, \u00e0 l\u2019issue du vote, que le mot d\u2019ordre soit suspendu \u00bb<\/strong>, a-t-il d\u00e9clar\u00e9 devant la presse.<\/p>\n<h3><\/h3>\n<p>La mobilisation, d\u00e9clench\u00e9e apr\u00e8s l\u2019agression violente de l\u2019ancien b\u00e2tonnier Me Mohamed Traor\u00e9, avait conduit \u00e0 un arr\u00eat quasi total des activit\u00e9s judiciaires sur tout le territoire. Pour les avocats, ce geste visait \u00e0 exiger une enqu\u00eate s\u00e9rieuse, des poursuites contre les auteurs, et des garanties de s\u00e9curit\u00e9 pour tous les membres du Barreau.<\/p>\n<p>Depuis, des signes d\u2019apaisement et des avanc\u00e9es tangibles ont \u00e9merg\u00e9, selon Me Diallo :<br \/>\n<strong>\u00ab Nous nous sommes rendu compte qu\u2019il y a eu des actes. Mais dans une situation comme celle-ci, o\u00f9 les discussions se m\u00e8nent entre une institution et plusieurs interlocuteurs \u00e9tatiques, il est important de se donner une chance pour faire avancer les choses \u00bb<\/strong>, a-t-il estim\u00e9.<\/p>\n<p>Parmi ces \u00e9l\u00e9ments : l\u2019ouverture d\u2019une proc\u00e9dure judiciaire, l\u2019audition de Me Traor\u00e9, ainsi que des rencontres politiques de haut niveau.<br \/>\n<strong>\u00ab Une proc\u00e9dure a \u00e9t\u00e9 enclench\u00e9e et Me Traor\u00e9 a \u00e9t\u00e9 auditionn\u00e9 par un officier de police judiciaire. Ce sont l\u00e0 des actes concrets que nous avons pris en compte \u00bb<\/strong>, a pr\u00e9cis\u00e9 le porte-parole.<\/p>\n<h3><\/h3>\n<p>L\u2019\u00e9moi suscit\u00e9 par l\u2019agression ne s\u2019est pas limit\u00e9 aux fronti\u00e8res guin\u00e9ennes. La profession tout enti\u00e8re, en Guin\u00e9e comme \u00e0 l\u2019\u00e9tranger, a d\u00e9nonc\u00e9 avec force cette attaque contre l\u2019un de ses membres.<\/p>\n<p><strong>\u00ab Toutes les fa\u00eeti\u00e8res internationales d\u2019avocats ont condamn\u00e9 l\u2019acte. Au niveau local \u00e9galement, il y a eu des condamnations, ainsi que deux rencontres avec le Premier ministre, en pr\u00e9sence de personnalit\u00e9s de l\u2019administration publique et du monde judiciaire \u00bb<\/strong>, a indiqu\u00e9 Me Diallo, soulignant le caract\u00e8re in\u00e9dit de cette mobilisation.<\/p>\n<h3><\/h3>\n<p>Le Barreau ne compte toutefois pas baisser la garde. Une rencontre avec le pr\u00e9sident de la R\u00e9publique reste dans le viseur des avocats :<br \/>\n<strong>\u00ab Ce n\u2019est pas quelque chose qui nous para\u00eet impossible, et ce n\u2019est pas une d\u00e9marche \u00e0 laquelle nous renon\u00e7ons. Il y a bon espoir que cela se fasse. Mais pour l\u2019instant, apr\u00e8s \u00e9valuation de la situation, nous avons jug\u00e9 utile de suspendre le mot d\u2019ordre de gr\u00e8ve, afin de laisser une chance \u00e0 l\u2019aboutissement des discussions engag\u00e9es \u00bb<\/strong>, a d\u00e9clar\u00e9 Me Diallo, sans dissimuler une certaine prudence.<\/p>\n<p>Concernant les \u00e9ventuelles interpellations li\u00e9es \u00e0 l\u2019affaire Traor\u00e9, l\u2019avocat a toutefois admis :<br \/>\n<strong>\u00ab Je ne suis pas en mesure de dire s\u2019il y a eu des arrestations de personnes suspect\u00e9es d\u2019avoir enlev\u00e9 l\u2019ancien b\u00e2tonnier \u00bb<\/strong>.<\/p>\n<h3>La reprise des activit\u00e9s judiciaires devrait soulager de nombreux justiciables, dont les dossiers \u00e9taient bloqu\u00e9s depuis fin juin. Mais la balle est d\u00e9sormais dans le camp des autorit\u00e9s, somm\u00e9es de d\u00e9montrer que l\u2019agression d\u2019un avocat de renom ne restera pas impunie.<\/h3>\n<p>&nbsp;<\/p>\n<p>Ledenonciateur224.com<\/p>\n","protected":false},"excerpt":{"rendered":"<p>\u00c0 la suite de l\u2019agression de Me Traor\u00e9, le Barreau guin\u00e9en avait lanc\u00e9 un mouvement in\u00e9dit pour exiger justice. Le 16 juillet, apr\u00e8s des avanc\u00e9es notables, il choisit l\u2019apaisement, tout en restant vigilant. Apr\u00e8s 23 jours d\u2019un boycott g\u00e9n\u00e9ralis\u00e9 des audiences, les avocats guin\u00e9ens ont d\u00e9cid\u00e9 de reprendre le chemin des tribunaux. L\u2019Ordre des avocats [&hellip;]<\/p>\n","protected":false},"author":2,"featured_media":3791,"comment_status":"open","ping_status":"open","sticky":false,"template":"","format":"standard","meta":{"_jetpack_memberships_contains_paid_content":false,"footnotes":"","jetpack_publicize_message":"","jetpack_publicize_feature_enabled":true,"jetpack_social_post_already_shared":true,"jetpack_social_options":{"image_generator_settings":{"template":"highway","default_image_id":0,"font":"","enabled":false},"version":2}},"categories":[30,24],"tags":[836,814],"class_list":{"0":"post-3952","1":"post","2":"type-post","3":"status-publish","4":"format-standard","5":"has-post-thumbnail","7":"category-faits-divers","8":"category-news","9":"tag-avocats-guinee","10":"tag-greve-en-guinee"},"jetpack_publicize_connections":[],"jetpack_featured_media_url":"https:\/\/ledenonciateur224.com\/wp-content\/uploads\/2025\/07\/fb-img-1751895658356.jpg","jetpack_sharing_enabled":true,"_links":{"self":[{"href":"https:\/\/ledenonciateur224.com\/index.php\/wp-json\/wp\/v2\/posts\/3952","targetHints":{"allow":["GET"]}}],"collection":[{"href":"https:\/\/ledenonciateur224.com\/index.php\/wp-json\/wp\/v2\/posts"}],"about":[{"href":"https:\/\/ledenonciateur224.com\/index.php\/wp-json\/wp\/v2\/types\/post"}],"author":[{"embeddable":true,"href":"https:\/\/ledenonciateur224.com\/index.php\/wp-json\/wp\/v2\/users\/2"}],"replies":[{"embeddable":true,"href":"https:\/\/ledenonciateur224.com\/index.php\/wp-json\/wp\/v2\/comments?post=3952"}],"version-history":[{"count":0,"href":"https:\/\/ledenonciateur224.com\/index.php\/wp-json\/wp\/v2\/posts\/3952\/revisions"}],"wp:featuredmedia":[{"embeddable":true,"href":"https:\/\/ledenonciateur224.com\/index.php\/wp-json\/wp\/v2\/media\/3791"}],"wp:attachment":[{"href":"https:\/\/ledenonciateur224.com\/index.php\/wp-json\/wp\/v2\/media?parent=3952"}],"wp:term":[{"taxonomy":"category","embeddable":true,"href":"https:\/\/ledenonciateur224.com\/index.php\/wp-json\/wp\/v2\/categories?post=3952"},{"taxonomy":"post_tag","embeddable":true,"href":"https:\/\/ledenonciateur224.com\/index.php\/wp-json\/wp\/v2\/tags?post=3952"}],"curies":[{"name":"wp","href":"https:\/\/api.w.org\/{rel}","templated":true}]}}