{"id":3956,"date":"2025-07-16T22:42:13","date_gmt":"2025-07-16T22:42:13","guid":{"rendered":"https:\/\/ledenonciateur224.com\/?p=3956"},"modified":"2025-07-17T11:19:00","modified_gmt":"2025-07-17T11:19:00","slug":"fonij-des-jeunes-agents-denoncent-une-mutation-punitive-et-une-gestion-opaque","status":"publish","type":"post","link":"https:\/\/ledenonciateur224.com\/index.php\/fonij-des-jeunes-agents-denoncent-une-mutation-punitive-et-une-gestion-opaque\/","title":{"rendered":"FONIJ: Des jeunes agents d\u00e9noncent une mutation punitive et une gestion opaque"},"content":{"rendered":"<p>Alors qu\u2019il devrait incarner l\u2019espoir d\u2019une insertion professionnelle pour la jeunesse guin\u00e9enne, le Fonds National pour l\u2019Insertion des Jeunes (FONIJ) est secou\u00e9 par de graves dysfonctionnements internes d&rsquo;apr\u00e8s ses agents. Des agents d\u00e9noncent une gestion autoritaire, marqu\u00e9e par l\u2019opacit\u00e9, les mutations punitives et un climat de repr\u00e9sailles, compromettant dangereusement la cr\u00e9dibilit\u00e9 et l\u2019efficacit\u00e9 de l\u2019institution.<\/p>\n<p>Voici la d\u00e9claration des assistants<\/p>\n<p>&lt;&lt;Par Les Assistants du FONIJ<\/p>\n<p>Le Fonds National pour l&rsquo;Insertion des Jeunes (FONIJ), cens\u00e9 \u00eatre un pilier de la politique d&#8217;emploi des jeunes en Guin\u00e9e, traverse une crise interne silencieuse mais alarmante. Derri\u00e8re la fa\u00e7ade des projets et des communications officielles, une gestion marqu\u00e9e par l&rsquo;opacit\u00e9, l&rsquo;arbitraire et les repr\u00e9sailles met en p\u00e9ril la mission m\u00eame de cette institution.<\/p>\n<p>Une \u00ab\u00a0r\u00e9organisation\u00a0\u00bb qui ressemble \u00e0 un bannissement<\/p>\n<p>Le 20 mars 2025, une d\u00e9cision de mutation (N\u00b0003\/FONIJ\/DG\/2025) est envoy\u00e9e \u00e0 11 assistants techniques du FONIJ. Tous sont affect\u00e9s dans l&rsquo;int\u00e9rieur du pays, dans des r\u00e9gions et des pr\u00e9fectures sans aucune agence FONIJ existante, \u00e0 plus forte raison des mesures d&rsquo;accompagnement.<\/p>\n<p>Ces mutations:<\/p>\n<p>&#8211; Ne sont accompagn\u00e9es d&rsquo;aucun ordre de mission clair,<\/p>\n<p>&#8211; Ne sont pr\u00e9c\u00e9d\u00e9es d&rsquo;aucun \u00e9change ni entretien professionnel,<\/p>\n<p>&#8211; Sont per\u00e7ues comme des repr\u00e9sailles apr\u00e8s des revendications internes portant sur les conditions de travail, les in\u00e9galit\u00e9s salariales, et le manque de transparence dans la gestion des projets.<\/p>\n<p>Suspension des salaires sans justification<\/p>\n<p>Depuis mars 2025, les assistants concern\u00e9s ne per\u00e7oivent plus leurs salaires.<\/p>\n<p>Leurs contrats n&rsquo;ont pas \u00e9t\u00e9 rompus l\u00e9galement, et aucune d\u00e9cision administrative formelle ne leur a \u00e9t\u00e9 notifi\u00e9e.<\/p>\n<p>Cette suspension soul\u00e8ve des questions graves sur le respect du Code du travail et des droits fondamentaux des agents publics contractuels.<\/p>\n<p>Une direction au sommet&#8230; et des agents \u00e0 sec<\/p>\n<p>Le salaire du DG est pass\u00e9 de 13 \u00e0 26 millions GNF.<\/p>\n<p>Celui de son Adjoint a suivi la m\u00eame courbe.<\/p>\n<p>Les Chefs de service ont \u00e9galement vu leurs r\u00e9mun\u00e9rations revaloris\u00e9es.<\/p>\n<p>Des projets officiellement financ\u00e9s dans plusieurs r\u00e9gions restent sans impact r\u00e9el sur le terrain.<\/p>\n<p>L&rsquo;Inspection G\u00e9n\u00e9rale d&rsquo;\u00c9tat donne du cr\u00e9dit aux accusations<\/p>\n<p>Le 30 juin 2025, une r\u00e9ponse officielle de l&rsquo;Inspection G\u00e9n\u00e9rale d&rsquo;\u00c9tat (IGE), sign\u00e9e par le V\u00e9rificateur G\u00e9n\u00e9ral Dr Joseph Togna Dor\u00e9, est adress\u00e9e aux plaignants.<\/p>\n<p>L&rsquo;IGE reconna\u00eet les faits de mauvaise gestion administrative et financi\u00e8re, \u00e9voque des mutations abusives, et renvoie le dossier \u00e0 l&rsquo;Inspection G\u00e9n\u00e9rale du Travail.<\/p>\n<p>Silence du minist\u00e8re, mobilisation du terrain<\/p>\n<p>Les agents concern\u00e9s ont saisi plusieurs instances: Inspection G\u00e9n\u00e9rale du Travail, Agence National de Lutte contre la Corruption, CNT, Primature et Pr\u00e9sidence.<\/p>\n<p>Ils affirment rester ouverts au dialogue, mais refusent d&rsquo;accepter l&rsquo;injustice comme norme.<\/p>\n<p>Le FONIJ, laboratoire d&rsquo;avenir ou miroir de d\u00e9rives ?<\/p>\n<p>Comment une institution charg\u00e9e de l&rsquo;insertion peut-elle justifier d&rsquo;\u00e9carter ses propres agents pour avoir d\u00e9fendu le respect des r\u00e8gles ?<\/p>\n<p>Les jeunes mut\u00e9s demandent des missions r\u00e9elles, un cadre de travail l\u00e9gal, et le respect de leur contrat.<\/p>\n<p>\u00ab\u00a0Ce n&rsquo;est pas une r\u00e9bellion. C&rsquo;est un combat pour la dignit\u00e9.\u00a0\u00bb<\/p>\n<p>\u00ab\u00a0Nous ne cherchons pas le chaos. Nous ne d\u00e9non\u00e7ons pas pour nuire.<\/p>\n<p>Nous voulons simplement que la loi soit appliqu\u00e9e.<\/p>\n<p>&lt;Que le FONIJ redevienne un outil au service de la jeunesse, pas un instrument de punition et de propagande. &gt;&gt;&gt;<\/p>\n<p>L&rsquo;Inspection G\u00e9n\u00e9ral du Travail passe \u00e0 l&rsquo;action<\/p>\n<p>Ce mercredi 16 juillet 2025, l&rsquo;Inspection G\u00e9n\u00e9rale du travail \u00e0 \u00e9mis une convocation officielle \u00e0 la direction du FONIJ, demande des explications au Directeur G\u00e9n\u00e9ral sur les mutations abusives, la suspension des salaires et la gestion contest\u00e9e de l&rsquo;institution.<\/p>\n<p>Le Directeur G\u00e9n\u00e9ral se pr\u00e9sentera-t-il pour r\u00e9pondre \u00e0 ces accusations et faire la lumi\u00e8re sur cette crise interne ?<\/p>\n<p>Les Assistants du FONIJ<\/p>\n","protected":false},"excerpt":{"rendered":"<p>Alors qu\u2019il devrait incarner l\u2019espoir d\u2019une insertion professionnelle pour la jeunesse guin\u00e9enne, le Fonds National pour l\u2019Insertion des Jeunes (FONIJ) est secou\u00e9 par de graves dysfonctionnements internes d&rsquo;apr\u00e8s ses agents. Des agents d\u00e9noncent une gestion autoritaire, marqu\u00e9e par l\u2019opacit\u00e9, les mutations punitives et un climat de repr\u00e9sailles, compromettant dangereusement la cr\u00e9dibilit\u00e9 et l\u2019efficacit\u00e9 de l\u2019institution. [&hellip;]<\/p>\n","protected":false},"author":2,"featured_media":3957,"comment_status":"open","ping_status":"open","sticky":false,"template":"","format":"standard","meta":{"_jetpack_memberships_contains_paid_content":false,"footnotes":"","jetpack_publicize_message":"","jetpack_publicize_feature_enabled":true,"jetpack_social_post_already_shared":true,"jetpack_social_options":{"image_generator_settings":{"template":"highway","default_image_id":0,"font":"","enabled":false},"version":2}},"categories":[30,24],"tags":[978],"class_list":{"0":"post-3956","1":"post","2":"type-post","3":"status-publish","4":"format-standard","5":"has-post-thumbnail","7":"category-faits-divers","8":"category-news","9":"tag-fonij-guinee"},"jetpack_publicize_connections":[],"jetpack_featured_media_url":"https:\/\/ledenonciateur224.com\/wp-content\/uploads\/2025\/07\/fb-img-1752705177467.jpg","jetpack_sharing_enabled":true,"_links":{"self":[{"href":"https:\/\/ledenonciateur224.com\/index.php\/wp-json\/wp\/v2\/posts\/3956","targetHints":{"allow":["GET"]}}],"collection":[{"href":"https:\/\/ledenonciateur224.com\/index.php\/wp-json\/wp\/v2\/posts"}],"about":[{"href":"https:\/\/ledenonciateur224.com\/index.php\/wp-json\/wp\/v2\/types\/post"}],"author":[{"embeddable":true,"href":"https:\/\/ledenonciateur224.com\/index.php\/wp-json\/wp\/v2\/users\/2"}],"replies":[{"embeddable":true,"href":"https:\/\/ledenonciateur224.com\/index.php\/wp-json\/wp\/v2\/comments?post=3956"}],"version-history":[{"count":0,"href":"https:\/\/ledenonciateur224.com\/index.php\/wp-json\/wp\/v2\/posts\/3956\/revisions"}],"wp:featuredmedia":[{"embeddable":true,"href":"https:\/\/ledenonciateur224.com\/index.php\/wp-json\/wp\/v2\/media\/3957"}],"wp:attachment":[{"href":"https:\/\/ledenonciateur224.com\/index.php\/wp-json\/wp\/v2\/media?parent=3956"}],"wp:term":[{"taxonomy":"category","embeddable":true,"href":"https:\/\/ledenonciateur224.com\/index.php\/wp-json\/wp\/v2\/categories?post=3956"},{"taxonomy":"post_tag","embeddable":true,"href":"https:\/\/ledenonciateur224.com\/index.php\/wp-json\/wp\/v2\/tags?post=3956"}],"curies":[{"name":"wp","href":"https:\/\/api.w.org\/{rel}","templated":true}]}}