{"id":3959,"date":"2025-07-17T00:38:09","date_gmt":"2025-07-17T00:38:09","guid":{"rendered":"https:\/\/ledenonciateur224.com\/?p=3959"},"modified":"2025-07-17T00:38:09","modified_gmt":"2025-07-17T00:38:09","slug":"jean-coker-nomme-chef-du-service-production-cinematographique-chez-amafo-production-un-nouveau-souffle-creatif","status":"publish","type":"post","link":"https:\/\/ledenonciateur224.com\/index.php\/jean-coker-nomme-chef-du-service-production-cinematographique-chez-amafo-production-un-nouveau-souffle-creatif\/","title":{"rendered":"Jean Coker nomm\u00e9 Chef du Service Production Cin\u00e9matographique chez AMAFO Production : Un nouveau souffle cr\u00e9atif"},"content":{"rendered":"<h4>Un passionn\u00e9 de cin\u00e9ma \u00e0 la t\u00eate des projets audiovisuels ambitieux de la filiale<\/h4>\n<p>C\u2019est avec une grande fiert\u00e9 et une vive \u00e9motion que s\u2019est tenue la c\u00e9r\u00e9monie officielle d\u2019installation de <strong>Jean Coker<\/strong> en tant que <strong>Chef du Service Production Cin\u00e9matographique<\/strong> au sein de <strong>la filiale AMAFO Production<\/strong>. Ce moment marquant vient sceller l\u2019arriv\u00e9e d\u2019un professionnel aguerri, dont le talent n\u2019est plus \u00e0 prouver dans le monde de l\u2019audiovisuel.<\/p>\n<p><img loading=\"lazy\" decoding=\"async\" class=\"alignnone size-full wp-image-3960\" src=\"https:\/\/ledenonciateur224.com\/wp-content\/uploads\/2025\/07\/fb-img-1752712135064.jpg\" alt=\"\" width=\"2048\" height=\"1367\" srcset=\"https:\/\/ledenonciateur224.com\/wp-content\/uploads\/2025\/07\/fb-img-1752712135064.jpg 2048w, https:\/\/ledenonciateur224.com\/wp-content\/uploads\/2025\/07\/fb-img-1752712135064-300x200.jpg 300w, https:\/\/ledenonciateur224.com\/wp-content\/uploads\/2025\/07\/fb-img-1752712135064-1024x684.jpg 1024w, https:\/\/ledenonciateur224.com\/wp-content\/uploads\/2025\/07\/fb-img-1752712135064-768x513.jpg 768w, https:\/\/ledenonciateur224.com\/wp-content\/uploads\/2025\/07\/fb-img-1752712135064-1536x1025.jpg 1536w, https:\/\/ledenonciateur224.com\/wp-content\/uploads\/2025\/07\/fb-img-1752712135064-150x100.jpg 150w, https:\/\/ledenonciateur224.com\/wp-content\/uploads\/2025\/07\/fb-img-1752712135064-696x465.jpg 696w, https:\/\/ledenonciateur224.com\/wp-content\/uploads\/2025\/07\/fb-img-1752712135064-1068x713.jpg 1068w, https:\/\/ledenonciateur224.com\/wp-content\/uploads\/2025\/07\/fb-img-1752712135064-1920x1282.jpg 1920w, https:\/\/ledenonciateur224.com\/wp-content\/uploads\/2025\/07\/fb-img-1752712135064-629x420.jpg 629w\" sizes=\"auto, (max-width: 2048px) 100vw, 2048px\" \/><\/p>\n<p>Reconnu pour son <strong>expertise pointue<\/strong>, sa <strong>passion in\u00e9branlable pour le cin\u00e9ma<\/strong> et une <strong>vision cr\u00e9ative ambitieuse<\/strong>, Jean Coker apporte une \u00e9nergie nouvelle et une direction artistique affirm\u00e9e \u00e0 l\u2019\u00e9quipe. Son r\u00f4le consistera \u00e0 <strong>piloter les projets de production<\/strong>, \u00e0 en assurer la qualit\u00e9 artistique et technique, et \u00e0 accompagner les \u00e9quipes dans une dynamique d\u2019excellence.<\/p>\n<p><img loading=\"lazy\" decoding=\"async\" class=\"alignnone size-full wp-image-3962\" src=\"https:\/\/ledenonciateur224.com\/wp-content\/uploads\/2025\/07\/fb-img-1752712140144.jpg\" alt=\"\" width=\"1367\" height=\"2048\" srcset=\"https:\/\/ledenonciateur224.com\/wp-content\/uploads\/2025\/07\/fb-img-1752712140144.jpg 1367w, https:\/\/ledenonciateur224.com\/wp-content\/uploads\/2025\/07\/fb-img-1752712140144-200x300.jpg 200w, https:\/\/ledenonciateur224.com\/wp-content\/uploads\/2025\/07\/fb-img-1752712140144-684x1024.jpg 684w, https:\/\/ledenonciateur224.com\/wp-content\/uploads\/2025\/07\/fb-img-1752712140144-768x1151.jpg 768w, https:\/\/ledenonciateur224.com\/wp-content\/uploads\/2025\/07\/fb-img-1752712140144-1025x1536.jpg 1025w, https:\/\/ledenonciateur224.com\/wp-content\/uploads\/2025\/07\/fb-img-1752712140144-150x225.jpg 150w, https:\/\/ledenonciateur224.com\/wp-content\/uploads\/2025\/07\/fb-img-1752712140144-300x449.jpg 300w, https:\/\/ledenonciateur224.com\/wp-content\/uploads\/2025\/07\/fb-img-1752712140144-696x1043.jpg 696w, https:\/\/ledenonciateur224.com\/wp-content\/uploads\/2025\/07\/fb-img-1752712140144-1068x1600.jpg 1068w, https:\/\/ledenonciateur224.com\/wp-content\/uploads\/2025\/07\/fb-img-1752712140144-280x420.jpg 280w\" sizes=\"auto, (max-width: 1367px) 100vw, 1367px\" \/><\/p>\n<p>Avec cette nomination strat\u00e9gique, AMAFO Production affirme son <strong>engagement \u00e0 innover<\/strong> et \u00e0 <strong>renforcer sa pr\u00e9sence sur la sc\u00e8ne cin\u00e9matographique internationale<\/strong>. La direction mise sur la capacit\u00e9 de Jean Coker \u00e0 <strong>faire rayonner les productions<\/strong> bien au-del\u00e0 des fronti\u00e8res nationales, en misant sur des contenus originaux, puissants et universels.<\/p>\n<p><img loading=\"lazy\" decoding=\"async\" class=\"alignnone size-full wp-image-3961\" src=\"https:\/\/ledenonciateur224.com\/wp-content\/uploads\/2025\/07\/fb-img-1752712156254.jpg\" alt=\"\" width=\"2048\" height=\"1367\" srcset=\"https:\/\/ledenonciateur224.com\/wp-content\/uploads\/2025\/07\/fb-img-1752712156254.jpg 2048w, https:\/\/ledenonciateur224.com\/wp-content\/uploads\/2025\/07\/fb-img-1752712156254-300x200.jpg 300w, https:\/\/ledenonciateur224.com\/wp-content\/uploads\/2025\/07\/fb-img-1752712156254-1024x684.jpg 1024w, https:\/\/ledenonciateur224.com\/wp-content\/uploads\/2025\/07\/fb-img-1752712156254-768x513.jpg 768w, https:\/\/ledenonciateur224.com\/wp-content\/uploads\/2025\/07\/fb-img-1752712156254-1536x1025.jpg 1536w, https:\/\/ledenonciateur224.com\/wp-content\/uploads\/2025\/07\/fb-img-1752712156254-150x100.jpg 150w, https:\/\/ledenonciateur224.com\/wp-content\/uploads\/2025\/07\/fb-img-1752712156254-696x465.jpg 696w, https:\/\/ledenonciateur224.com\/wp-content\/uploads\/2025\/07\/fb-img-1752712156254-1068x713.jpg 1068w, https:\/\/ledenonciateur224.com\/wp-content\/uploads\/2025\/07\/fb-img-1752712156254-1920x1282.jpg 1920w, https:\/\/ledenonciateur224.com\/wp-content\/uploads\/2025\/07\/fb-img-1752712156254-629x420.jpg 629w\" sizes=\"auto, (max-width: 2048px) 100vw, 2048px\" \/><\/p>\n<p>L\u2019avenir s\u2019annonce prometteur pour AMAFO Production, qui s\u2019appuie d\u00e9sormais sur un chef de production visionnaire pour \u00e9crire une nouvelle page de son histoire audiovisuelle.<\/p>\n<p>&nbsp;<\/p>\n<p>&nbsp;<\/p>\n<p>N&rsquo;sira Sylla<\/p>\n","protected":false},"excerpt":{"rendered":"<p>Un passionn\u00e9 de cin\u00e9ma \u00e0 la t\u00eate des projets audiovisuels ambitieux de la filiale C\u2019est avec une grande fiert\u00e9 et une vive \u00e9motion que s\u2019est tenue la c\u00e9r\u00e9monie officielle d\u2019installation de Jean Coker en tant que Chef du Service Production Cin\u00e9matographique au sein de la filiale AMAFO Production. Ce moment marquant vient sceller l\u2019arriv\u00e9e d\u2019un [&hellip;]<\/p>\n","protected":false},"author":2,"featured_media":3963,"comment_status":"open","ping_status":"open","sticky":false,"template":"","format":"standard","meta":{"_jetpack_memberships_contains_paid_content":false,"footnotes":"","jetpack_publicize_message":"","jetpack_publicize_feature_enabled":true,"jetpack_social_post_already_shared":true,"jetpack_social_options":{"image_generator_settings":{"template":"highway","default_image_id":0,"font":"","enabled":false},"version":2}},"categories":[28,24],"tags":[979],"class_list":{"0":"post-3959","1":"post","2":"type-post","3":"status-publish","4":"format-standard","5":"has-post-thumbnail","7":"category-culture","8":"category-news","9":"tag-amafo-production-cinematographique"},"jetpack_publicize_connections":[],"jetpack_featured_media_url":"https:\/\/ledenonciateur224.com\/wp-content\/uploads\/2025\/07\/fb-img-1752712148630.jpg","jetpack_sharing_enabled":true,"_links":{"self":[{"href":"https:\/\/ledenonciateur224.com\/index.php\/wp-json\/wp\/v2\/posts\/3959","targetHints":{"allow":["GET"]}}],"collection":[{"href":"https:\/\/ledenonciateur224.com\/index.php\/wp-json\/wp\/v2\/posts"}],"about":[{"href":"https:\/\/ledenonciateur224.com\/index.php\/wp-json\/wp\/v2\/types\/post"}],"author":[{"embeddable":true,"href":"https:\/\/ledenonciateur224.com\/index.php\/wp-json\/wp\/v2\/users\/2"}],"replies":[{"embeddable":true,"href":"https:\/\/ledenonciateur224.com\/index.php\/wp-json\/wp\/v2\/comments?post=3959"}],"version-history":[{"count":0,"href":"https:\/\/ledenonciateur224.com\/index.php\/wp-json\/wp\/v2\/posts\/3959\/revisions"}],"wp:featuredmedia":[{"embeddable":true,"href":"https:\/\/ledenonciateur224.com\/index.php\/wp-json\/wp\/v2\/media\/3963"}],"wp:attachment":[{"href":"https:\/\/ledenonciateur224.com\/index.php\/wp-json\/wp\/v2\/media?parent=3959"}],"wp:term":[{"taxonomy":"category","embeddable":true,"href":"https:\/\/ledenonciateur224.com\/index.php\/wp-json\/wp\/v2\/categories?post=3959"},{"taxonomy":"post_tag","embeddable":true,"href":"https:\/\/ledenonciateur224.com\/index.php\/wp-json\/wp\/v2\/tags?post=3959"}],"curies":[{"name":"wp","href":"https:\/\/api.w.org\/{rel}","templated":true}]}}