{"id":396,"date":"2024-12-08T16:06:54","date_gmt":"2024-12-08T16:06:54","guid":{"rendered":"https:\/\/ledenonciateur224.com\/?p=396"},"modified":"2024-12-08T16:06:54","modified_gmt":"2024-12-08T16:06:54","slug":"festival-international-du-djembe-les-autorites-rendent-un-vibrant-hommage-aux-gardiens-de-la-tradition","status":"publish","type":"post","link":"https:\/\/ledenonciateur224.com\/index.php\/festival-international-du-djembe-les-autorites-rendent-un-vibrant-hommage-aux-gardiens-de-la-tradition\/","title":{"rendered":"Festival International du Djemb\u00e9 : Les autorit\u00e9s rendent un vibrant hommage aux gardiens de la tradition"},"content":{"rendered":"<blockquote>\n<div dir=\"auto\" style=\"text-align: left\">Le Festival International du Djemb\u00e9, \u00e9v\u00e9nement phare c\u00e9l\u00e9brant la richesse de la culture guin\u00e9enne, s&rsquo;est ouvert dans une atmosph\u00e8re empreinte de gratitude et de respect. Lors de la c\u00e9r\u00e9monie inaugurale, plac\u00e9e sous le signe de la reconnaissance, le Ministre de la Culture, du Tourisme et de l\u2019Artisanat, Moussa Mo\u00efse Sylla, a rendu un hommage vibrant \u00e0 trois figures embl\u00e9matiques du Djemb\u00e9 en Guin\u00e9e, des ma\u00eetres incontest\u00e9s qui ont consacr\u00e9 leur vie \u00e0 la pr\u00e9servation de cet art ancestral.<\/div>\n<\/blockquote>\n<div dir=\"auto\"><\/div>\n<div dir=\"auto\">Les doyens Aboubacar Fatouabou Camara, Mamoudou Camara, surnomm\u00e9 Mansa Kamio, et Famoudou Konat\u00e9 ont \u00e9t\u00e9 honor\u00e9s pour leur contribution exceptionnelle \u00e0 la transmission du Djemb\u00e9, un instrument au c\u0153ur de l&rsquo;identit\u00e9 culturelle guin\u00e9enne. Leur travail inlassable a non seulement pr\u00e9serv\u00e9 la richesse de cet art, mais a aussi permis de le propager bien au-del\u00e0 des fronti\u00e8res de la Guin\u00e9e, faisant rayonner la culture africaine \u00e0 l\u2019\u00e9chelle internationale.<\/div>\n<div dir=\"auto\"><\/div>\n<div dir=\"auto\">Le point d&rsquo;orgue de cette c\u00e9r\u00e9monie m\u00e9morable a \u00e9t\u00e9 une prestation magistrale des trois doyens. Leurs mains expertes ont fait vibrer les tambours dans une synchronisation parfaite, cr\u00e9ant une atmosph\u00e8re envo\u00fbtante qui a marqu\u00e9 le d\u00e9but officiel du festival. Cette prestation \u00e9motive a captiv\u00e9 l&rsquo;ensemble de l&rsquo;auditoire, rendant hommage \u00e0 la beaut\u00e9, \u00e0 la profondeur et \u00e0 l&rsquo;\u00e2me du Djemb\u00e9, tout en soulignant l&rsquo;importance de pr\u00e9server cet h\u00e9ritage unique.<\/div>\n<div dir=\"auto\"><\/div>\n<div dir=\"auto\">Le Festival International du Djemb\u00e9, d\u00e9sormais un rendez-vous incontournable pour les passionn\u00e9s et les amateurs de musique traditionnelle, se poursuit avec des performances, des ateliers et des rencontres autour de cet instrument mythique qui incarne l\u2019esprit et la culture guin\u00e9enne.<\/div>\n<div dir=\"auto\"><\/div>\n<div dir=\"auto\">Alpha Soumah<\/div>\n<div dir=\"auto\"><\/div>\n","protected":false},"excerpt":{"rendered":"<p>Le Festival International du Djemb\u00e9, \u00e9v\u00e9nement phare c\u00e9l\u00e9brant la richesse de la culture guin\u00e9enne, s&rsquo;est ouvert dans une atmosph\u00e8re empreinte de gratitude et de respect. Lors de la c\u00e9r\u00e9monie inaugurale, plac\u00e9e sous le signe de la reconnaissance, le Ministre de la Culture, du Tourisme et de l\u2019Artisanat, Moussa Mo\u00efse Sylla, a rendu un hommage vibrant [&hellip;]<\/p>\n","protected":false},"author":2,"featured_media":397,"comment_status":"open","ping_status":"open","sticky":false,"template":"","format":"standard","meta":{"_jetpack_memberships_contains_paid_content":false,"footnotes":"","jetpack_publicize_message":"","jetpack_publicize_feature_enabled":true,"jetpack_social_post_already_shared":false,"jetpack_social_options":{"image_generator_settings":{"template":"highway","default_image_id":0,"font":"","enabled":false},"version":2}},"categories":[28,24],"tags":[36,53,67,35],"class_list":{"0":"post-396","1":"post","2":"type-post","3":"status-publish","4":"format-standard","5":"has-post-thumbnail","7":"category-culture","8":"category-news","9":"tag-conakry","10":"tag-culture-guineenne","11":"tag-festival-international-du-djembe","12":"tag-guinee"},"jetpack_publicize_connections":[],"jetpack_featured_media_url":"https:\/\/ledenonciateur224.com\/wp-content\/uploads\/2024\/12\/fb-img-1733613884704.jpg","jetpack_sharing_enabled":true,"_links":{"self":[{"href":"https:\/\/ledenonciateur224.com\/index.php\/wp-json\/wp\/v2\/posts\/396","targetHints":{"allow":["GET"]}}],"collection":[{"href":"https:\/\/ledenonciateur224.com\/index.php\/wp-json\/wp\/v2\/posts"}],"about":[{"href":"https:\/\/ledenonciateur224.com\/index.php\/wp-json\/wp\/v2\/types\/post"}],"author":[{"embeddable":true,"href":"https:\/\/ledenonciateur224.com\/index.php\/wp-json\/wp\/v2\/users\/2"}],"replies":[{"embeddable":true,"href":"https:\/\/ledenonciateur224.com\/index.php\/wp-json\/wp\/v2\/comments?post=396"}],"version-history":[{"count":0,"href":"https:\/\/ledenonciateur224.com\/index.php\/wp-json\/wp\/v2\/posts\/396\/revisions"}],"wp:featuredmedia":[{"embeddable":true,"href":"https:\/\/ledenonciateur224.com\/index.php\/wp-json\/wp\/v2\/media\/397"}],"wp:attachment":[{"href":"https:\/\/ledenonciateur224.com\/index.php\/wp-json\/wp\/v2\/media?parent=396"}],"wp:term":[{"taxonomy":"category","embeddable":true,"href":"https:\/\/ledenonciateur224.com\/index.php\/wp-json\/wp\/v2\/categories?post=396"},{"taxonomy":"post_tag","embeddable":true,"href":"https:\/\/ledenonciateur224.com\/index.php\/wp-json\/wp\/v2\/tags?post=396"}],"curies":[{"name":"wp","href":"https:\/\/api.w.org\/{rel}","templated":true}]}}