{"id":3982,"date":"2025-07-18T11:42:35","date_gmt":"2025-07-18T11:42:35","guid":{"rendered":"https:\/\/ledenonciateur224.com\/?p=3982"},"modified":"2025-07-18T11:42:35","modified_gmt":"2025-07-18T11:42:35","slug":"a-la-recherche-de-salematou-le-cri-du-coeur-dun-policier-pour-retrouver-sa-mere-disparue","status":"publish","type":"post","link":"https:\/\/ledenonciateur224.com\/index.php\/a-la-recherche-de-salematou-le-cri-du-coeur-dun-policier-pour-retrouver-sa-mere-disparue\/","title":{"rendered":"\u00c0 la recherche de Sal\u00e9matou : le cri du c\u0153ur d\u2019un policier pour retrouver sa m\u00e8re disparue"},"content":{"rendered":"<h4><em>Mohamed Sal\u00e9 Camara, jeune policier guin\u00e9en, n\u2019a qu\u2019un seul souhait : retrouver celle qui lui a donn\u00e9 la vie avant de dispara\u00eetre. Un appel \u00e9mouvant \u00e0 la solidarit\u00e9 et \u00e0 la m\u00e9moire collective.<\/em><\/h4>\n<p>Mohamed Sal\u00e9 Camara, jeune policier originaire de\u00a0<strong>Koba Soguiya<\/strong>, dans la pr\u00e9fecture de Dubr\u00e9ka, porte en lui une blessure silencieuse, un vide que ni le temps ni le destin n\u2019ont su combler : retrouver sa m\u00e8re biologique,\u00a0<strong>Sal\u00e9matou<\/strong>, qu\u2019il n\u2019a jamais connue.<\/p>\n<p>Ce jeudi, dans les locaux d\u2019<strong>Avenirguinee<\/strong>, le jeune homme s\u2019est confi\u00e9 avec \u00e9motion, dans l\u2019espoir que son t\u00e9moignage touche des c\u0153urs sensibles et l\u2019aide \u00e0 renouer avec ses origines.<\/p>\n<p>N\u00e9 de l\u2019union entre son p\u00e8re \u2013 aujourd\u2019hui d\u00e9c\u00e9d\u00e9 \u2013 et une femme pr\u00e9nomm\u00e9e Sal\u00e9matou, Mohamed a \u00e9t\u00e9 s\u00e9par\u00e9 de sa m\u00e8re alors qu\u2019il n\u2019\u00e9tait encore qu\u2019un nourrisson. Un pass\u00e9 flou, envelopp\u00e9 de silence et de souvenirs transmis.\u00ab Mes parents ont divorc\u00e9 pendant que j\u2019\u00e9tais encore tr\u00e8s petit, j\u2019\u00e9tais dans la couche. Ma maman s\u2019appelle Sal\u00e9matou, mais j\u2019ignore son nom de famille. Je ne sais pas si elle s\u2019appelle Sylla ou Camara. Ce que je sais, c\u2019est qu\u2019apr\u00e8s leur s\u00e9paration, elle m\u2019a remis \u00e0 mon p\u00e8re, et depuis, je n\u2019ai plus eu de ses nouvelles \u00bb, confie-t-il, la voix charg\u00e9e d\u2019\u00e9motion.<\/p>\n<p>Ce silence maternel, Mohamed l\u2019a port\u00e9 comme un fardeau durant toute son enfance. Aujourd\u2019hui adulte, engag\u00e9 dans les forces de s\u00e9curit\u00e9, il n\u2019en reste pas moins cet enfant en qu\u00eate de v\u00e9rit\u00e9, de liens, de r\u00e9ponses.\u00ab Mon p\u00e8re est d\u00e9c\u00e9d\u00e9. Aucun membre de sa famille ne conna\u00eet ma m\u00e8re ni sa famille. Mon seul souhait est que vous m\u2019aidiez \u00e0 retrouver la femme qui m\u2019a mis au monde. Dieu a voulu que je sois policier aujourd\u2019hui. Mais je ressens le besoin, plus que jamais, de retrouver ma m\u00e8re \u00bb, lance-t-il dans un appel empreint de sinc\u00e9rit\u00e9.<\/p>\n<p>Son t\u00e9moignage, bouleversant, refl\u00e8te une r\u00e9alit\u00e9 partag\u00e9e par de nombreux enfants s\u00e9par\u00e9s trop t\u00f4t de leurs parents, pour des raisons familiales, sociales ou culturelles. Dans sa qu\u00eate, Mohamed esp\u00e8re que le pouvoir des mots et la force de la solidarit\u00e9 guin\u00e9enne lui ouvriront les portes du pass\u00e9.<\/p>\n<p>Si vous avez des informations susceptibles d\u2019aider\u00a0<strong>Mohamed Sal\u00e9 Camara<\/strong>\u00a0\u00e0 retrouver sa m\u00e8re\u00a0<strong>Sal\u00e9matou<\/strong>, n\u2019h\u00e9sitez pas \u00e0 contacter la r\u00e9daction Ledenonciateur224.com. Chaque d\u00e9tail compte, chaque t\u00e9moignage peut \u00eatre une lumi\u00e8re dans ce long tunnel d\u2019incertitudes.<\/p>\n<p><img loading=\"lazy\" decoding=\"async\" class=\"alignnone size-full wp-image-3984\" src=\"https:\/\/ledenonciateur224.com\/wp-content\/uploads\/2025\/07\/img-20250718-wa0011.jpg\" alt=\"\" width=\"810\" height=\"1080\" srcset=\"https:\/\/ledenonciateur224.com\/wp-content\/uploads\/2025\/07\/img-20250718-wa0011.jpg 810w, https:\/\/ledenonciateur224.com\/wp-content\/uploads\/2025\/07\/img-20250718-wa0011-225x300.jpg 225w, https:\/\/ledenonciateur224.com\/wp-content\/uploads\/2025\/07\/img-20250718-wa0011-768x1024.jpg 768w, https:\/\/ledenonciateur224.com\/wp-content\/uploads\/2025\/07\/img-20250718-wa0011-150x200.jpg 150w, https:\/\/ledenonciateur224.com\/wp-content\/uploads\/2025\/07\/img-20250718-wa0011-300x400.jpg 300w, https:\/\/ledenonciateur224.com\/wp-content\/uploads\/2025\/07\/img-20250718-wa0011-696x928.jpg 696w, https:\/\/ledenonciateur224.com\/wp-content\/uploads\/2025\/07\/img-20250718-wa0011-315x420.jpg 315w\" sizes=\"auto, (max-width: 810px) 100vw, 810px\" \/><\/p>\n<p>Ledenonciateur224.com<\/p>\n<p>622 42 41 87<\/p>\n","protected":false},"excerpt":{"rendered":"<p>Mohamed Sal\u00e9 Camara, jeune policier guin\u00e9en, n\u2019a qu\u2019un seul souhait : retrouver celle qui lui a donn\u00e9 la vie avant de dispara\u00eetre. Un appel \u00e9mouvant \u00e0 la solidarit\u00e9 et \u00e0 la m\u00e9moire collective. Mohamed Sal\u00e9 Camara, jeune policier originaire de\u00a0Koba Soguiya, dans la pr\u00e9fecture de Dubr\u00e9ka, porte en lui une blessure silencieuse, un vide que [&hellip;]<\/p>\n","protected":false},"author":2,"featured_media":3983,"comment_status":"open","ping_status":"open","sticky":false,"template":"","format":"standard","meta":{"_jetpack_memberships_contains_paid_content":false,"footnotes":"","jetpack_publicize_message":"","jetpack_publicize_feature_enabled":true,"jetpack_social_post_already_shared":true,"jetpack_social_options":{"image_generator_settings":{"template":"highway","default_image_id":0,"font":"","enabled":false},"version":2}},"categories":[30,24],"tags":[983,982],"class_list":{"0":"post-3982","1":"post","2":"type-post","3":"status-publish","4":"format-standard","5":"has-post-thumbnail","7":"category-faits-divers","8":"category-news","9":"tag-femme-guineenne","10":"tag-mere-et-enfant"},"jetpack_publicize_connections":[],"jetpack_featured_media_url":"https:\/\/ledenonciateur224.com\/wp-content\/uploads\/2025\/07\/img-20250718-wa0010.jpg","jetpack_sharing_enabled":true,"_links":{"self":[{"href":"https:\/\/ledenonciateur224.com\/index.php\/wp-json\/wp\/v2\/posts\/3982","targetHints":{"allow":["GET"]}}],"collection":[{"href":"https:\/\/ledenonciateur224.com\/index.php\/wp-json\/wp\/v2\/posts"}],"about":[{"href":"https:\/\/ledenonciateur224.com\/index.php\/wp-json\/wp\/v2\/types\/post"}],"author":[{"embeddable":true,"href":"https:\/\/ledenonciateur224.com\/index.php\/wp-json\/wp\/v2\/users\/2"}],"replies":[{"embeddable":true,"href":"https:\/\/ledenonciateur224.com\/index.php\/wp-json\/wp\/v2\/comments?post=3982"}],"version-history":[{"count":0,"href":"https:\/\/ledenonciateur224.com\/index.php\/wp-json\/wp\/v2\/posts\/3982\/revisions"}],"wp:featuredmedia":[{"embeddable":true,"href":"https:\/\/ledenonciateur224.com\/index.php\/wp-json\/wp\/v2\/media\/3983"}],"wp:attachment":[{"href":"https:\/\/ledenonciateur224.com\/index.php\/wp-json\/wp\/v2\/media?parent=3982"}],"wp:term":[{"taxonomy":"category","embeddable":true,"href":"https:\/\/ledenonciateur224.com\/index.php\/wp-json\/wp\/v2\/categories?post=3982"},{"taxonomy":"post_tag","embeddable":true,"href":"https:\/\/ledenonciateur224.com\/index.php\/wp-json\/wp\/v2\/tags?post=3982"}],"curies":[{"name":"wp","href":"https:\/\/api.w.org\/{rel}","templated":true}]}}