{"id":3995,"date":"2025-07-18T21:44:27","date_gmt":"2025-07-18T21:44:27","guid":{"rendered":"https:\/\/ledenonciateur224.com\/?p=3995"},"modified":"2025-07-18T21:44:27","modified_gmt":"2025-07-18T21:44:27","slug":"guinee-6-748-923-electeurs-enregistres-un-pas-decisif-vers-un-fichier-electoral-permanent","status":"publish","type":"post","link":"https:\/\/ledenonciateur224.com\/index.php\/guinee-6-748-923-electeurs-enregistres-un-pas-decisif-vers-un-fichier-electoral-permanent\/","title":{"rendered":"Guin\u00e9e : 6 748 923 \u00e9lecteurs enregistr\u00e9s, un pas d\u00e9cisif vers un fichier \u00e9lectoral permanent"},"content":{"rendered":"<h3><\/h3>\n<p><strong>Avec plus de 6 millions d\u2019\u00e9lecteurs recens\u00e9s, le pays franchit une \u00e9tape majeure vers la stabilit\u00e9 \u00e9lectorale et administrative.<\/strong><\/p>\n<p>La Guin\u00e9e dispose d\u00e9sormais de son propre fichier \u00e9lectoral permanent. C\u2019est l\u2019annonce faite par les autorit\u00e9s \u00e0 l\u2019issue du Recensement Administratif \u00e0 Vocation d\u2019\u00c9tat Civil (RAVEC), organis\u00e9 du 15 avril au 20 juin 2025 par le Gouvernement. Ce recensement historique a permis de recenser\u00a0<strong>plus de 9 millions de Guin\u00e9ens \u00e2g\u00e9s de 10 ans et plus<\/strong>, selon les chiffres provisoires publi\u00e9s par la Direction nationale des affaires politiques et de l\u2019administration \u00e9lectorale.<\/p>\n<p>Parmi ces citoyens enregistr\u00e9s,\u00a0<strong>6 748 923 ont \u00e9t\u00e9 identifi\u00e9s comme \u00e9lecteurs<\/strong>, y compris les Guin\u00e9ens \u00e9tablis \u00e0 l\u2019\u00e9tranger. Ce chiffre inclut une r\u00e9partition par genre quasi \u00e9quilibr\u00e9e, avec\u00a0<strong>48,2 % d\u2019hommes<\/strong>\u00a0et\u00a0<strong>51,8 % de femmes<\/strong>, a pr\u00e9cis\u00e9 Mme\u00a0<strong>Camara Dj\u00e9nabou Tour\u00e9<\/strong>, porte-parole de l\u2019administration \u00e9lectorale.<em>\u00ab Nous aurons d\u00e9sormais un fichier \u00e9lectoral fiable, aliment\u00e9 de fa\u00e7on continue \u00e0 travers le registre national des personnes physiques et l\u2019\u00e9tat civil. Il n\u2019y aura plus besoin de mobiliser d\u2019importants moyens pour des recensements \u00e9lectoraux de masse. C\u2019est une grande avanc\u00e9e pour notre pays \u00bb<\/em>, a-t-elle d\u00e9clar\u00e9.<\/p>\n<p>Ce nouveau registre permanent marque un tournant d\u00e9cisif dans la gestion des processus \u00e9lectoraux guin\u00e9ens. Il permettra d\u2019assurer une planification plus rigoureuse des \u00e9ch\u00e9ances \u00e9lectorales, tout en garantissant l\u2019inclusivit\u00e9 et la transparence.<\/p>\n<p>Ce syst\u00e8me interconnect\u00e9 \u00e0 l\u2019\u00e9tat civil offrira \u00e9galement une meilleure tra\u00e7abilit\u00e9 des donn\u00e9es d\u00e9mographiques, facilitant ainsi la d\u00e9livrance de documents administratifs et l\u2019identification des citoyens.<\/p>\n<p>Avec ce progr\u00e8s, la Guin\u00e9e rejoint les nations africaines qui ont fait le choix de la modernisation et de la fiabilisation de leur syst\u00e8me \u00e9lectoral.<\/p>\n<p>&nbsp;<\/p>\n<p>Ledenonciateur224.com<\/p>\n","protected":false},"excerpt":{"rendered":"<p>Avec plus de 6 millions d\u2019\u00e9lecteurs recens\u00e9s, le pays franchit une \u00e9tape majeure vers la stabilit\u00e9 \u00e9lectorale et administrative. La Guin\u00e9e dispose d\u00e9sormais de son propre fichier \u00e9lectoral permanent. C\u2019est l\u2019annonce faite par les autorit\u00e9s \u00e0 l\u2019issue du Recensement Administratif \u00e0 Vocation d\u2019\u00c9tat Civil (RAVEC), organis\u00e9 du 15 avril au 20 juin 2025 par le [&hellip;]<\/p>\n","protected":false},"author":2,"featured_media":3996,"comment_status":"open","ping_status":"open","sticky":false,"template":"","format":"standard","meta":{"_jetpack_memberships_contains_paid_content":false,"footnotes":"","jetpack_publicize_message":"","jetpack_publicize_feature_enabled":true,"jetpack_social_post_already_shared":true,"jetpack_social_options":{"image_generator_settings":{"template":"highway","default_image_id":0,"font":"","enabled":false},"version":2}},"categories":[24,27],"tags":[578],"class_list":{"0":"post-3995","1":"post","2":"type-post","3":"status-publish","4":"format-standard","5":"has-post-thumbnail","7":"category-news","8":"category-politique","9":"tag-fichier-electoral"},"jetpack_publicize_connections":[],"jetpack_featured_media_url":"https:\/\/ledenonciateur224.com\/wp-content\/uploads\/2025\/07\/fichier-0.jpg","jetpack_sharing_enabled":true,"_links":{"self":[{"href":"https:\/\/ledenonciateur224.com\/index.php\/wp-json\/wp\/v2\/posts\/3995","targetHints":{"allow":["GET"]}}],"collection":[{"href":"https:\/\/ledenonciateur224.com\/index.php\/wp-json\/wp\/v2\/posts"}],"about":[{"href":"https:\/\/ledenonciateur224.com\/index.php\/wp-json\/wp\/v2\/types\/post"}],"author":[{"embeddable":true,"href":"https:\/\/ledenonciateur224.com\/index.php\/wp-json\/wp\/v2\/users\/2"}],"replies":[{"embeddable":true,"href":"https:\/\/ledenonciateur224.com\/index.php\/wp-json\/wp\/v2\/comments?post=3995"}],"version-history":[{"count":0,"href":"https:\/\/ledenonciateur224.com\/index.php\/wp-json\/wp\/v2\/posts\/3995\/revisions"}],"wp:featuredmedia":[{"embeddable":true,"href":"https:\/\/ledenonciateur224.com\/index.php\/wp-json\/wp\/v2\/media\/3996"}],"wp:attachment":[{"href":"https:\/\/ledenonciateur224.com\/index.php\/wp-json\/wp\/v2\/media?parent=3995"}],"wp:term":[{"taxonomy":"category","embeddable":true,"href":"https:\/\/ledenonciateur224.com\/index.php\/wp-json\/wp\/v2\/categories?post=3995"},{"taxonomy":"post_tag","embeddable":true,"href":"https:\/\/ledenonciateur224.com\/index.php\/wp-json\/wp\/v2\/tags?post=3995"}],"curies":[{"name":"wp","href":"https:\/\/api.w.org\/{rel}","templated":true}]}}