{"id":4002,"date":"2025-07-19T13:36:55","date_gmt":"2025-07-19T13:36:55","guid":{"rendered":"https:\/\/ledenonciateur224.com\/?p=4002"},"modified":"2025-07-19T13:36:55","modified_gmt":"2025-07-19T13:36:55","slug":"nouvelle-ere-en-guinee-le-premier-ministre-appelle-a-un-sursaut-politique-national","status":"publish","type":"post","link":"https:\/\/ledenonciateur224.com\/index.php\/nouvelle-ere-en-guinee-le-premier-ministre-appelle-a-un-sursaut-politique-national\/","title":{"rendered":"Nouvelle \u00e8re en Guin\u00e9e : le Premier ministre appelle \u00e0 un sursaut politique national"},"content":{"rendered":"<h4><strong>Pr\u00e9sentation du fichier \u00e9lectoral biom\u00e9trique : Amadou Oury Bah exhorte les acteurs politiques \u00e0 s\u2019adapter aux exigences d\u2019une transition apais\u00e9e et durable<\/strong><\/h4>\n<p>Le Premier ministre, chef du gouvernement, Amadou Oury Bah, a pr\u00e9sid\u00e9 ce samedi la c\u00e9r\u00e9monie de pr\u00e9sentation des\u00a0<strong>statistiques provisoires du Registre national des personnes physiques (RNPP)<\/strong>\u00a0et du\u00a0<strong>fichier \u00e9lectoral biom\u00e9trique<\/strong>. L\u2019\u00e9v\u00e9nement s\u2019est tenu en pr\u00e9sence des partenaires techniques et financiers, des repr\u00e9sentants d\u2019ambassades, des partis politiques et de la soci\u00e9t\u00e9 civile.<\/p>\n<p>Dans un contexte marqu\u00e9 par les efforts de retour \u00e0 l\u2019ordre constitutionnel, le Premier ministre a lanc\u00e9 un appel fort aux acteurs politiques guin\u00e9ens :\u00a0<strong>retrousser les manches et se pr\u00e9parer \u00e0 \u00e9crire une nouvelle page de l\u2019histoire politique du pays.<\/strong>\u00ab C\u2019est une nouvelle phase qui s\u2019ouvre dans la vie sociopolitique de notre nation. Il est temps de se pr\u00e9parer cons\u00e9quemment \u00bb, a-t-il affirm\u00e9 d\u2019entr\u00e9e.<\/p>\n<p>Amadou Oury Bah a annonc\u00e9 avoir rencontr\u00e9 le coordonnateur du\u00a0<strong>cadre du dialogue inter-guin\u00e9en<\/strong>, afin de faire le point sur les revendications des partis politiques et autres structures impliqu\u00e9es. Il a rassur\u00e9 sur la prise en compte de leurs pr\u00e9occupations, notamment sur le plan financier.\u00ab \u00c0 la fin de ce mois, une bonne partie de ce que vous r\u00e9clamez vous sera vers\u00e9e via le secr\u00e9tariat ex\u00e9cutif et les structures concern\u00e9es. Et d\u2019ici fin ao\u00fbt, le reste sera r\u00e9gl\u00e9 pour solder d\u00e9finitivement ce chapitre \u00bb, a-t-il pr\u00e9cis\u00e9.<\/p>\n<p>Le Premier ministre a \u00e9galement soulign\u00e9 la n\u00e9cessit\u00e9 d\u2019adapter les m\u00e9canismes de concertation \u00e0 l\u2019\u00e9volution du processus de transition. Il a rappel\u00e9 que les futurs \u00e9changes s&rsquo;inscriront dans le cadre des\u00a0<strong>accords inter-guin\u00e9ens sign\u00e9s fin 2022<\/strong>, tout en appelant \u00e0 un\u00a0<strong>pragmatisme collectif<\/strong>.\u00ab Le processus en cours n\u00e9cessite la mutualisation des efforts de tous. Il ne s\u2019agit plus de s\u2019enfermer dans des querelles st\u00e9riles, mais de converger vers un objectif commun : une transition apais\u00e9e, un retour cr\u00e9dible \u00e0 l\u2019ordre constitutionnel, et un engagement ferme pour le d\u00e9veloppement \u00e9conomique et social. \u00bb<\/p>\n<p>Amadou Oury Bah a profit\u00e9 de l\u2019occasion pour proc\u00e9der \u00e0 la\u00a0<strong>remise officielle du projet de nouvelle Constitution<\/strong>, dont le r\u00e9f\u00e9rendum est pr\u00e9vu pour le\u00a0<strong>21 septembre 2025<\/strong>.<\/p>\n<p>Dans une adresse directe et sans d\u00e9tour, le chef du gouvernement a exhort\u00e9 l\u2019ensemble des acteurs \u2013 politiques, soci\u00e9t\u00e9 civile, m\u00e9dias \u2013 \u00e0\u00a0<strong>changer de posture<\/strong>, mettant fin \u00e0 \u00ab l\u2019\u00e8re des contestations permanentes \u00bb et \u00e0 une approche politique fond\u00e9e sur les clivages et la suspicion.\u00ab Le discours politique d\u2019hier ne r\u00e9pond plus aux exigences d\u2019aujourd\u2019hui. Les contradictions syst\u00e9matiques, les crises de l\u00e9gitimit\u00e9 chroniques li\u00e9es \u00e0 des \u00e9lections contest\u00e9es, c\u2019est derri\u00e8re nous. Nous entrons dans une \u00e8re de responsabilit\u00e9, o\u00f9 seules les critiques \u00e9tay\u00e9es et constructives auront leur place. \u00bb<\/p>\n<p>Pour le Premier ministre, cette transition ne peut r\u00e9ussir que si chaque acteur, \u00e0 son niveau,\u00a0<strong>op\u00e8re un changement de regard, de ton et d\u2019attitude<\/strong>, afin de b\u00e2tir une d\u00e9mocratie durable, fond\u00e9e sur la concertation, le respect mutuel et l\u2019engagement citoyen.<\/p>\n<p>Aboubacar Moussa Camara<\/p>\n<p>622 42 41 87<\/p>\n","protected":false},"excerpt":{"rendered":"<p>Pr\u00e9sentation du fichier \u00e9lectoral biom\u00e9trique : Amadou Oury Bah exhorte les acteurs politiques \u00e0 s\u2019adapter aux exigences d\u2019une transition apais\u00e9e et durable Le Premier ministre, chef du gouvernement, Amadou Oury Bah, a pr\u00e9sid\u00e9 ce samedi la c\u00e9r\u00e9monie de pr\u00e9sentation des\u00a0statistiques provisoires du Registre national des personnes physiques (RNPP)\u00a0et du\u00a0fichier \u00e9lectoral biom\u00e9trique. L\u2019\u00e9v\u00e9nement s\u2019est tenu en [&hellip;]<\/p>\n","protected":false},"author":2,"featured_media":4003,"comment_status":"open","ping_status":"open","sticky":false,"template":"","format":"standard","meta":{"_jetpack_memberships_contains_paid_content":false,"footnotes":"","jetpack_publicize_message":"","jetpack_publicize_feature_enabled":true,"jetpack_social_post_already_shared":true,"jetpack_social_options":{"image_generator_settings":{"template":"highway","default_image_id":0,"font":"","enabled":false},"version":2}},"categories":[24,27],"tags":[434],"class_list":{"0":"post-4002","1":"post","2":"type-post","3":"status-publish","4":"format-standard","5":"has-post-thumbnail","7":"category-news","8":"category-politique","9":"tag-premier-ministre"},"jetpack_publicize_connections":[],"jetpack_featured_media_url":"https:\/\/ledenonciateur224.com\/wp-content\/uploads\/2025\/07\/screenshot-20250719-132225-chrome.jpg","jetpack_sharing_enabled":true,"_links":{"self":[{"href":"https:\/\/ledenonciateur224.com\/index.php\/wp-json\/wp\/v2\/posts\/4002","targetHints":{"allow":["GET"]}}],"collection":[{"href":"https:\/\/ledenonciateur224.com\/index.php\/wp-json\/wp\/v2\/posts"}],"about":[{"href":"https:\/\/ledenonciateur224.com\/index.php\/wp-json\/wp\/v2\/types\/post"}],"author":[{"embeddable":true,"href":"https:\/\/ledenonciateur224.com\/index.php\/wp-json\/wp\/v2\/users\/2"}],"replies":[{"embeddable":true,"href":"https:\/\/ledenonciateur224.com\/index.php\/wp-json\/wp\/v2\/comments?post=4002"}],"version-history":[{"count":0,"href":"https:\/\/ledenonciateur224.com\/index.php\/wp-json\/wp\/v2\/posts\/4002\/revisions"}],"wp:featuredmedia":[{"embeddable":true,"href":"https:\/\/ledenonciateur224.com\/index.php\/wp-json\/wp\/v2\/media\/4003"}],"wp:attachment":[{"href":"https:\/\/ledenonciateur224.com\/index.php\/wp-json\/wp\/v2\/media?parent=4002"}],"wp:term":[{"taxonomy":"category","embeddable":true,"href":"https:\/\/ledenonciateur224.com\/index.php\/wp-json\/wp\/v2\/categories?post=4002"},{"taxonomy":"post_tag","embeddable":true,"href":"https:\/\/ledenonciateur224.com\/index.php\/wp-json\/wp\/v2\/tags?post=4002"}],"curies":[{"name":"wp","href":"https:\/\/api.w.org\/{rel}","templated":true}]}}