{"id":4011,"date":"2025-07-19T20:37:57","date_gmt":"2025-07-19T20:37:57","guid":{"rendered":"https:\/\/ledenonciateur224.com\/?p=4011"},"modified":"2025-07-19T20:37:57","modified_gmt":"2025-07-19T20:37:57","slug":"guinee-poursuite-de-la-restitution-des-resultats-du-recensement-biometrique-a-conakry","status":"publish","type":"post","link":"https:\/\/ledenonciateur224.com\/index.php\/guinee-poursuite-de-la-restitution-des-resultats-du-recensement-biometrique-a-conakry\/","title":{"rendered":"Guin\u00e9e : Poursuite de la restitution des r\u00e9sultats du recensement biom\u00e9trique \u00e0 Conakry"},"content":{"rendered":"<h3>Dans le cadre des pr\u00e9paratifs du r\u00e9f\u00e9rendum pr\u00e9vu pour le <strong>21 septembre 2025<\/strong>, le\u00a0<strong>Minist\u00e8re de l\u2019Administration du Territoire et de la D\u00e9centralisation<\/strong>\u00a0poursuit son op\u00e9ration de\u00a0<strong>restitution des r\u00e9sultats du recensement biom\u00e9trique<\/strong>\u00a0\u00e0 Conakry. Apr\u00e8s avoir pr\u00e9sent\u00e9 les donn\u00e9es aux\u00a0<strong>pr\u00e9sidents des institutions r\u00e9publicaines<\/strong>, au\u00a0<strong>Premier ministre<\/strong>, aux\u00a0<strong>membres du CNRD<\/strong>\u00a0et du\u00a0<strong>gouvernement<\/strong>\u00a0ce\u00a0<strong>vendredi 18 juillet<\/strong>, c\u2019\u00e9tait au tour des\u00a0<strong>partenaires techniques et financiers<\/strong>, des\u00a0<strong>ambassades<\/strong>, des\u00a0<strong>partis politiques<\/strong>\u00a0et des\u00a0<strong>acteurs de la soci\u00e9t\u00e9 civile<\/strong>\u00a0d\u2019en \u00eatre inform\u00e9s ce\u00a0<strong>samedi 19 juillet 2025<\/strong>.<\/h3>\n<p>La rencontre, qui s\u2019est tenue dans un climat d\u2019\u00e9coute et de concertation, a \u00e9t\u00e9 marqu\u00e9e par plusieurs allocutions, dont celle du\u00a0<strong>ministre de l\u2019Administration du Territoire et de la D\u00e9centralisation<\/strong>, le\u00a0<strong>G\u00e9n\u00e9ral de 2e section Ibrahima Kalil Cond\u00e9<\/strong>. Dans son discours d\u2019ouverture, il a soulign\u00e9 le\u00a0<strong>succ\u00e8s des op\u00e9rations de recensement<\/strong>, men\u00e9es du\u00a0<strong>15 avril au 25 juin 2025<\/strong>, aussi bien sur l\u2019ensemble du territoire national que dans les\u00a0<strong>34 missions diplomatiques et consulaires<\/strong>\u00a0\u00e0 l\u2019\u00e9tranger.<em>\u00ab Ces proc\u00e9dures administratives et techniques mises en place \u2014 notamment la cr\u00e9ation des commissions administratives de recensement, l\u2019implication de la justice dans la r\u00e9gularisation des citoyens sans acte d\u2019\u00e9tat civil, et l\u2019affectation automatique des \u00e9lecteurs \u00e0 leur centre de vote au moment de l\u2019enr\u00f4lement \u2014 ont \u00e9t\u00e9 renforc\u00e9es par l\u2019utilisation des nouvelles technologies de l&rsquo;information et de la communication (NTIC) \u00bb,<\/em>\u00a0a-t-il d\u00e9clar\u00e9.<\/p>\n<p>Il a \u00e9galement pr\u00e9cis\u00e9 que ces efforts ont permis d&rsquo;aboutir \u00e0 des r\u00e9sultats chiffr\u00e9s significatifs :<\/p>\n<ul>\n<li><strong>Total des personnes recens\u00e9es avant d\u00e9doublonnage<\/strong>\u00a0: 9 121 500<\/li>\n<li><strong>Total pr\u00e9sum\u00e9 de doublons<\/strong>\u00a0: 119 500<\/li>\n<li><strong>Total de doublons confirm\u00e9s<\/strong>\u00a0: 111 319<\/li>\n<li><strong>Effectif final sur le RNPP (Registre National des Personnes Physiques)<\/strong>\u00a0: 9 010 181<\/li>\n<li><strong>Effectif sur le fichier \u00e9lectoral biom\u00e9trique<\/strong>\u00a0: 6 748 922<\/li>\n<\/ul>\n<p>Selon le ministre Cond\u00e9, ce processus, qui permet la constitution simultan\u00e9e d\u2019un\u00a0<strong>registre national des personnes physiques<\/strong>\u00a0(RNPP) et d\u2019un\u00a0<strong>fichier \u00e9lectoral biom\u00e9trique permanent<\/strong>, repr\u00e9sente une avanc\u00e9e majeure.<em>\u00ab Il s\u2019agit d\u2019un tournant d\u00e9cisif qui permettra \u00e0 notre pays de tourner d\u00e9finitivement la page des contestations politiques r\u00e9currentes, souvent accompagn\u00e9es de pertes en vies humaines, de destructions de biens publics et priv\u00e9s, de dommages mat\u00e9riels importants, et de perturbations du cycle de d\u00e9veloppement sociopolitique \u00bb,<\/em>\u00a0a-t-il conclu.<\/p>\n<p>Cette d\u00e9marche s\u2019inscrit dans une volont\u00e9 de renforcer la\u00a0<strong>cr\u00e9dibilit\u00e9 des processus \u00e9lectoraux<\/strong>, d\u2019assurer une\u00a0<strong>meilleure gouvernance d\u00e9mocratique<\/strong>, et de r\u00e9tablir durablement la\u00a0<strong>confiance entre les citoyens et les institutions<\/strong>.<\/p>\n<p>&nbsp;<\/p>\n<p>Ledenonciateur224.com<\/p>\n","protected":false},"excerpt":{"rendered":"<p>Dans le cadre des pr\u00e9paratifs du r\u00e9f\u00e9rendum pr\u00e9vu pour le 21 septembre 2025, le\u00a0Minist\u00e8re de l\u2019Administration du Territoire et de la D\u00e9centralisation\u00a0poursuit son op\u00e9ration de\u00a0restitution des r\u00e9sultats du recensement biom\u00e9trique\u00a0\u00e0 Conakry. Apr\u00e8s avoir pr\u00e9sent\u00e9 les donn\u00e9es aux\u00a0pr\u00e9sidents des institutions r\u00e9publicaines, au\u00a0Premier ministre, aux\u00a0membres du CNRD\u00a0et du\u00a0gouvernement\u00a0ce\u00a0vendredi 18 juillet, c\u2019\u00e9tait au tour des\u00a0partenaires techniques et financiers, [&hellip;]<\/p>\n","protected":false},"author":2,"featured_media":4012,"comment_status":"open","ping_status":"open","sticky":false,"template":"","format":"standard","meta":{"_jetpack_memberships_contains_paid_content":false,"footnotes":"","jetpack_publicize_message":"","jetpack_publicize_feature_enabled":true,"jetpack_social_post_already_shared":true,"jetpack_social_options":{"image_generator_settings":{"template":"highway","default_image_id":0,"font":"","enabled":false},"version":2}},"categories":[24,27],"tags":[987],"class_list":{"0":"post-4011","1":"post","2":"type-post","3":"status-publish","4":"format-standard","5":"has-post-thumbnail","7":"category-news","8":"category-politique","9":"tag-pn-ravec"},"jetpack_publicize_connections":[],"jetpack_featured_media_url":"https:\/\/ledenonciateur224.com\/wp-content\/uploads\/2025\/07\/fb-img-1752956898436.jpg","jetpack_sharing_enabled":true,"_links":{"self":[{"href":"https:\/\/ledenonciateur224.com\/index.php\/wp-json\/wp\/v2\/posts\/4011","targetHints":{"allow":["GET"]}}],"collection":[{"href":"https:\/\/ledenonciateur224.com\/index.php\/wp-json\/wp\/v2\/posts"}],"about":[{"href":"https:\/\/ledenonciateur224.com\/index.php\/wp-json\/wp\/v2\/types\/post"}],"author":[{"embeddable":true,"href":"https:\/\/ledenonciateur224.com\/index.php\/wp-json\/wp\/v2\/users\/2"}],"replies":[{"embeddable":true,"href":"https:\/\/ledenonciateur224.com\/index.php\/wp-json\/wp\/v2\/comments?post=4011"}],"version-history":[{"count":0,"href":"https:\/\/ledenonciateur224.com\/index.php\/wp-json\/wp\/v2\/posts\/4011\/revisions"}],"wp:featuredmedia":[{"embeddable":true,"href":"https:\/\/ledenonciateur224.com\/index.php\/wp-json\/wp\/v2\/media\/4012"}],"wp:attachment":[{"href":"https:\/\/ledenonciateur224.com\/index.php\/wp-json\/wp\/v2\/media?parent=4011"}],"wp:term":[{"taxonomy":"category","embeddable":true,"href":"https:\/\/ledenonciateur224.com\/index.php\/wp-json\/wp\/v2\/categories?post=4011"},{"taxonomy":"post_tag","embeddable":true,"href":"https:\/\/ledenonciateur224.com\/index.php\/wp-json\/wp\/v2\/tags?post=4011"}],"curies":[{"name":"wp","href":"https:\/\/api.w.org\/{rel}","templated":true}]}}