{"id":402,"date":"2024-12-08T22:21:12","date_gmt":"2024-12-08T22:21:12","guid":{"rendered":"https:\/\/ledenonciateur224.com\/?p=402"},"modified":"2024-12-08T22:21:12","modified_gmt":"2024-12-08T22:21:12","slug":"guinee-le-chef-de-letat-general-mamadi-doumbouya-en-lutte-contre-les-ordures","status":"publish","type":"post","link":"https:\/\/ledenonciateur224.com\/index.php\/guinee-le-chef-de-letat-general-mamadi-doumbouya-en-lutte-contre-les-ordures\/","title":{"rendered":"Guin\u00e9e : Le chef de l&rsquo;Etat g\u00e9n\u00e9ral Mamadi Doumbouya en lutte contre les ordures\u00a0"},"content":{"rendered":"<p>Ce dimanche 8 d\u00e9cembre 2024 le Pr\u00e9sident de la R\u00e9publique a eu une matin\u00e9e tr\u00e8s charg\u00e9e.<br \/>\nD\u00e8s le d\u00e9but de sa journ\u00e9e de travail, il a re\u00e7u des h\u00e9licopt\u00e8res de man\u0153uvres et de transport (Mi-17) \u00e0 la base a\u00e9rienne principale de Conakry, comprenant notamment des avions de guerre.<\/p>\n<ol>\n<li style=\"list-style-type: none\">\n<ol>\n<li><img loading=\"lazy\" decoding=\"async\" class=\"alignnone size-medium wp-image-404\" src=\"https:\/\/ledenonciateur224.com\/wp-content\/uploads\/2024\/12\/img-6377-960x570-1-300x178.jpeg\" alt=\"\" width=\"300\" height=\"178\" srcset=\"https:\/\/ledenonciateur224.com\/wp-content\/uploads\/2024\/12\/img-6377-960x570-1-300x178.jpeg 300w, https:\/\/ledenonciateur224.com\/wp-content\/uploads\/2024\/12\/img-6377-960x570-1-768x456.jpeg 768w, https:\/\/ledenonciateur224.com\/wp-content\/uploads\/2024\/12\/img-6377-960x570-1-150x89.jpeg 150w, https:\/\/ledenonciateur224.com\/wp-content\/uploads\/2024\/12\/img-6377-960x570-1-696x413.jpeg 696w, https:\/\/ledenonciateur224.com\/wp-content\/uploads\/2024\/12\/img-6377-960x570-1-707x420.jpeg 707w, https:\/\/ledenonciateur224.com\/wp-content\/uploads\/2024\/12\/img-6377-960x570-1.jpeg 960w\" sizes=\"auto, (max-width: 300px) 100vw, 300px\" \/><\/li>\n<\/ol>\n<\/li>\n<\/ol>\n<p>Cette journ\u00e9e a \u00e9t\u00e9 \u00e9galement marqu\u00e9e par l\u2019exemplarit\u00e9 et l\u2019engagement du Pr\u00e9sident de la R\u00e9publique, le G\u00e9n\u00e9ral Mamadi DOUMBOUYA en faveur de l\u2019assainissement de la capitale.<br \/>\nAlors que la Guin\u00e9e traverse une phase de refondation et de r\u00e9formes profondes, le Chef de l\u2019\u00c9tat a profit\u00e9 de son week-end pour prendre part \u00e0 des actions concr\u00e8tes, en se rendant sur l\u2019autoroute Fidel Castro, plus pr\u00e9cis\u00e9ment au march\u00e9 de Madina, afin de participer activement au nettoyage de cet axe tr\u00e8s fr\u00e9quent\u00e9.<\/p>\n<hr \/>\n<p><img loading=\"lazy\" decoding=\"async\" class=\"alignnone size-medium wp-image-403\" src=\"https:\/\/ledenonciateur224.com\/wp-content\/uploads\/2024\/12\/img-6382-750x500-1-300x200.jpeg\" alt=\"\" width=\"300\" height=\"200\" srcset=\"https:\/\/ledenonciateur224.com\/wp-content\/uploads\/2024\/12\/img-6382-750x500-1-300x200.jpeg 300w, https:\/\/ledenonciateur224.com\/wp-content\/uploads\/2024\/12\/img-6382-750x500-1-150x100.jpeg 150w, https:\/\/ledenonciateur224.com\/wp-content\/uploads\/2024\/12\/img-6382-750x500-1-696x464.jpeg 696w, https:\/\/ledenonciateur224.com\/wp-content\/uploads\/2024\/12\/img-6382-750x500-1-630x420.jpeg 630w, https:\/\/ledenonciateur224.com\/wp-content\/uploads\/2024\/12\/img-6382-750x500-1.jpeg 750w\" sizes=\"auto, (max-width: 300px) 100vw, 300px\" \/>Cet acte symbolique s\u2019inscrit dans le cadre de la Campagne d\u2019assainissement du Grand Conakry, lanc\u00e9e officiellement le 14 juillet 2022. Depuis cette date, le G\u00e9n\u00e9ral DOUMBOUYA s\u2019est personnellement investi dans cette cause nationale, en incitant les citoyens \u00e0 prendre conscience de la n\u00e9cessit\u00e9 d\u2019un environnement propre et sain pour am\u00e9liorer la qualit\u00e9 de vie des Guin\u00e9ens. En se lan\u00e7ant dans le nettoyage des art\u00e8res principales de la ville, il a donn\u00e9 le ton, en montrant l\u2019exemple \u00e0 suivre. Ce geste a pour but de sensibiliser la population, notamment les habitants et commer\u00e7ants des quartiers comme Madina, qui jouxtent cette autoroute, \u00e0 prendre soin de leur environnement quotidien. L\u2019implication physique du Pr\u00e9sident de la R\u00e9publique dans ces activit\u00e9s d\u2019assainissement est un message fort et un mod\u00e8le \u00e0 suivre.<\/p>\n<p>La journ\u00e9e a \u00e9t\u00e9 ponctu\u00e9e d\u2019une succession d\u2019activit\u00e9s symboliques et de gestes de proximit\u00e9. Apr\u00e8s avoir nettoy\u00e9 les lieux, le Chef de l\u2019\u00c9tat a rendu une visite de courtoisie \u00e0 deux grandes figures de la soci\u00e9t\u00e9 guin\u00e9enne : la m\u00e8re du ministre des Transports et porte-parole du gouvernement, Ousmane Gaoual DIALLO, \u00e0 Dixinn, ainsi qu\u2019\u00e0 Hadja Mafoudia CAMARA, une ancienne fonctionnaire. Ces rencontres ont \u00e9t\u00e9 marqu\u00e9es par des \u00e9changes chaleureux. Les deux dames ont salu\u00e9 l\u2019engagement du G\u00e9n\u00e9ral Mamadi DOUMBOUYA et ont exprim\u00e9 leur gratitude pour son altruisme, en priant pour le succ\u00e8s de ses projets, dans le cadre de la refondation de l\u2019\u00c9tat et du d\u00e9veloppement socio-\u00e9conomique du pays.<\/p>\n<p>En traversant les quartiers de Dixinn, Donka et Kaloum, le G\u00e9n\u00e9ral Mamadi Doumbouya a \u00e9t\u00e9 chaleureusement salu\u00e9 par les citoyens. Des cris de joie et des ovations ont salu\u00e9 sa d\u00e9marche, t\u00e9moignage d\u2019une large adh\u00e9sion populaire \u00e0 ses id\u00e9aux et \u00e0 l\u2019action du CNRD (Comit\u00e9 National du Rassemblement pour le D\u00e9veloppement). Les habitants ont exprim\u00e9 leur soutien ind\u00e9fectible au Chef Supr\u00eame des Arm\u00e9es et \u00e0 ses r\u00e9formes, en particulier celles visant \u00e0 assainir et moderniser le pays.<\/p>\n<p>En d\u00e9finitive, cette journ\u00e9e illustre l\u2019orientation r\u00e9solue du Pr\u00e9sident de la R\u00e9publique vers une Guin\u00e9e plus propre, plus dynamique et plus unie, capable de relever les d\u00e9fis du d\u00e9veloppement durable.<\/p>\n<p>DCI<\/p>\n","protected":false},"excerpt":{"rendered":"<p>Ce dimanche 8 d\u00e9cembre 2024 le Pr\u00e9sident de la R\u00e9publique a eu une matin\u00e9e tr\u00e8s charg\u00e9e. D\u00e8s le d\u00e9but de sa journ\u00e9e de travail, il a re\u00e7u des h\u00e9licopt\u00e8res de man\u0153uvres et de transport (Mi-17) \u00e0 la base a\u00e9rienne principale de Conakry, comprenant notamment des avions de guerre. Cette journ\u00e9e a \u00e9t\u00e9 \u00e9galement marqu\u00e9e par [&hellip;]<\/p>\n","protected":false},"author":2,"featured_media":403,"comment_status":"open","ping_status":"open","sticky":false,"template":"","format":"standard","meta":{"_jetpack_memberships_contains_paid_content":false,"footnotes":"","jetpack_publicize_message":"","jetpack_publicize_feature_enabled":true,"jetpack_social_post_already_shared":false,"jetpack_social_options":{"image_generator_settings":{"template":"highway","default_image_id":0,"font":"","enabled":false},"version":2}},"categories":[30,24],"tags":[72,36,49,35],"class_list":{"0":"post-402","1":"post","2":"type-post","3":"status-publish","4":"format-standard","5":"has-post-thumbnail","7":"category-faits-divers","8":"category-news","9":"tag-assainissement","10":"tag-conakry","11":"tag-general-mamadi-doumbouya","12":"tag-guinee"},"jetpack_publicize_connections":[],"jetpack_featured_media_url":"https:\/\/ledenonciateur224.com\/wp-content\/uploads\/2024\/12\/img-6382-750x500-1.jpeg","jetpack_sharing_enabled":true,"_links":{"self":[{"href":"https:\/\/ledenonciateur224.com\/index.php\/wp-json\/wp\/v2\/posts\/402","targetHints":{"allow":["GET"]}}],"collection":[{"href":"https:\/\/ledenonciateur224.com\/index.php\/wp-json\/wp\/v2\/posts"}],"about":[{"href":"https:\/\/ledenonciateur224.com\/index.php\/wp-json\/wp\/v2\/types\/post"}],"author":[{"embeddable":true,"href":"https:\/\/ledenonciateur224.com\/index.php\/wp-json\/wp\/v2\/users\/2"}],"replies":[{"embeddable":true,"href":"https:\/\/ledenonciateur224.com\/index.php\/wp-json\/wp\/v2\/comments?post=402"}],"version-history":[{"count":0,"href":"https:\/\/ledenonciateur224.com\/index.php\/wp-json\/wp\/v2\/posts\/402\/revisions"}],"wp:featuredmedia":[{"embeddable":true,"href":"https:\/\/ledenonciateur224.com\/index.php\/wp-json\/wp\/v2\/media\/403"}],"wp:attachment":[{"href":"https:\/\/ledenonciateur224.com\/index.php\/wp-json\/wp\/v2\/media?parent=402"}],"wp:term":[{"taxonomy":"category","embeddable":true,"href":"https:\/\/ledenonciateur224.com\/index.php\/wp-json\/wp\/v2\/categories?post=402"},{"taxonomy":"post_tag","embeddable":true,"href":"https:\/\/ledenonciateur224.com\/index.php\/wp-json\/wp\/v2\/tags?post=402"}],"curies":[{"name":"wp","href":"https:\/\/api.w.org\/{rel}","templated":true}]}}