{"id":4026,"date":"2025-07-20T22:49:36","date_gmt":"2025-07-20T22:49:36","guid":{"rendered":"https:\/\/ledenonciateur224.com\/?p=4026"},"modified":"2025-07-21T13:28:37","modified_gmt":"2025-07-21T13:28:37","slug":"conakry-caladeska-installe-son-bureau-regional-pour-unir-et-agir","status":"publish","type":"post","link":"https:\/\/ledenonciateur224.com\/index.php\/conakry-caladeska-installe-son-bureau-regional-pour-unir-et-agir\/","title":{"rendered":"Conakry : CALADESKA installe son bureau r\u00e9gional pour unir et agir"},"content":{"rendered":"<h4><em>Une mission ambitieuse confi\u00e9e \u00e0 une nouvelle \u00e9quipe pour renforcer la coh\u00e9sion sociale, la jeunesse et la paix en Guin\u00e9e<\/em><\/h4>\n<p>Dans une d\u00e9marche visant \u00e0 rassembler tous les descendants de l\u2019Empereur Soumaoro Kant\u00e9 autour des valeurs d\u2019unit\u00e9, de paix et de d\u00e9veloppement, la Coordination des Associations de l\u2019Abesanyi des Descendants de l\u2019Empereur Sosso Soumaoro Kant\u00e9 de Kayama et APADP-UDAPED (CALADESKA) a officiellement install\u00e9, ce dimanche 20 juillet 2025 \u00e0 Conakry, son Bureau R\u00e9gional, comprenant un bureau central, un bureau des femmes et un bureau de la jeunesse.<\/p>\n<p>La c\u00e9r\u00e9monie, plac\u00e9e sous l\u2019autorit\u00e9 morale du Kountiguigb\u00e9 de la (Basse Guin\u00e9e), a \u00e9t\u00e9 pr\u00e9sid\u00e9e par l\u2019honorable Ibrahima Bangoura, en pr\u00e9sence de nombreuses personnalit\u00e9s du pays.<\/p>\n<p><img loading=\"lazy\" decoding=\"async\" class=\"alignnone size-full wp-image-4028\" src=\"https:\/\/ledenonciateur224.com\/wp-content\/uploads\/2025\/07\/img-20250720-wa0167.jpg\" alt=\"\" width=\"1020\" height=\"459\" srcset=\"https:\/\/ledenonciateur224.com\/wp-content\/uploads\/2025\/07\/img-20250720-wa0167.jpg 1020w, https:\/\/ledenonciateur224.com\/wp-content\/uploads\/2025\/07\/img-20250720-wa0167-300x135.jpg 300w, https:\/\/ledenonciateur224.com\/wp-content\/uploads\/2025\/07\/img-20250720-wa0167-768x346.jpg 768w, https:\/\/ledenonciateur224.com\/wp-content\/uploads\/2025\/07\/img-20250720-wa0167-150x68.jpg 150w, https:\/\/ledenonciateur224.com\/wp-content\/uploads\/2025\/07\/img-20250720-wa0167-696x313.jpg 696w, https:\/\/ledenonciateur224.com\/wp-content\/uploads\/2025\/07\/img-20250720-wa0167-933x420.jpg 933w\" sizes=\"auto, (max-width: 1020px) 100vw, 1020px\" \/><\/p>\n<p>Dans son discours, l\u2019honorable Ibrahima Bangoura pr\u00e9sident de Lab\u00e9sangni-Cadeleska a rappel\u00e9 l\u2019importance de cette nouvelle structure et la responsabilit\u00e9 qui incombe \u00e0 ses membres, en particulier \u00e0 l\u2019ambassadeur Ahmed Tidiane Sacko, d\u00e9sign\u00e9 pr\u00e9sident du bureau de Conakry.<strong>\u00ab Ce jour marque une \u00e9tape importante dans notre d\u00e9marche \u00bb,<\/strong>\u00a0a-t-il d\u00e9clar\u00e9.\u00a0<strong>\u00ab Nous allons proc\u00e9der \u00e0 la validation des bureaux de LABESANYI-CALADESKA de Conakry : le grand bureau, le bureau des jeunes et le bureau des femmes. Je voudrais d\u2019ores et d\u00e9j\u00e0 vous rassurer que ces diff\u00e9rents bureaux auront pour mission de b\u00e2tir quelque chose de s\u00e9rieux et de durable. Nous attendons de l\u2019engagement, de la rigueur et de l\u2019exemplarit\u00e9. Leur t\u00e2che est lourde mais noble : porter la voix des populations, promouvoir l\u2019unit\u00e9, saisir les opportunit\u00e9s de formation et d\u2019emploi des jeunes, valoriser les m\u00e9tiers, promouvoir les femmes, pour ainsi faire de LABESANYI-CALADESKA une force constructive en faveur de la fraternit\u00e9. Vous savez, ici en Guin\u00e9e, nous sommes tous des fr\u00e8res. \u00bb<\/strong><\/p>\n<p>Poursuivant son intervention, il a mis l\u2019accent sur la n\u00e9cessit\u00e9 d\u2019un travail de proximit\u00e9, reposant sur les structures de base :<strong>\u00ab Apr\u00e8s la mise en place de notre coordination r\u00e9gionale, nous nous tournons d\u00e9sormais vers l\u2019action concr\u00e8te sur le terrain. Cette action repose sur les bureaux de quartiers, les bureaux de zones et les bureaux communaux, dont la mission sera cruciale dans l\u2019animation de la vie sociale, la sensibilisation \u00e0 nos valeurs communes et la construction d\u2019une dynamique populaire forte, sinc\u00e8re et continue. \u00bb<\/strong><\/p>\n<p><img loading=\"lazy\" decoding=\"async\" class=\"alignnone size-full wp-image-4029\" src=\"https:\/\/ledenonciateur224.com\/wp-content\/uploads\/2025\/07\/20250720-172905-scaled.jpg\" alt=\"\" width=\"2560\" height=\"1440\" srcset=\"https:\/\/ledenonciateur224.com\/wp-content\/uploads\/2025\/07\/20250720-172905-scaled.jpg 2560w, https:\/\/ledenonciateur224.com\/wp-content\/uploads\/2025\/07\/20250720-172905-300x169.jpg 300w, https:\/\/ledenonciateur224.com\/wp-content\/uploads\/2025\/07\/20250720-172905-1024x576.jpg 1024w, https:\/\/ledenonciateur224.com\/wp-content\/uploads\/2025\/07\/20250720-172905-768x432.jpg 768w, https:\/\/ledenonciateur224.com\/wp-content\/uploads\/2025\/07\/20250720-172905-1536x864.jpg 1536w, https:\/\/ledenonciateur224.com\/wp-content\/uploads\/2025\/07\/20250720-172905-2048x1152.jpg 2048w, https:\/\/ledenonciateur224.com\/wp-content\/uploads\/2025\/07\/20250720-172905-150x84.jpg 150w, https:\/\/ledenonciateur224.com\/wp-content\/uploads\/2025\/07\/20250720-172905-696x392.jpg 696w, https:\/\/ledenonciateur224.com\/wp-content\/uploads\/2025\/07\/20250720-172905-1068x601.jpg 1068w, https:\/\/ledenonciateur224.com\/wp-content\/uploads\/2025\/07\/20250720-172905-1920x1080.jpg 1920w, https:\/\/ledenonciateur224.com\/wp-content\/uploads\/2025\/07\/20250720-172905-747x420.jpg 747w\" sizes=\"auto, (max-width: 2560px) 100vw, 2560px\" \/><\/p>\n<p>Il a pr\u00e9cis\u00e9 que ces structures de proximit\u00e9 sont le socle du projet de CALADESKA :<strong>\u00ab Ces structures locales sont les bases de notre organisation. C\u2019est par elles que nous serons \u00e0 l\u2019\u00e9coute des pr\u00e9occupations de nos populations. C\u2019est par elles que les actions prendront leur sens, car elles porteront la voix des familles, des jeunes, des sages, des femmes et de toutes les composantes de nos communaut\u00e9s. \u00bb<\/strong><\/p>\n<p>Enfin, il a lanc\u00e9 un appel fort \u00e0 l\u2019unit\u00e9 d\u2019action :<strong>\u00ab \u00c0 tous les responsables de LABESANYI-CALADESKA, je lance un appel \u00e0 plus d\u2019actions concr\u00e8tes. Travaillons main dans la main. Allons vers les populations. \u00c9coutons-les parce que notre projet est un projet de paix, d\u2019unit\u00e9 et de dignit\u00e9. Mais notre ambition ne s\u2019arr\u00eate pas l\u00e0. L\u2019un des moments phares de notre d\u00e9marche est \u00e0 l\u2019horizon. C\u2019est le grand forum de Friguiagb\u00e9 prevu en 2026. Ce forum ne sera pas un simple rassemblement des peuples de LABESANYI-CALADESKA. Non, il porte une vocation nationale, celle de rassembler toutes les populations qui composent la Guin\u00e9e. Car notre histoire, nos traditions et notre r\u00e9alit\u00e9 quotidienne nous montrent que nous sommes un seul peuple aux multiples visages. Les liens de parent\u00e9 ne se limite pas au sang, le voisin a autant de droit que le fr\u00e8re, dit notre sagesse populaire. Et dans nos foyers, les mariages entre populations de diff\u00e9rentes origines ont construit des familles qui d\u00e9passent les barri\u00e8res linguistiques et culturelles, c\u2019est la Guin\u00e9e fraternelle que nous voulons. Alors ce forum de 2026, nous organisons avec toutes les populations issues de l\u2019ancien Empire Sosso de Kand\u00e8 Galimangu\u00e8 Soumahoro KANTE, ce qui veut dire avec toute l\u2019Afrique de l\u2019ouest. ll sera l\u2019occasion pour r\u00e9affirmer ce que nous savons: les liens de\u00a0 parente et d\u2019alliance nous unissent. bien au-del\u00e0 des frontieres ethniques ou g\u00e9ographiques\u00bb<\/strong><\/p>\n<p>Concluant son discours, l\u2019honorable a rappel\u00e9 le r\u00f4le central de chaque Guin\u00e9en dans le processus de d\u00e9veloppement :<strong>\u00ab La Guin\u00e9e a besoin de toutes ses filles et de tous ses fils. Elle a besoin d\u2019hommes et de femmes qui croient \u00e0 la fraternit\u00e9, \u00e0 l\u2019unit\u00e9, \u00e0 la paix et aux vertus du rassemblement pour le d\u00e9veloppement solidaire de notre pays. Ensemble, avec humilit\u00e9 mais avec d\u00e9termination, nous continuerons \u00e0 aider les autorit\u00e9s de notre pays, notamment le Pr\u00e9sident de la R\u00e9publique, le G\u00e9n\u00e9ral de Corps d\u2019Arm\u00e9e Mamadi Doumbouya, dans le travail de rapprochement, de sensibilisation et de mobilisation citoyenne pour l\u2019unit\u00e9 nationale dans une Guin\u00e9e unie et prosp\u00e8re. \u00bb<\/strong><\/p>\n<p><img loading=\"lazy\" decoding=\"async\" class=\"alignnone size-full wp-image-4027\" src=\"https:\/\/ledenonciateur224.com\/wp-content\/uploads\/2025\/07\/img-20250720-wa0158.jpg\" alt=\"\" width=\"1020\" height=\"459\" srcset=\"https:\/\/ledenonciateur224.com\/wp-content\/uploads\/2025\/07\/img-20250720-wa0158.jpg 1020w, https:\/\/ledenonciateur224.com\/wp-content\/uploads\/2025\/07\/img-20250720-wa0158-300x135.jpg 300w, https:\/\/ledenonciateur224.com\/wp-content\/uploads\/2025\/07\/img-20250720-wa0158-768x346.jpg 768w, https:\/\/ledenonciateur224.com\/wp-content\/uploads\/2025\/07\/img-20250720-wa0158-150x68.jpg 150w, https:\/\/ledenonciateur224.com\/wp-content\/uploads\/2025\/07\/img-20250720-wa0158-696x313.jpg 696w, https:\/\/ledenonciateur224.com\/wp-content\/uploads\/2025\/07\/img-20250720-wa0158-933x420.jpg 933w\" sizes=\"auto, (max-width: 1020px) 100vw, 1020px\" \/><\/p>\n<p>Fra\u00eechement install\u00e9, le pr\u00e9sident du bureau de Conakry, ambassadeur Ahmed Tidiane Sacko, a exprim\u00e9 ses \u00e9motions et sa vision :<strong>\u00ab Mon premier sentiment, c\u2019est un sentiment de fiert\u00e9. Mais aussi un sentiment de reconnaissance pour le choix qui a \u00e9t\u00e9 port\u00e9 \u00e0 ma modeste personne pour pr\u00e9sider ce grand bureau qui va couvrir toute la zone de Conakry. Et nous savons combien Conakry est une grande ville et combien les d\u00e9fis sont importants. \u00bb<\/strong><\/p>\n<p>Interrog\u00e9 sur ses priorit\u00e9s, il a r\u00e9pondu sans d\u00e9tour :<strong>\u00ab Les priorit\u00e9s pour le nouveau bureau, c\u2019est d\u2019abord de travailler avec les bureaux des quartiers, les bureaux des zones et les bureaux communaux. Pour que nous allions vers les populations, recueillir leurs probl\u00e8mes, leurs pr\u00e9occupations. Et voir ce que nous, en tant que bureau, nous pouvons faire non seulement pour l\u2019unit\u00e9 de toutes les populations, pour la concorde, pour la solidarit\u00e9. Mais aussi essayer de voir quelles sont les opportunit\u00e9s d\u2019emploi pour la jeunesse, la valorisation des m\u00e9tiers, la promotion des femmes. Sans pr\u00e9judice de ce que l\u2019\u00c9tat est en train de faire, nous venons apporter notre pierre \u00e0 l\u2019\u00e9difice. \u00bb<\/strong><\/p>\n<p>Et de conclure avec force et clart\u00e9 :<strong>\u00ab Notre premi\u00e8re priorit\u00e9, c\u2019est d\u2019aller \u00e0 l\u2019\u00e9coute de la population afin de r\u00e9unir tout le monde autour d\u2019un id\u00e9al commun : le d\u00e9veloppement, l\u2019unit\u00e9, l\u2019entente et la paix. \u00bb<\/strong><\/p>\n<p>&nbsp;<\/p>\n<p>Aboubacar Moussa Camara<\/p>\n<p>622 42 41 87<\/p>\n","protected":false},"excerpt":{"rendered":"<p>Une mission ambitieuse confi\u00e9e \u00e0 une nouvelle \u00e9quipe pour renforcer la coh\u00e9sion sociale, la jeunesse et la paix en Guin\u00e9e Dans une d\u00e9marche visant \u00e0 rassembler tous les descendants de l\u2019Empereur Soumaoro Kant\u00e9 autour des valeurs d\u2019unit\u00e9, de paix et de d\u00e9veloppement, la Coordination des Associations de l\u2019Abesanyi des Descendants de l\u2019Empereur Sosso Soumaoro Kant\u00e9 [&hellip;]<\/p>\n","protected":false},"author":2,"featured_media":4030,"comment_status":"open","ping_status":"open","sticky":false,"template":"","format":"standard","meta":{"_jetpack_memberships_contains_paid_content":false,"footnotes":"","jetpack_publicize_message":"","jetpack_publicize_feature_enabled":true,"jetpack_social_post_already_shared":true,"jetpack_social_options":{"image_generator_settings":{"template":"highway","default_image_id":0,"font":"","enabled":false},"version":2}},"categories":[30,24],"tags":[490,989],"class_list":{"0":"post-4026","1":"post","2":"type-post","3":"status-publish","4":"format-standard","5":"has-post-thumbnail","7":"category-faits-divers","8":"category-news","9":"tag-basse-guinee","10":"tag-labesangni"},"jetpack_publicize_connections":[],"jetpack_featured_media_url":"https:\/\/ledenonciateur224.com\/wp-content\/uploads\/2025\/07\/img-20250720-wa0163.jpg","jetpack_sharing_enabled":true,"_links":{"self":[{"href":"https:\/\/ledenonciateur224.com\/index.php\/wp-json\/wp\/v2\/posts\/4026","targetHints":{"allow":["GET"]}}],"collection":[{"href":"https:\/\/ledenonciateur224.com\/index.php\/wp-json\/wp\/v2\/posts"}],"about":[{"href":"https:\/\/ledenonciateur224.com\/index.php\/wp-json\/wp\/v2\/types\/post"}],"author":[{"embeddable":true,"href":"https:\/\/ledenonciateur224.com\/index.php\/wp-json\/wp\/v2\/users\/2"}],"replies":[{"embeddable":true,"href":"https:\/\/ledenonciateur224.com\/index.php\/wp-json\/wp\/v2\/comments?post=4026"}],"version-history":[{"count":0,"href":"https:\/\/ledenonciateur224.com\/index.php\/wp-json\/wp\/v2\/posts\/4026\/revisions"}],"wp:featuredmedia":[{"embeddable":true,"href":"https:\/\/ledenonciateur224.com\/index.php\/wp-json\/wp\/v2\/media\/4030"}],"wp:attachment":[{"href":"https:\/\/ledenonciateur224.com\/index.php\/wp-json\/wp\/v2\/media?parent=4026"}],"wp:term":[{"taxonomy":"category","embeddable":true,"href":"https:\/\/ledenonciateur224.com\/index.php\/wp-json\/wp\/v2\/categories?post=4026"},{"taxonomy":"post_tag","embeddable":true,"href":"https:\/\/ledenonciateur224.com\/index.php\/wp-json\/wp\/v2\/tags?post=4026"}],"curies":[{"name":"wp","href":"https:\/\/api.w.org\/{rel}","templated":true}]}}