{"id":4041,"date":"2025-07-21T22:07:54","date_gmt":"2025-07-21T22:07:54","guid":{"rendered":"https:\/\/ledenonciateur224.com\/?p=4041"},"modified":"2025-07-21T22:07:54","modified_gmt":"2025-07-21T22:07:54","slug":"creation-dun-escadron-de-drones-au-sein-des-forces-armees-guineennes","status":"publish","type":"post","link":"https:\/\/ledenonciateur224.com\/index.php\/creation-dun-escadron-de-drones-au-sein-des-forces-armees-guineennes\/","title":{"rendered":"Cr\u00e9ation d\u2019un escadron de drones au sein des Forces arm\u00e9es guin\u00e9ennes"},"content":{"rendered":"<p>Dans un d\u00e9cret lu ce lundi 21 juillet 2025, sur la t\u00e9l\u00e9vision nationale, le pr\u00e9sident de la transition a annonc\u00e9 la cr\u00e9ation d\u2019un escadron de drones, officiellement baptis\u00e9 <strong>Esdro<\/strong>, destin\u00e9 \u00e0 renforcer les capacit\u00e9s de surveillance et d\u2019intervention des Forces arm\u00e9es guin\u00e9ennes.<\/p>\n<p>Selon les dispositions de l\u2019article 1er du d\u00e9cret, l\u2019Esdro est institu\u00e9 au sein des Forces arm\u00e9es et plac\u00e9 sous l\u2019autorit\u00e9 organique du commandement de la base a\u00e9rienne principale de Conakry. Sur le plan op\u00e9rationnel, il sera directement rattach\u00e9 au poste de commandement interarm\u00e9, via le <strong>Centre de commandement et de conduite des op\u00e9rations a\u00e9riennes (C-30A)<\/strong>, garantissant ainsi une coordination strat\u00e9gique des missions a\u00e9riennes sur l\u2019ensemble du territoire.<\/p>\n<p>Bas\u00e9 \u00e0 Conakry, l\u2019escadron de drones disposera \u00e9galement d\u2019<strong>escadrilles d\u00e9ploy\u00e9es sur les bases a\u00e9riennes secondaires<\/strong>, en appui aux diff\u00e9rentes r\u00e9gions militaires du pays. Ces unit\u00e9s seront plac\u00e9es sous la coordination de l\u2019\u00e9tat-major de l\u2019arm\u00e9e, dans une logique d\u2019int\u00e9gration et de r\u00e9activit\u00e9 sur le terrain.<\/p>\n<p>Le d\u00e9cret pr\u00e9cise par ailleurs que les missions sp\u00e9cifiques, les attributions d\u00e9taill\u00e9es, ainsi que l\u2019organisation et le fonctionnement interne de l\u2019escadron feront l\u2019objet d\u2019un arr\u00eat\u00e9 ult\u00e9rieur \u00e9manant du ministre en charge de la D\u00e9fense nationale.<\/p>\n<p>Cette initiative s\u2019inscrit dans la volont\u00e9 des autorit\u00e9s de transition de moderniser les outils de d\u00e9fense nationale et de renforcer les capacit\u00e9s technologiques des forces arm\u00e9es dans un contexte s\u00e9curitaire sous-r\u00e9gional en constante \u00e9volution.<\/p>\n<p>&nbsp;<\/p>\n<p>Ledenonciateur224.com<\/p>\n","protected":false},"excerpt":{"rendered":"<p>Dans un d\u00e9cret lu ce lundi 21 juillet 2025, sur la t\u00e9l\u00e9vision nationale, le pr\u00e9sident de la transition a annonc\u00e9 la cr\u00e9ation d\u2019un escadron de drones, officiellement baptis\u00e9 Esdro, destin\u00e9 \u00e0 renforcer les capacit\u00e9s de surveillance et d\u2019intervention des Forces arm\u00e9es guin\u00e9ennes. Selon les dispositions de l\u2019article 1er du d\u00e9cret, l\u2019Esdro est institu\u00e9 au sein [&hellip;]<\/p>\n","protected":false},"author":2,"featured_media":4042,"comment_status":"open","ping_status":"open","sticky":false,"template":"","format":"standard","meta":{"_jetpack_memberships_contains_paid_content":false,"footnotes":"","jetpack_publicize_message":"","jetpack_publicize_feature_enabled":true,"jetpack_social_post_already_shared":true,"jetpack_social_options":{"image_generator_settings":{"template":"highway","default_image_id":0,"font":"","enabled":false},"version":2}},"categories":[30,24],"tags":[455,579],"class_list":{"0":"post-4041","1":"post","2":"type-post","3":"status-publish","4":"format-standard","5":"has-post-thumbnail","7":"category-faits-divers","8":"category-news","9":"tag-armees-guineennes","10":"tag-decrets-du-chef-de-letat"},"jetpack_publicize_connections":[],"jetpack_featured_media_url":"https:\/\/ledenonciateur224.com\/wp-content\/uploads\/2025\/07\/fb-img-1753135030473.jpg","jetpack_sharing_enabled":true,"_links":{"self":[{"href":"https:\/\/ledenonciateur224.com\/index.php\/wp-json\/wp\/v2\/posts\/4041","targetHints":{"allow":["GET"]}}],"collection":[{"href":"https:\/\/ledenonciateur224.com\/index.php\/wp-json\/wp\/v2\/posts"}],"about":[{"href":"https:\/\/ledenonciateur224.com\/index.php\/wp-json\/wp\/v2\/types\/post"}],"author":[{"embeddable":true,"href":"https:\/\/ledenonciateur224.com\/index.php\/wp-json\/wp\/v2\/users\/2"}],"replies":[{"embeddable":true,"href":"https:\/\/ledenonciateur224.com\/index.php\/wp-json\/wp\/v2\/comments?post=4041"}],"version-history":[{"count":0,"href":"https:\/\/ledenonciateur224.com\/index.php\/wp-json\/wp\/v2\/posts\/4041\/revisions"}],"wp:featuredmedia":[{"embeddable":true,"href":"https:\/\/ledenonciateur224.com\/index.php\/wp-json\/wp\/v2\/media\/4042"}],"wp:attachment":[{"href":"https:\/\/ledenonciateur224.com\/index.php\/wp-json\/wp\/v2\/media?parent=4041"}],"wp:term":[{"taxonomy":"category","embeddable":true,"href":"https:\/\/ledenonciateur224.com\/index.php\/wp-json\/wp\/v2\/categories?post=4041"},{"taxonomy":"post_tag","embeddable":true,"href":"https:\/\/ledenonciateur224.com\/index.php\/wp-json\/wp\/v2\/tags?post=4041"}],"curies":[{"name":"wp","href":"https:\/\/api.w.org\/{rel}","templated":true}]}}