{"id":4054,"date":"2025-07-22T21:09:01","date_gmt":"2025-07-22T21:09:01","guid":{"rendered":"https:\/\/ledenonciateur224.com\/?p=4054"},"modified":"2025-07-22T21:09:01","modified_gmt":"2025-07-22T21:09:01","slug":"elections-en-guinee-djenab-toure-nommee-a-la-tete-de-la-direction-generale-des-elections","status":"publish","type":"post","link":"https:\/\/ledenonciateur224.com\/index.php\/elections-en-guinee-djenab-toure-nommee-a-la-tete-de-la-direction-generale-des-elections\/","title":{"rendered":"\u00c9lections en Guin\u00e9e : Djenab Tour\u00e9 nomm\u00e9e \u00e0 la t\u00eate de la Direction g\u00e9n\u00e9rale des \u00e9lections"},"content":{"rendered":"<p>&nbsp;<\/p>\n<p>Dans le cadre de la restructuration des institutions \u00e9lectorales, le Pr\u00e9sident de la R\u00e9publique, le G\u00e9n\u00e9ral <strong>Mamadi Doumbouya<\/strong>, a proc\u00e9d\u00e9 ce mardi soir \u00e0 d\u2019importantes nominations au sein du <strong>Minist\u00e8re de l\u2019Administration du Territoire et de la D\u00e9centralisation (MATD)<\/strong>. L\u2019annonce a \u00e9t\u00e9 faite \u00e0 travers un d\u00e9cret lu sur les antennes de la <strong>Radiodiffusion T\u00e9l\u00e9vision Guin\u00e9enne (RTG)<\/strong>.<\/p>\n<p>Madame <strong>Djenab Tour\u00e9<\/strong>, administratrice civile chevronn\u00e9e (matricule 273 980 K), a \u00e9t\u00e9 d\u00e9sign\u00e9e <strong>Directrice g\u00e9n\u00e9rale des \u00e9lections<\/strong>. Elle succ\u00e8de \u00e0 ce poste hautement strat\u00e9gique, avec pour mission de piloter et de coordonner l\u2019ensemble du processus \u00e9lectoral dans le pays, \u00e0 un moment cl\u00e9 du calendrier politique national.<\/p>\n<p>Pour l\u2019\u00e9pauler dans cette t\u00e2che cruciale, <strong>M. Georges-Abraham Sory<\/strong>, expert en logistique \u00e9lectorale reconnu pour sa rigueur professionnelle, a \u00e9t\u00e9 nomm\u00e9 <strong>Directeur g\u00e9n\u00e9ral adjoint des \u00e9lections<\/strong>. Sa nomination devrait renforcer l&rsquo;efficacit\u00e9 op\u00e9rationnelle de l&rsquo;institution, en particulier sur les volets techniques et logistiques des futures consultations \u00e9lectorales.<\/p>\n<p>Ces nominations s\u2019inscrivent dans la volont\u00e9 des autorit\u00e9s de <strong>renforcer la cr\u00e9dibilit\u00e9 et la transparence du processus \u00e9lectoral<\/strong>, \u00e0 l\u2019approche d\u2019\u00e9ch\u00e9ances majeures pour la transition politique en Guin\u00e9e.<\/p>\n<p>&nbsp;<\/p>\n<p>Ledenonciateur224.com<\/p>\n","protected":false},"excerpt":{"rendered":"<p>&nbsp; Dans le cadre de la restructuration des institutions \u00e9lectorales, le Pr\u00e9sident de la R\u00e9publique, le G\u00e9n\u00e9ral Mamadi Doumbouya, a proc\u00e9d\u00e9 ce mardi soir \u00e0 d\u2019importantes nominations au sein du Minist\u00e8re de l\u2019Administration du Territoire et de la D\u00e9centralisation (MATD). L\u2019annonce a \u00e9t\u00e9 faite \u00e0 travers un d\u00e9cret lu sur les antennes de la Radiodiffusion [&hellip;]<\/p>\n","protected":false},"author":2,"featured_media":4055,"comment_status":"open","ping_status":"open","sticky":false,"template":"","format":"standard","meta":{"_jetpack_memberships_contains_paid_content":false,"footnotes":"","jetpack_publicize_message":"","jetpack_publicize_feature_enabled":true,"jetpack_social_post_already_shared":true,"jetpack_social_options":{"image_generator_settings":{"template":"highway","default_image_id":0,"font":"","enabled":false},"version":2}},"categories":[24,27],"tags":[865,995],"class_list":{"0":"post-4054","1":"post","2":"type-post","3":"status-publish","4":"format-standard","5":"has-post-thumbnail","7":"category-news","8":"category-politique","9":"tag-elections-en-guinee","10":"tag-gde"},"jetpack_publicize_connections":[],"jetpack_featured_media_url":"https:\/\/ledenonciateur224.com\/wp-content\/uploads\/2025\/07\/img-20250409-wa0062.jpg","jetpack_sharing_enabled":true,"_links":{"self":[{"href":"https:\/\/ledenonciateur224.com\/index.php\/wp-json\/wp\/v2\/posts\/4054","targetHints":{"allow":["GET"]}}],"collection":[{"href":"https:\/\/ledenonciateur224.com\/index.php\/wp-json\/wp\/v2\/posts"}],"about":[{"href":"https:\/\/ledenonciateur224.com\/index.php\/wp-json\/wp\/v2\/types\/post"}],"author":[{"embeddable":true,"href":"https:\/\/ledenonciateur224.com\/index.php\/wp-json\/wp\/v2\/users\/2"}],"replies":[{"embeddable":true,"href":"https:\/\/ledenonciateur224.com\/index.php\/wp-json\/wp\/v2\/comments?post=4054"}],"version-history":[{"count":0,"href":"https:\/\/ledenonciateur224.com\/index.php\/wp-json\/wp\/v2\/posts\/4054\/revisions"}],"wp:featuredmedia":[{"embeddable":true,"href":"https:\/\/ledenonciateur224.com\/index.php\/wp-json\/wp\/v2\/media\/4055"}],"wp:attachment":[{"href":"https:\/\/ledenonciateur224.com\/index.php\/wp-json\/wp\/v2\/media?parent=4054"}],"wp:term":[{"taxonomy":"category","embeddable":true,"href":"https:\/\/ledenonciateur224.com\/index.php\/wp-json\/wp\/v2\/categories?post=4054"},{"taxonomy":"post_tag","embeddable":true,"href":"https:\/\/ledenonciateur224.com\/index.php\/wp-json\/wp\/v2\/tags?post=4054"}],"curies":[{"name":"wp","href":"https:\/\/api.w.org\/{rel}","templated":true}]}}