{"id":4057,"date":"2025-07-22T21:20:01","date_gmt":"2025-07-22T21:20:01","guid":{"rendered":"https:\/\/ledenonciateur224.com\/?p=4057"},"modified":"2025-07-22T21:20:01","modified_gmt":"2025-07-22T21:20:01","slug":"2eme-edition-du-forum-du-dialogue-citoyen-dr-sekou-koureissy-conde-federe-les-guineens","status":"publish","type":"post","link":"https:\/\/ledenonciateur224.com\/index.php\/2eme-edition-du-forum-du-dialogue-citoyen-dr-sekou-koureissy-conde-federe-les-guineens\/","title":{"rendered":"2\u00e8me \u00e9dition du Forum du Dialogue Citoyen: Dr S\u00e9kou Koureissy Cond\u00e9 f\u00e9d\u00e8re les Guin\u00e9ens"},"content":{"rendered":"<p>Dans un contexte national marqu\u00e9 par des clivages politiques persistants, la R\u00e9publique de Guin\u00e9e trouve en Dr S\u00e9kou Koureissy Cond\u00e9 une figure singuli\u00e8re. Ancien ministre, intellectuel respect\u00e9 et leader politique, il a fait le choix de s\u2019\u00e9loigner des logiques partisanes traditionnelles pour incarner une d\u00e9marche de rassemblement et de dialogue. \u00c0 travers le\u00a0<strong>Forum du Dialogue Citoyen<\/strong>, il \u0153uvre inlassablement \u00e0 retisser le lien social entre les Guin\u00e9ens, quelle que soit leur origine ou leur appartenance politique.<\/p>\n<p>Contrairement \u00e0 certains acteurs politiques qui s\u2019enferment dans une opposition syst\u00e9matique, Dr Cond\u00e9 adopte une posture inclusive. Il tend la main \u00e0 tous les fils et filles de la Guin\u00e9e pour engager des discussions franches et constructives sur les d\u00e9fis de la nation.<\/p>\n<p><img loading=\"lazy\" decoding=\"async\" class=\"alignnone size-full wp-image-4048\" src=\"https:\/\/ledenonciateur224.com\/wp-content\/uploads\/2025\/07\/20250722-142943-scaled.jpg\" alt=\"\" width=\"2560\" height=\"1152\" srcset=\"https:\/\/ledenonciateur224.com\/wp-content\/uploads\/2025\/07\/20250722-142943-scaled.jpg 2560w, https:\/\/ledenonciateur224.com\/wp-content\/uploads\/2025\/07\/20250722-142943-300x135.jpg 300w, https:\/\/ledenonciateur224.com\/wp-content\/uploads\/2025\/07\/20250722-142943-1024x461.jpg 1024w, https:\/\/ledenonciateur224.com\/wp-content\/uploads\/2025\/07\/20250722-142943-768x346.jpg 768w, https:\/\/ledenonciateur224.com\/wp-content\/uploads\/2025\/07\/20250722-142943-1536x691.jpg 1536w, https:\/\/ledenonciateur224.com\/wp-content\/uploads\/2025\/07\/20250722-142943-2048x922.jpg 2048w, https:\/\/ledenonciateur224.com\/wp-content\/uploads\/2025\/07\/20250722-142943-150x68.jpg 150w, https:\/\/ledenonciateur224.com\/wp-content\/uploads\/2025\/07\/20250722-142943-696x313.jpg 696w, https:\/\/ledenonciateur224.com\/wp-content\/uploads\/2025\/07\/20250722-142943-1068x481.jpg 1068w, https:\/\/ledenonciateur224.com\/wp-content\/uploads\/2025\/07\/20250722-142943-1920x864.jpg 1920w, https:\/\/ledenonciateur224.com\/wp-content\/uploads\/2025\/07\/20250722-142943-933x420.jpg 933w\" sizes=\"auto, (max-width: 2560px) 100vw, 2560px\" \/><\/p>\n<p>C\u2019est dans cet esprit qu\u2019il a initi\u00e9, \u00e0 Conakry, les\u00a0<strong>deux journ\u00e9es de la deuxi\u00e8me \u00e9dition du Forum du Dialogue Citoyen<\/strong>, plac\u00e9es sous le th\u00e8me :\u00a0<em>\u00ab Leadership f\u00e9minin et responsabilit\u00e9 citoyenne \u00bb<\/em>. L\u2019\u00e9v\u00e9nement a r\u00e9uni un large \u00e9ventail de participantes et participants, notamment d\u2019anciennes ministres et diplomates, venues partager leurs exp\u00e9riences et t\u00e9moigner du r\u00f4le central des femmes dans la vie politique et sociale du pays.<em>\u00ab Le Forum du Dialogue Citoyen est une initiative qui vise \u00e0 cr\u00e9er un espace d\u2019\u00e9change entre Guin\u00e9ennes et Guin\u00e9ens, au-del\u00e0 des appartenances politiques, sociales ou r\u00e9gionales. Parce que nous sommes tous citoyens de ce pays, et que la construction d\u2019une nation exige le pardon, la r\u00e9conciliation, l\u2019amour de la patrie et la capacit\u00e9 \u00e0 dialoguer \u00bb,<\/em>\u00a0a soulign\u00e9 Dr Koureissy Cond\u00e9 dans son discours d\u2019ouverture.<\/p>\n<p>Il a rappel\u00e9 que la coh\u00e9sion nationale ne peut se b\u00e2tir sans un dialogue sinc\u00e8re et interg\u00e9n\u00e9rationnel, ouvert \u00e0 toutes les composantes de la soci\u00e9t\u00e9. Selon lui,\u00a0<strong>la stabilit\u00e9, le d\u00e9veloppement durable et la paix<\/strong>\u00a0sont des aspirations communes que les Guin\u00e9ens doivent construire ensemble, avec lucidit\u00e9 et responsabilit\u00e9.<\/p>\n<p><img loading=\"lazy\" decoding=\"async\" class=\"alignnone size-full wp-image-4046\" src=\"https:\/\/ledenonciateur224.com\/wp-content\/uploads\/2025\/07\/fb-img-1753196738953.jpg\" alt=\"\" width=\"2048\" height=\"1536\" srcset=\"https:\/\/ledenonciateur224.com\/wp-content\/uploads\/2025\/07\/fb-img-1753196738953.jpg 2048w, https:\/\/ledenonciateur224.com\/wp-content\/uploads\/2025\/07\/fb-img-1753196738953-300x225.jpg 300w, https:\/\/ledenonciateur224.com\/wp-content\/uploads\/2025\/07\/fb-img-1753196738953-1024x768.jpg 1024w, https:\/\/ledenonciateur224.com\/wp-content\/uploads\/2025\/07\/fb-img-1753196738953-768x576.jpg 768w, https:\/\/ledenonciateur224.com\/wp-content\/uploads\/2025\/07\/fb-img-1753196738953-1536x1152.jpg 1536w, https:\/\/ledenonciateur224.com\/wp-content\/uploads\/2025\/07\/fb-img-1753196738953-150x113.jpg 150w, https:\/\/ledenonciateur224.com\/wp-content\/uploads\/2025\/07\/fb-img-1753196738953-696x522.jpg 696w, https:\/\/ledenonciateur224.com\/wp-content\/uploads\/2025\/07\/fb-img-1753196738953-1068x801.jpg 1068w, https:\/\/ledenonciateur224.com\/wp-content\/uploads\/2025\/07\/fb-img-1753196738953-1920x1440.jpg 1920w, https:\/\/ledenonciateur224.com\/wp-content\/uploads\/2025\/07\/fb-img-1753196738953-560x420.jpg 560w, https:\/\/ledenonciateur224.com\/wp-content\/uploads\/2025\/07\/fb-img-1753196738953-80x60.jpg 80w, https:\/\/ledenonciateur224.com\/wp-content\/uploads\/2025\/07\/fb-img-1753196738953-265x198.jpg 265w\" sizes=\"auto, (max-width: 2048px) 100vw, 2048px\" \/><\/p>\n<p>Apr\u00e8s avoir organis\u00e9 sept \u00e9ditions du Forum dans la sous-r\u00e9gion ouest-africaine, Dr Cond\u00e9 a lanc\u00e9 la premi\u00e8re \u00e9dition en Guin\u00e9e en f\u00e9vrier dernier. Cette deuxi\u00e8me \u00e9dition s\u2019est naturellement tourn\u00e9e vers le\u00a0<strong>leadership f\u00e9minin<\/strong>, un th\u00e8me porteur et profond\u00e9ment ancr\u00e9 dans l\u2019histoire du pays.<em>\u00ab Nous avons voulu mettre en lumi\u00e8re le r\u00f4le moteur des femmes dans l\u2019\u00e9dification de notre soci\u00e9t\u00e9. Aujourd\u2019hui, elles sont pr\u00e9sentes \u00e0 tous les niveaux de d\u00e9cision, non pas par favoritisme de genre, mais par comp\u00e9tence, par m\u00e9rite. Il est donc essentiel que l\u2019\u00c9tat, les institutions et la soci\u00e9t\u00e9 civile renforcent la promotion du leadership f\u00e9minin \u00bb,<\/em>\u00a0a-t-il poursuivi.<\/p>\n<p>Il a \u00e9galement insist\u00e9 sur l\u2019importance de reconna\u00eetre que\u00a0<strong>la paix, l\u2019harmonie sociale et m\u00eame la prosp\u00e9rit\u00e9 \u00e9conomique commencent souvent avec les femmes<\/strong>. Il a salu\u00e9 la pr\u00e9sence nombreuse d\u2019associations f\u00e9minines, dont\u00a0<strong>la GFAG Synergie des Femmes<\/strong>, ainsi que la participation active d\u2019anciennes ministres et ambassadrices.<em>\u00ab Ce forum, c\u2019est un espace de parole lib\u00e9r\u00e9e, de rencontres sans pr\u00e9jug\u00e9s. Il d\u00e9passe les consid\u00e9rations politiques, ethniques ou religieuses. Il vise \u00e0 redonner \u00e0 la Guin\u00e9e l\u2019image d\u2019un pays uni dans la diversit\u00e9, tourn\u00e9 vers la paix et le d\u00e9veloppement \u00bb,<\/em>\u00a0a-t-il conclu avec \u00e9motion.<\/p>\n<p><img loading=\"lazy\" decoding=\"async\" class=\"alignnone size-full wp-image-4047\" src=\"https:\/\/ledenonciateur224.com\/wp-content\/uploads\/2025\/07\/20250722-113629-scaled.jpg\" alt=\"\" width=\"2560\" height=\"1152\" srcset=\"https:\/\/ledenonciateur224.com\/wp-content\/uploads\/2025\/07\/20250722-113629-scaled.jpg 2560w, https:\/\/ledenonciateur224.com\/wp-content\/uploads\/2025\/07\/20250722-113629-300x135.jpg 300w, https:\/\/ledenonciateur224.com\/wp-content\/uploads\/2025\/07\/20250722-113629-1024x461.jpg 1024w, https:\/\/ledenonciateur224.com\/wp-content\/uploads\/2025\/07\/20250722-113629-768x346.jpg 768w, https:\/\/ledenonciateur224.com\/wp-content\/uploads\/2025\/07\/20250722-113629-1536x691.jpg 1536w, https:\/\/ledenonciateur224.com\/wp-content\/uploads\/2025\/07\/20250722-113629-2048x922.jpg 2048w, https:\/\/ledenonciateur224.com\/wp-content\/uploads\/2025\/07\/20250722-113629-150x68.jpg 150w, https:\/\/ledenonciateur224.com\/wp-content\/uploads\/2025\/07\/20250722-113629-696x313.jpg 696w, https:\/\/ledenonciateur224.com\/wp-content\/uploads\/2025\/07\/20250722-113629-1068x481.jpg 1068w, https:\/\/ledenonciateur224.com\/wp-content\/uploads\/2025\/07\/20250722-113629-1920x864.jpg 1920w, https:\/\/ledenonciateur224.com\/wp-content\/uploads\/2025\/07\/20250722-113629-933x420.jpg 933w\" sizes=\"auto, (max-width: 2560px) 100vw, 2560px\" \/><\/p>\n<p>Par cette initiative, Dr S\u00e9kou Koureissy Cond\u00e9 rappelle qu\u2019en des temps de division, le dialogue n\u2019est pas une faiblesse mais une force. Une voie courageuse et lucide vers un avenir plus apais\u00e9 pour la Guin\u00e9e.<\/p>\n<p>Aboubacar Moussa Camara<\/p>\n<p>611 70 39 84<\/p>\n","protected":false},"excerpt":{"rendered":"<p>Dans un contexte national marqu\u00e9 par des clivages politiques persistants, la R\u00e9publique de Guin\u00e9e trouve en Dr S\u00e9kou Koureissy Cond\u00e9 une figure singuli\u00e8re. Ancien ministre, intellectuel respect\u00e9 et leader politique, il a fait le choix de s\u2019\u00e9loigner des logiques partisanes traditionnelles pour incarner une d\u00e9marche de rassemblement et de dialogue. \u00c0 travers le\u00a0Forum du Dialogue [&hellip;]<\/p>\n","protected":false},"author":2,"featured_media":4045,"comment_status":"open","ping_status":"open","sticky":false,"template":"","format":"standard","meta":{"_jetpack_memberships_contains_paid_content":false,"footnotes":"","jetpack_publicize_message":"","jetpack_publicize_feature_enabled":true,"jetpack_social_post_already_shared":true,"jetpack_social_options":{"image_generator_settings":{"template":"highway","default_image_id":0,"font":"","enabled":false},"version":2}},"categories":[30,24],"tags":[413,414],"class_list":{"0":"post-4057","1":"post","2":"type-post","3":"status-publish","4":"format-standard","5":"has-post-thumbnail","7":"category-faits-divers","8":"category-news","9":"tag-dialogue-citoyen","10":"tag-dr-sekou-koureissy-conde"},"jetpack_publicize_connections":[],"jetpack_featured_media_url":"https:\/\/ledenonciateur224.com\/wp-content\/uploads\/2025\/07\/fb-img-1753196725048.jpg","jetpack_sharing_enabled":true,"_links":{"self":[{"href":"https:\/\/ledenonciateur224.com\/index.php\/wp-json\/wp\/v2\/posts\/4057","targetHints":{"allow":["GET"]}}],"collection":[{"href":"https:\/\/ledenonciateur224.com\/index.php\/wp-json\/wp\/v2\/posts"}],"about":[{"href":"https:\/\/ledenonciateur224.com\/index.php\/wp-json\/wp\/v2\/types\/post"}],"author":[{"embeddable":true,"href":"https:\/\/ledenonciateur224.com\/index.php\/wp-json\/wp\/v2\/users\/2"}],"replies":[{"embeddable":true,"href":"https:\/\/ledenonciateur224.com\/index.php\/wp-json\/wp\/v2\/comments?post=4057"}],"version-history":[{"count":0,"href":"https:\/\/ledenonciateur224.com\/index.php\/wp-json\/wp\/v2\/posts\/4057\/revisions"}],"wp:featuredmedia":[{"embeddable":true,"href":"https:\/\/ledenonciateur224.com\/index.php\/wp-json\/wp\/v2\/media\/4045"}],"wp:attachment":[{"href":"https:\/\/ledenonciateur224.com\/index.php\/wp-json\/wp\/v2\/media?parent=4057"}],"wp:term":[{"taxonomy":"category","embeddable":true,"href":"https:\/\/ledenonciateur224.com\/index.php\/wp-json\/wp\/v2\/categories?post=4057"},{"taxonomy":"post_tag","embeddable":true,"href":"https:\/\/ledenonciateur224.com\/index.php\/wp-json\/wp\/v2\/tags?post=4057"}],"curies":[{"name":"wp","href":"https:\/\/api.w.org\/{rel}","templated":true}]}}