{"id":4059,"date":"2025-07-22T21:32:25","date_gmt":"2025-07-22T21:32:25","guid":{"rendered":"https:\/\/ledenonciateur224.com\/?p=4059"},"modified":"2025-07-22T21:32:25","modified_gmt":"2025-07-22T21:32:25","slug":"libre-opinion-limpasse-de-la-transition-et-lappel-a-la-responsabilite-historique-mamadou-barry-acteur-de-la-societe-civile","status":"publish","type":"post","link":"https:\/\/ledenonciateur224.com\/index.php\/libre-opinion-limpasse-de-la-transition-et-lappel-a-la-responsabilite-historique-mamadou-barry-acteur-de-la-societe-civile\/","title":{"rendered":"Libre Opinion : \u00a0\u00bb L\u2019impasse de la transition et l\u2019appel \u00e0 la responsabilit\u00e9 historique\u00a0\u00bb ( Mamadou Barry acteur de la soci\u00e9t\u00e9 civile)"},"content":{"rendered":"<p>Depuis le 5 septembre 2021, la Guin\u00e9e vit une s\u00e9quence politique exceptionnelle, n\u00e9e d\u2019un coup d\u2019\u00c9tat qui a mis fin \u00e0 une gouvernance us\u00e9e et contest\u00e9e. Le peuple guin\u00e9en, profond\u00e9ment \u00e9prouv\u00e9 par des d\u00e9cennies de crises politiques r\u00e9currentes, avait accueilli ce changement dans un m\u00e9lange d\u2019espoir et de prudence. Il esp\u00e9rait voir \u00e9merger une transition responsable, courageuse et respectueuse des principes r\u00e9publicains.<\/p>\n<p><strong>Presque quatre ans apr\u00e8s, o\u00f9 en sommes-nous ?<\/strong><\/p>\n<p>La transition promise devait durer 24 mois, avec pour objectif une refondation institutionnelle et une remise \u00e0 plat de l\u2019\u00c9tat, afin d\u2019aboutir \u00e0 des \u00e9lections libres et inclusives. \u00c0 six mois de l\u2019\u00e9ch\u00e9ance fix\u00e9e d\u2019un commun accord avec la CEDEAO (d\u00e9cembre 2025), aucune date \u00e9lectorale n\u2019a \u00e9t\u00e9 annonc\u00e9e, aucune feuille de route publique n\u2019a \u00e9t\u00e9 partag\u00e9e, et les signaux d\u2019un retour rapide \u00e0 l\u2019ordre constitutionnel restent faibles. Ce silence institutionnel, prolong\u00e9 et ambigu, alimente la d\u00e9fiance, l\u2019incertitude et la col\u00e8re sourde d\u2019une grande partie de la population.<\/p>\n<p>Sur le fond, plusieurs r\u00e9formes structurelles ont \u00e9t\u00e9 annonc\u00e9es : justice, gouvernance mini\u00e8re, moralisation de la vie publique. Mais dans les faits, l\u2019\u00c9tat reste fragile, l\u2019administration publique d\u00e9sorient\u00e9e, et l\u2019\u00e9conomie en souffrance. Le co\u00fbt de la vie ne cesse de grimper, la pauvret\u00e9 s\u2019\u00e9tend, et les jeunes \u2013 qui constituent plus de 70 % de la population \u2013 s\u2019enfoncent dans le d\u00e9sespoir ou l\u2019exil.<\/p>\n<p>Plus grave encore, le climat politique est d\u00e9l\u00e9t\u00e8re : restrictions des libert\u00e9s, interdictions de manifester, arrestations arbitraires de leaders politiques et sociaux, instrumentalisation de la justice, marginalisation du pluralisme. Les institutions de la transition fonctionnent, mais sans v\u00e9ritable ancrage dans une dynamique de concertation nationale ouverte et cr\u00e9dible.<\/p>\n<p>\u00c0 cela s\u2019ajoute l\u2019\u00e9rosion de la confiance avec les partenaires internationaux. La CEDEAO, l\u2019Union africaine, l\u2019Union europ\u00e9enne, les Nations Unies ou encore les chancelleries occidentales observent, parfois impuissantes, la lenteur de la transition et les atteintes aux droits humains. Les sanctions cibl\u00e9es et les mises en garde diplomatiques sont l\u00e0 pour rappeler que la Guin\u00e9e ne peut durablement \u00e9voluer dans l\u2019isolement ou dans l\u2019opacit\u00e9.<\/p>\n<p><strong>Nous sommes \u00e0 un tournant. L\u2019Histoire observe. Et elle jugera.<\/strong><\/p>\n<p>Il ne s\u2019agit plus simplement d\u2019une transition politique. Il s\u2019agit de la capacit\u00e9 d\u2019un pays \u00e0 se r\u00e9concilier avec lui-m\u00eame, \u00e0 construire un socle de l\u00e9gitimit\u00e9 institutionnelle durable, \u00e0 offrir \u00e0 sa jeunesse un avenir fond\u00e9 sur la comp\u00e9tence, l\u2019inclusion, et la justice.<\/p>\n<p>En tant qu\u2019acteur de la soci\u00e9t\u00e9 civile, observateur des dynamiques r\u00e9gionales, et citoyen profond\u00e9ment attach\u00e9 \u00e0 la R\u00e9publique, je me permets de rappeler ceci : aucune transition ne peut r\u00e9ussir dans la m\u00e9fiance, la fermeture et l\u2019improvisation. La l\u00e9gitimit\u00e9 ne se d\u00e9cr\u00e8te pas, elle se construit, patiemment, avec les forces vives de la Nation.<\/p>\n<p><strong>Il est encore temps. Mais le temps presse.<\/strong><\/p>\n<p>J\u2019en appelle \u00e0 un v\u00e9ritable sursaut collectif : que les autorit\u00e9s de transition clarifient le calendrier \u00e9lectoral, que les forces politiques et sociales acceptent de dialoguer avec maturit\u00e9, que la communaut\u00e9 internationale joue pleinement son r\u00f4le d\u2019accompagnement sans complaisance, et que chaque citoyen prenne conscience de sa responsabilit\u00e9 dans la construction de la paix et de la d\u00e9mocratie.<\/p>\n<p>La Guin\u00e9e ne manque pas d\u2019intelligence, ni de ressources, ni de patriotes. Elle manque de volont\u00e9 politique sinc\u00e8re, de m\u00e9thode, et d\u2019un engagement commun pour sortir des logiques de captation du pouvoir au d\u00e9triment de l\u2019int\u00e9r\u00eat g\u00e9n\u00e9ral.<\/p>\n<p><strong>Que chacun, \u00e0 son niveau, agisse avec hauteur, rigueur et conscience.<\/strong><\/p>\n<p><strong>Car le pire n\u2019est jamais loin, quand l\u2019essentiel est n\u00e9glig\u00e9.<\/strong><\/p>\n<p><strong>Et l\u2019essentiel aujourd\u2019hui, c\u2019est de sauver la R\u00e9publique.<\/strong><\/p>\n<p>&nbsp;<\/p>\n<p><strong>Par Mamadou Adama Barry\u00a0<\/strong><\/p>\n<p><strong>Acteur de la soci\u00e9t\u00e9 civile.<\/strong><\/p>\n","protected":false},"excerpt":{"rendered":"<p>Depuis le 5 septembre 2021, la Guin\u00e9e vit une s\u00e9quence politique exceptionnelle, n\u00e9e d\u2019un coup d\u2019\u00c9tat qui a mis fin \u00e0 une gouvernance us\u00e9e et contest\u00e9e. Le peuple guin\u00e9en, profond\u00e9ment \u00e9prouv\u00e9 par des d\u00e9cennies de crises politiques r\u00e9currentes, avait accueilli ce changement dans un m\u00e9lange d\u2019espoir et de prudence. Il esp\u00e9rait voir \u00e9merger une transition [&hellip;]<\/p>\n","protected":false},"author":2,"featured_media":4060,"comment_status":"open","ping_status":"open","sticky":false,"template":"","format":"standard","meta":{"_jetpack_memberships_contains_paid_content":false,"footnotes":"","jetpack_publicize_message":"","jetpack_publicize_feature_enabled":true,"jetpack_social_post_already_shared":true,"jetpack_social_options":{"image_generator_settings":{"template":"highway","default_image_id":0,"font":"","enabled":false},"version":2}},"categories":[30,24],"tags":[997,996],"class_list":{"0":"post-4059","1":"post","2":"type-post","3":"status-publish","4":"format-standard","5":"has-post-thumbnail","7":"category-faits-divers","8":"category-news","9":"tag-conduite-de-la-transition","10":"tag-gouvernance"},"jetpack_publicize_connections":[],"jetpack_featured_media_url":"https:\/\/ledenonciateur224.com\/wp-content\/uploads\/2025\/07\/img-20250722-wa0129-696x746-1.jpg","jetpack_sharing_enabled":true,"_links":{"self":[{"href":"https:\/\/ledenonciateur224.com\/index.php\/wp-json\/wp\/v2\/posts\/4059","targetHints":{"allow":["GET"]}}],"collection":[{"href":"https:\/\/ledenonciateur224.com\/index.php\/wp-json\/wp\/v2\/posts"}],"about":[{"href":"https:\/\/ledenonciateur224.com\/index.php\/wp-json\/wp\/v2\/types\/post"}],"author":[{"embeddable":true,"href":"https:\/\/ledenonciateur224.com\/index.php\/wp-json\/wp\/v2\/users\/2"}],"replies":[{"embeddable":true,"href":"https:\/\/ledenonciateur224.com\/index.php\/wp-json\/wp\/v2\/comments?post=4059"}],"version-history":[{"count":0,"href":"https:\/\/ledenonciateur224.com\/index.php\/wp-json\/wp\/v2\/posts\/4059\/revisions"}],"wp:featuredmedia":[{"embeddable":true,"href":"https:\/\/ledenonciateur224.com\/index.php\/wp-json\/wp\/v2\/media\/4060"}],"wp:attachment":[{"href":"https:\/\/ledenonciateur224.com\/index.php\/wp-json\/wp\/v2\/media?parent=4059"}],"wp:term":[{"taxonomy":"category","embeddable":true,"href":"https:\/\/ledenonciateur224.com\/index.php\/wp-json\/wp\/v2\/categories?post=4059"},{"taxonomy":"post_tag","embeddable":true,"href":"https:\/\/ledenonciateur224.com\/index.php\/wp-json\/wp\/v2\/tags?post=4059"}],"curies":[{"name":"wp","href":"https:\/\/api.w.org\/{rel}","templated":true}]}}