{"id":4068,"date":"2025-07-23T22:02:04","date_gmt":"2025-07-23T22:02:04","guid":{"rendered":"https:\/\/ledenonciateur224.com\/?p=4068"},"modified":"2025-07-23T22:02:04","modified_gmt":"2025-07-23T22:02:04","slug":"rose-espoir-sia-tolno-en-premiere-ligne-contre-le-cancer-en-guinee","status":"publish","type":"post","link":"https:\/\/ledenonciateur224.com\/index.php\/rose-espoir-sia-tolno-en-premiere-ligne-contre-le-cancer-en-guinee\/","title":{"rendered":"Rose Espoir: Sia Tolno en premi\u00e8re ligne contre le cancer en Guin\u00e9e"},"content":{"rendered":"<h4>Une initiative ambitieuse port\u00e9e par la Fondation Sia Tolno, en collaboration avec trois minist\u00e8res, pour sensibiliser et soutenir les femmes touch\u00e9es par le cancer du sein et du col de l\u2019ut\u00e9rus<\/h4>\n<p>L\u2019artiste engag\u00e9e Sia Tolno a officiellement lanc\u00e9 ce mardi, \u00e0 Conakry, son projet\u00a0<strong>\u00ab\u00a0Rose Espoir, Unis contre le cancer\u00a0\u00bb<\/strong>, port\u00e9 par sa fondation \u00e9ponyme. L\u2019annonce a \u00e9t\u00e9 faite lors d\u2019une conf\u00e9rence de presse tenue \u00e0 la Maison commune des journalistes, en pr\u00e9sence de plusieurs acteurs du secteur social et sanitaire.<\/p>\n<p>Soutenu par trois d\u00e9partements minist\u00e9riels \u2014\u00a0<strong>le Minist\u00e8re de la Culture, du Tourisme et de l\u2019Artisanat<\/strong>,\u00a0<strong>le Minist\u00e8re de la Sant\u00e9 et de l\u2019Hygi\u00e8ne publique<\/strong>, ainsi que\u00a0<strong>le Minist\u00e8re de la Promotion f\u00e9minine, de l\u2019Enfance et des Personnes vuln\u00e9rables<\/strong>\u00a0\u2014 ce projet se veut \u00e0 la fois un\u00a0<strong>cri d\u2019alarme et un appel \u00e0 l\u2019action<\/strong>\u00a0pour lutter efficacement contre les cancers f\u00e9minins en Guin\u00e9e, notamment ceux du sein et du col de l\u2019ut\u00e9rus.\u00ab Nous voulons que Conakry devienne, durant le mois d\u2019octobre, la capitale africaine de la lutte contre le cancer \u00bb, a d\u00e9clar\u00e9 le commissaire g\u00e9n\u00e9ral du projet lors de la rencontre avec la presse<\/p>\n<p><img loading=\"lazy\" decoding=\"async\" class=\"alignnone size-full wp-image-4070\" src=\"https:\/\/ledenonciateur224.com\/wp-content\/uploads\/2025\/07\/20250723-161038-scaled.jpg\" alt=\"\" width=\"2560\" height=\"1152\" srcset=\"https:\/\/ledenonciateur224.com\/wp-content\/uploads\/2025\/07\/20250723-161038-scaled.jpg 2560w, https:\/\/ledenonciateur224.com\/wp-content\/uploads\/2025\/07\/20250723-161038-300x135.jpg 300w, https:\/\/ledenonciateur224.com\/wp-content\/uploads\/2025\/07\/20250723-161038-1024x461.jpg 1024w, https:\/\/ledenonciateur224.com\/wp-content\/uploads\/2025\/07\/20250723-161038-768x346.jpg 768w, https:\/\/ledenonciateur224.com\/wp-content\/uploads\/2025\/07\/20250723-161038-1536x691.jpg 1536w, https:\/\/ledenonciateur224.com\/wp-content\/uploads\/2025\/07\/20250723-161038-2048x922.jpg 2048w, https:\/\/ledenonciateur224.com\/wp-content\/uploads\/2025\/07\/20250723-161038-150x68.jpg 150w, https:\/\/ledenonciateur224.com\/wp-content\/uploads\/2025\/07\/20250723-161038-696x313.jpg 696w, https:\/\/ledenonciateur224.com\/wp-content\/uploads\/2025\/07\/20250723-161038-1068x481.jpg 1068w, https:\/\/ledenonciateur224.com\/wp-content\/uploads\/2025\/07\/20250723-161038-1920x864.jpg 1920w, https:\/\/ledenonciateur224.com\/wp-content\/uploads\/2025\/07\/20250723-161038-933x420.jpg 933w\" sizes=\"auto, (max-width: 2560px) 100vw, 2560px\" \/><\/p>\n<h3>Trois zones cibl\u00e9es pour un impact local<\/h3>\n<p>Le projet interviendra principalement dans\u00a0<strong>trois localit\u00e9s<\/strong>\u00a0:\u00a0<strong>Conakry<\/strong>,\u00a0<strong>Dubr\u00e9ka<\/strong>\u00a0et\u00a0<strong>Kindia<\/strong>. Le choix de ces villes s\u2019explique par leur\u00a0<strong>proximit\u00e9 avec la capitale<\/strong>, facilitant ainsi l\u2019organisation logistique des activit\u00e9s de terrain et la mobilisation des ressources humaines et techniques.<\/p>\n<h3><\/h3>\n<p>Depuis deux mois, les \u00e9quipes de la Fondation travaillent d\u2019arrache-pied pour\u00a0<strong>mobiliser les minist\u00e8res cl\u00e9s<\/strong>\u00a0et cr\u00e9er une\u00a0<strong>dynamique intersectorielle<\/strong>. Le minist\u00e8re de la Culture prend naturellement le leadership du projet, en coh\u00e9rence avec le r\u00f4le de Sia Tolno comme ambassadrice artistique. Le minist\u00e8re de la Sant\u00e9 a, quant \u00e0 lui, mis \u00e0 disposition une\u00a0<strong>\u00e9quipe technique sp\u00e9cialis\u00e9e<\/strong>, reconnaissant que la r\u00e9ussite du projet repose sur une\u00a0<strong>expertise m\u00e9dicale rigoureuse<\/strong>.<\/p>\n<p>Le minist\u00e8re de la Promotion f\u00e9minine est \u00e9galement engag\u00e9, avec des concertations en cours pour\u00a0<strong>renforcer l\u2019ancrage communautaire<\/strong>\u00a0et toucher les publics les plus vuln\u00e9rables.<\/p>\n<h3><\/h3>\n<p><strong>Rose Espoir<\/strong>\u00a0repose sur deux axes strat\u00e9giques :<\/p>\n<ol>\n<li><strong>Sensibilisation et \u00e9ducation<\/strong>\u00a0: \u00e0 travers la voix influente de Sia Tolno, le projet pr\u00e9voit une\u00a0<strong>vaste campagne d\u2019information<\/strong>, en fran\u00e7ais et en langues nationales, pour toucher directement les populations. L\u2019objectif est clair :\u00a0<strong>informer pour pr\u00e9venir<\/strong>, car une personne bien inform\u00e9e est une personne mieux arm\u00e9e face \u00e0 la maladie.<\/li>\n<li><strong>Soutien aux victimes<\/strong>\u00a0: au-del\u00e0 de la sensibilisation, la fondation souhaite\u00a0<strong>agir concr\u00e8tement<\/strong>. Du 13 au 31 octobre, des\u00a0<strong>postes de d\u00e9pistage gratuits<\/strong>\u00a0seront install\u00e9s dans les villes cibl\u00e9es. Ce dispositif vise \u00e0 faciliter un\u00a0<strong>acc\u00e8s direct et gratuit aux examens de d\u00e9tection pr\u00e9coce<\/strong>, un levier essentiel dans la lutte contre les cancers f\u00e9minins.\u00ab Je vais informer, mais je vais aussi agir \u00bb, a insist\u00e9 Sia Tolno, soulignant sa volont\u00e9 de faire une r\u00e9elle diff\u00e9rence sur le terrain.<\/li>\n<\/ol>\n<h3><img loading=\"lazy\" decoding=\"async\" class=\"alignnone size-full wp-image-4071\" src=\"https:\/\/ledenonciateur224.com\/wp-content\/uploads\/2025\/07\/20250723-161524-scaled.jpg\" alt=\"\" width=\"2560\" height=\"1152\" srcset=\"https:\/\/ledenonciateur224.com\/wp-content\/uploads\/2025\/07\/20250723-161524-scaled.jpg 2560w, https:\/\/ledenonciateur224.com\/wp-content\/uploads\/2025\/07\/20250723-161524-300x135.jpg 300w, https:\/\/ledenonciateur224.com\/wp-content\/uploads\/2025\/07\/20250723-161524-1024x461.jpg 1024w, https:\/\/ledenonciateur224.com\/wp-content\/uploads\/2025\/07\/20250723-161524-768x346.jpg 768w, https:\/\/ledenonciateur224.com\/wp-content\/uploads\/2025\/07\/20250723-161524-1536x691.jpg 1536w, https:\/\/ledenonciateur224.com\/wp-content\/uploads\/2025\/07\/20250723-161524-2048x922.jpg 2048w, https:\/\/ledenonciateur224.com\/wp-content\/uploads\/2025\/07\/20250723-161524-150x68.jpg 150w, https:\/\/ledenonciateur224.com\/wp-content\/uploads\/2025\/07\/20250723-161524-696x313.jpg 696w, https:\/\/ledenonciateur224.com\/wp-content\/uploads\/2025\/07\/20250723-161524-1068x481.jpg 1068w, https:\/\/ledenonciateur224.com\/wp-content\/uploads\/2025\/07\/20250723-161524-1920x864.jpg 1920w, https:\/\/ledenonciateur224.com\/wp-content\/uploads\/2025\/07\/20250723-161524-933x420.jpg 933w\" sizes=\"auto, (max-width: 2560px) 100vw, 2560px\" \/><\/h3>\n<p>Dans le cadre du mois de sensibilisation au cancer (Octobre Rose),\u00a0<strong>un \u00e9v\u00e9nement majeur<\/strong>\u00a0est pr\u00e9vu sous le\u00a0<strong>haut patronage de la Premi\u00e8re Dame de Guin\u00e9e<\/strong>, \u00e0 travers sa fondation\u00a0<strong>Guin\u00e9e-Solidaire<\/strong>. L\u2019ambition est grande :\u00a0<strong>inviter quatre premi\u00e8res dames d\u2019Afrique de l\u2019Ouest<\/strong>\u00a0\u2014 celles du\u00a0<strong>Sierra Leone, du Lib\u00e9ria, de la C\u00f4te d\u2019Ivoire<\/strong>\u00a0et du\u00a0<strong>Gabon<\/strong>\u00a0\u2014 pour unir leurs voix \u00e0 cette cause humanitaire. Les\u00a0<strong>d\u00e9marches diplomatiques sont d\u00e9j\u00e0 bien avanc\u00e9es<\/strong>, avec des r\u00e9ponses favorables de plusieurs cabinets pr\u00e9sidentiels.<\/p>\n<h3><\/h3>\n<p>\u00c0 travers \u00ab\u00a0Rose Espoir\u00a0\u00bb,\u00a0<strong>Sia Tolno incarne un nouveau visage de l\u2019engagement citoyen en Guin\u00e9e<\/strong>, m\u00ealant\u00a0<strong>art, action sociale et sant\u00e9 publique<\/strong>. Ce projet est un signal fort envoy\u00e9 \u00e0 la nation tout enti\u00e8re :\u00a0<strong>la lutte contre le cancer est l\u2019affaire de tous<\/strong>. Et d\u00e9sormais, une voix puissante de la culture guin\u00e9enne s\u2019\u00e9l\u00e8ve pour porter cette cause avec force et humanit\u00e9.<\/p>\n<p>&nbsp;<\/p>\n<p>Ledenonciateur224.com<\/p>\n<p>611 70 39 84<\/p>\n","protected":false},"excerpt":{"rendered":"<p>Une initiative ambitieuse port\u00e9e par la Fondation Sia Tolno, en collaboration avec trois minist\u00e8res, pour sensibiliser et soutenir les femmes touch\u00e9es par le cancer du sein et du col de l\u2019ut\u00e9rus L\u2019artiste engag\u00e9e Sia Tolno a officiellement lanc\u00e9 ce mardi, \u00e0 Conakry, son projet\u00a0\u00ab\u00a0Rose Espoir, Unis contre le cancer\u00a0\u00bb, port\u00e9 par sa fondation \u00e9ponyme. L\u2019annonce [&hellip;]<\/p>\n","protected":false},"author":2,"featured_media":4069,"comment_status":"open","ping_status":"open","sticky":false,"template":"","format":"standard","meta":{"_jetpack_memberships_contains_paid_content":false,"footnotes":"","jetpack_publicize_message":"","jetpack_publicize_feature_enabled":true,"jetpack_social_post_already_shared":true,"jetpack_social_options":{"image_generator_settings":{"template":"highway","default_image_id":0,"font":"","enabled":false},"version":2}},"categories":[30,24],"tags":[1000,1001],"class_list":{"0":"post-4068","1":"post","2":"type-post","3":"status-publish","4":"format-standard","5":"has-post-thumbnail","7":"category-faits-divers","8":"category-news","9":"tag-cancer","10":"tag-sia-tolno"},"jetpack_publicize_connections":[],"jetpack_featured_media_url":"https:\/\/ledenonciateur224.com\/wp-content\/uploads\/2025\/07\/20250723-161520-scaled.jpg","jetpack_sharing_enabled":true,"_links":{"self":[{"href":"https:\/\/ledenonciateur224.com\/index.php\/wp-json\/wp\/v2\/posts\/4068","targetHints":{"allow":["GET"]}}],"collection":[{"href":"https:\/\/ledenonciateur224.com\/index.php\/wp-json\/wp\/v2\/posts"}],"about":[{"href":"https:\/\/ledenonciateur224.com\/index.php\/wp-json\/wp\/v2\/types\/post"}],"author":[{"embeddable":true,"href":"https:\/\/ledenonciateur224.com\/index.php\/wp-json\/wp\/v2\/users\/2"}],"replies":[{"embeddable":true,"href":"https:\/\/ledenonciateur224.com\/index.php\/wp-json\/wp\/v2\/comments?post=4068"}],"version-history":[{"count":0,"href":"https:\/\/ledenonciateur224.com\/index.php\/wp-json\/wp\/v2\/posts\/4068\/revisions"}],"wp:featuredmedia":[{"embeddable":true,"href":"https:\/\/ledenonciateur224.com\/index.php\/wp-json\/wp\/v2\/media\/4069"}],"wp:attachment":[{"href":"https:\/\/ledenonciateur224.com\/index.php\/wp-json\/wp\/v2\/media?parent=4068"}],"wp:term":[{"taxonomy":"category","embeddable":true,"href":"https:\/\/ledenonciateur224.com\/index.php\/wp-json\/wp\/v2\/categories?post=4068"},{"taxonomy":"post_tag","embeddable":true,"href":"https:\/\/ledenonciateur224.com\/index.php\/wp-json\/wp\/v2\/tags?post=4068"}],"curies":[{"name":"wp","href":"https:\/\/api.w.org\/{rel}","templated":true}]}}