{"id":4073,"date":"2025-07-23T22:06:54","date_gmt":"2025-07-23T22:06:54","guid":{"rendered":"https:\/\/ledenonciateur224.com\/?p=4073"},"modified":"2025-07-23T22:06:54","modified_gmt":"2025-07-23T22:06:54","slug":"communique-de-presse-n0-1-de-lorganisation-de-la-9eme-edition-du-forum-national-des-acteurs-publics-fonap-gala-de-distinction-des-100-personnalites-qui-font-bouger-la-guinee-2025","status":"publish","type":"post","link":"https:\/\/ledenonciateur224.com\/index.php\/communique-de-presse-n0-1-de-lorganisation-de-la-9eme-edition-du-forum-national-des-acteurs-publics-fonap-gala-de-distinction-des-100-personnalites-qui-font-bouger-la-guinee-2025\/","title":{"rendered":"COMMUNIQU\u00c9 DE PRESSE N0 1 : de l\u2019organisation de la 9\u00e8me \u00c9dition du Forum National des Acteurs Publics (FONAP) &amp; Gala de Distinction des 100 Personnalit\u00e9s qui Font Bouger la Guin\u00e9e 2025"},"content":{"rendered":"<p>Le Comit\u00e9 d\u2019organisation du Forum National des Acteurs Publics (FONAP) a le plaisir d\u2019annoncer la 9\u00e8me \u00e9dition de cet \u00e9v\u00e9nement national majeur, qui se tiendra \u00e0 Conakry, le 13 SEPTEMBRE 2025 \u00c0 L\u2019H\u00d4TEL PALM CAMAYENNE, sous le th\u00e8me :<\/p>\n<p>\u00ab Gouvernance publique, lutte contre la corruption et performance de l\u2019action publique : quels nouveaux leviers ? \u00bb<\/p>\n<p>Ce forum r\u00e9unira les principaux d\u00e9cideurs publics, responsables d\u2019administrations, experts nationaux et internationaux, ainsi que les acteurs de la soci\u00e9t\u00e9 civile et du secteur priv\u00e9, autour de panels, d\u2019ateliers th\u00e9matiques et de partages d\u2019exp\u00e9riences sur les grandes r\u00e9formes engag\u00e9es pour am\u00e9liorer la gestion publique en Guin\u00e9e.<\/p>\n<p>\u00c0 l\u2019issue du forum, un Gala de distinction rendra hommage aux 100 personnalit\u00e9s les plus influentes qui contribuent activement \u00e0 faire bouger la Guin\u00e9e 2025 dans des secteurs cl\u00e9s :<\/p>\n<p>\u2013 Bonne gouvernance<\/p>\n<p>\u2013 Justice et transparence<\/p>\n<p>\u2013 Leadership public<\/p>\n<p>\u2013 D\u00e9veloppement local<\/p>\n<p>\u2013 Innovation et entrepreneuriat<\/p>\n<p>\u2013 Engagement citoyen<\/p>\n<p>\u2013 Diplomatie et rayonnement international<\/p>\n<p>\u2013 Culture &amp; \u00e9ducation<\/p>\n<p>\u2013 Transport, Infrastructures et technologie<\/p>\n<p>\u2013 \u00c9conomie, Finances et Assurances<\/p>\n<p>\u2013 Agriculture, industrie et commerce<\/p>\n<p>\u2013 Sant\u00e9, recherche et innovation<\/p>\n<p>\u2013 Politique, s\u00e9curit\u00e9 et d\u00e9fense<\/p>\n<p>Ce Gala vise \u00e0 valoriser les efforts individuels et collectifs, \u00e0 inspirer une nouvelle g\u00e9n\u00e9ration de leaders et \u00e0 encourager l\u2019excellence au service du bien commun.<\/p>\n<p>RENDEZ-VOUS LE : 13 SEPTEMBRE 2025 \u00c0 L\u2019HOTEL PALM CAMAYENNE DE CONAKRY pour le Forum (Matin &amp; Apr\u00e8s-midi) et le Gala de distinction (Soir\u00e9e)<\/p>\n<p>La 9\u00e8me \u00e9dition du FONAP s\u2019annonce comme une plateforme strat\u00e9gique d\u2019\u00e9changes, de reconnaissance et de valorisation des bonnes pratiques en mati\u00e8re de gouvernance et de performance publique.<\/p>\n<p>Contacts Presse :<\/p>\n<p>Email :\u00a0<a href=\"mailto:fonapguinee@gmail.com\">fonapguinee@gmail.com<\/a><\/p>\n<p>T\u00e9l\u00e9phone : +224 620 91 77 25<\/p>\n<p>Facebook : Forum National des Acteurs Publics \u2013 FONAP<\/p>\n<p>Site internet :\u00a0<a href=\"http:\/\/www.fonapguinee.com\/\">www.fonapguinee.com<\/a><\/p>\n<p>FONAP 2025 : R\u00e9compenser l\u2019excellence. Mobiliser pour la gouvernance.<\/p>\n","protected":false},"excerpt":{"rendered":"<p>Le Comit\u00e9 d\u2019organisation du Forum National des Acteurs Publics (FONAP) a le plaisir d\u2019annoncer la 9\u00e8me \u00e9dition de cet \u00e9v\u00e9nement national majeur, qui se tiendra \u00e0 Conakry, le 13 SEPTEMBRE 2025 \u00c0 L\u2019H\u00d4TEL PALM CAMAYENNE, sous le th\u00e8me : \u00ab Gouvernance publique, lutte contre la corruption et performance de l\u2019action publique : quels nouveaux leviers [&hellip;]<\/p>\n","protected":false},"author":2,"featured_media":4074,"comment_status":"open","ping_status":"open","sticky":false,"template":"","format":"standard","meta":{"_jetpack_memberships_contains_paid_content":false,"footnotes":"","jetpack_publicize_message":"","jetpack_publicize_feature_enabled":true,"jetpack_social_post_already_shared":true,"jetpack_social_options":{"image_generator_settings":{"template":"highway","default_image_id":0,"font":"","enabled":false},"version":2}},"categories":[29],"tags":[885],"class_list":{"0":"post-4073","1":"post","2":"type-post","3":"status-publish","4":"format-standard","5":"has-post-thumbnail","7":"category-economie","8":"tag-acteur-economique"},"jetpack_publicize_connections":[],"jetpack_featured_media_url":"https:\/\/ledenonciateur224.com\/wp-content\/uploads\/2025\/07\/img-20250723-wa0146-696x696-1.jpg","jetpack_sharing_enabled":true,"_links":{"self":[{"href":"https:\/\/ledenonciateur224.com\/index.php\/wp-json\/wp\/v2\/posts\/4073","targetHints":{"allow":["GET"]}}],"collection":[{"href":"https:\/\/ledenonciateur224.com\/index.php\/wp-json\/wp\/v2\/posts"}],"about":[{"href":"https:\/\/ledenonciateur224.com\/index.php\/wp-json\/wp\/v2\/types\/post"}],"author":[{"embeddable":true,"href":"https:\/\/ledenonciateur224.com\/index.php\/wp-json\/wp\/v2\/users\/2"}],"replies":[{"embeddable":true,"href":"https:\/\/ledenonciateur224.com\/index.php\/wp-json\/wp\/v2\/comments?post=4073"}],"version-history":[{"count":0,"href":"https:\/\/ledenonciateur224.com\/index.php\/wp-json\/wp\/v2\/posts\/4073\/revisions"}],"wp:featuredmedia":[{"embeddable":true,"href":"https:\/\/ledenonciateur224.com\/index.php\/wp-json\/wp\/v2\/media\/4074"}],"wp:attachment":[{"href":"https:\/\/ledenonciateur224.com\/index.php\/wp-json\/wp\/v2\/media?parent=4073"}],"wp:term":[{"taxonomy":"category","embeddable":true,"href":"https:\/\/ledenonciateur224.com\/index.php\/wp-json\/wp\/v2\/categories?post=4073"},{"taxonomy":"post_tag","embeddable":true,"href":"https:\/\/ledenonciateur224.com\/index.php\/wp-json\/wp\/v2\/tags?post=4073"}],"curies":[{"name":"wp","href":"https:\/\/api.w.org\/{rel}","templated":true}]}}