{"id":4076,"date":"2025-07-24T12:59:21","date_gmt":"2025-07-24T12:59:21","guid":{"rendered":"https:\/\/ledenonciateur224.com\/?p=4076"},"modified":"2025-07-24T12:59:21","modified_gmt":"2025-07-24T12:59:21","slug":"massacre-de-zowota-13-ans-apres-nous-noublierons-jamais-par-me-pepe-antoine-lama","status":"publish","type":"post","link":"https:\/\/ledenonciateur224.com\/index.php\/massacre-de-zowota-13-ans-apres-nous-noublierons-jamais-par-me-pepe-antoine-lama\/","title":{"rendered":"Massacre de Zowota, 13 ans apr\u00e8s : Nous n\u2019oublierons jamais (Par Me P\u00e9p\u00e9 Antoine Lama)"},"content":{"rendered":"<p>Dans la nuit du 03 au 04 ao\u00fbt 2012, alors que tout dormait \u00e0 Zowota, des \u00e9l\u00e9ments des Forces de D\u00e9fense et de S\u00e9curit\u00e9 (FDS) ont sem\u00e9 la terreur dans ce paisible village de la r\u00e9gion foresti\u00e8re. \u00c0 bord de v\u00e9hicules appartenant \u00e0 l\u2019arm\u00e9e, \u00e0 la gendarmerie et \u00e0 la police, ils ont d\u00e9clench\u00e9 une op\u00e9ration r\u00e9pressive d\u2019une rare brutalit\u00e9, sans sommation, sans justification, sans aucune l\u00e9galit\u00e9.<\/p>\n<p>Six (6) citoyens guin\u00e9ens ont \u00e9t\u00e9 tu\u00e9s. Une dizaine d\u2019autres ont \u00e9t\u00e9 gri\u00e8vement bless\u00e9s. Des maisons ont \u00e9t\u00e9 incendi\u00e9es, des familles bris\u00e9es, des vies mutil\u00e9es \u00e0 jamais.<\/p>\n<p>Le Pr\u00e9sident du district, Nyankoye KOLIE, fut atteint \u00e0 la gorge par une grenade. Il est mort sur le coup. Siba KPELEYAI, Foromo TOKPA, Nazouo KOLIE, Moriba Tokpa KOLIE ont \u00e9t\u00e9 abattus. Pokpa Zaoro LOUA est d\u00e9c\u00e9d\u00e9 plus tard \u00e0 l\u2019h\u00f4pital.<\/p>\n<p>La liste des bless\u00e9s, dont certains porteront \u00e0 vie les stigmates de cette nuit tragique, est longue, douloureuse, accablante.<\/p>\n<p>Dans la foul\u00e9e, plusieurs citoyens furent arr\u00eat\u00e9s, molest\u00e9s, tortur\u00e9s. Des agents de s\u00e9curit\u00e9 travaillant pour la soci\u00e9t\u00e9 Vale, fils du village, furent accus\u00e9s \u00e0 tort d\u2019\u00eatre les instigateurs des protestations et livr\u00e9s \u00e0 la r\u00e9pression sur ordre d\u2019un officier sup\u00e9rieur de gendarmerie.<\/p>\n<div dir=\"auto\"><ins><\/p>\n<div><\/div>\n<p><\/ins><\/div>\n<p>Treize ann\u00e9es se sont \u00e9coul\u00e9es. Et rien. Aucune poursuite. Aucun proc\u00e8s. Aucun acte de reconnaissance officielle. Rien.<\/p>\n<div dir=\"auto\"><ins><\/p>\n<div><\/div>\n<p><\/ins><\/div>\n<p>Pourtant, d\u00e8s les premi\u00e8res heures, des voix courageuses se sont lev\u00e9es. Je veux ici saluer et remercier publiquement des hommes comme Monsieur Aim\u00e9 Raphael Haba, Ma\u00eetre Siba Michel Bl\u00e9goud\u00e9, mais aussi l\u2019ONG les M\u00eames Droits pour Tous (MDT) dirig\u00e9e par Ma\u00eetre Foromo Frederic Loua, et les avocats engag\u00e9s comme Ma\u00eetres F\u00e9lix MATHOS, Th\u00e9odore Michel LOUA. Avec courage, rigueur et constance, ils ont :<\/p>\n<p>\u2013 document\u00e9 les faits,<\/p>\n<p>\u2013 accompagn\u00e9 les victimes,<\/p>\n<p>\u2013 introduit une plainte d\u00e8s le 23 ao\u00fbt 2012,<\/p>\n<p>\u2013 obtenu un arr\u00eat de la Cour de Justice de la CEDEAO, le 10 novembre 2020, condamnant l\u2019\u00c9tat guin\u00e9en pour violation grave des droits humains.<\/p>\n<p>Mais jusqu\u2019\u00e0 ce jour, l\u2019\u00c9tat guin\u00e9en refuse d\u2019ex\u00e9cuter cette d\u00e9cision. Le silence officiel est total. L\u2019indiff\u00e9rence est manifeste. L\u2019impunit\u00e9 est \u00e9rig\u00e9e en mode de gouvernance.<\/p>\n<p>En tant qu\u2019avocat, en tant que citoyen, en tant qu\u2019humain, je refuse cet oubli organis\u00e9. Je refuse cette injustice prolong\u00e9e. Je refuse cette politique de l\u2019oubli qui nie aux morts leur dignit\u00e9, et aux vivants leur droit \u00e0 la v\u00e9rit\u00e9, \u00e0 la justice et \u00e0 la r\u00e9paration.<\/p>\n<p>C\u2019est pourquoi, treize ans plus tard, je prends \u00e0 nouveau ici publiquement la parole pour exiger, avec force et conviction :<\/p>\n<p>1. L\u2019ex\u00e9cution imm\u00e9diate de l\u2019arr\u00eat de la Cour de Justice de la CEDEAO ;<\/p>\n<p>2. L\u2019ouverture d\u2019une enqu\u00eate judiciaire ind\u00e9pendante ;<\/p>\n<p>3. La poursuite effective des auteurs, co-auteurs et complices de ces exactions ;<\/p>\n<p>4. L\u2019indemnisation compl\u00e8te et \u00e9quitable des victimes et de leurs ayants droit ;<\/p>\n<p>5. La reconnaissance officielle du massacre de Zowota comme un crime d\u2019\u00c9tat.<\/p>\n<ul>\n<li>Zowota n\u2019est pas un fait divers. C\u2019est une tache ind\u00e9l\u00e9bile sur la conscience de notre R\u00e9publique.<\/li>\n<li>Zowota n\u2019est pas un souvenir. C\u2019est une blessure ouverte dans le corps de notre nation.<\/li>\n<li>Zowota n\u2019est pas un accident. C\u2019est un crime d\u2019\u00c9tat.<\/li>\n<\/ul>\n<p>\u00c0 ceux qui veulent tourner la page sans jamais l\u2019avoir lue, je r\u00e9ponds ceci : nous ne vous laisserons pas refermer ce livre. Car la justice ne se prescrit pas. Et la m\u00e9moire est une exigence de dignit\u00e9.<\/p>\n<p>Zowota se souvient. Moi aussi. Nous aussi. Et nous ne cesserons jamais de r\u00e9clamer justice.<\/p>\n<p>&nbsp;<\/p>\n<p>Me P\u00e9p\u00e9 Antoine Lama<\/p>\n","protected":false},"excerpt":{"rendered":"<p>Dans la nuit du 03 au 04 ao\u00fbt 2012, alors que tout dormait \u00e0 Zowota, des \u00e9l\u00e9ments des Forces de D\u00e9fense et de S\u00e9curit\u00e9 (FDS) ont sem\u00e9 la terreur dans ce paisible village de la r\u00e9gion foresti\u00e8re. \u00c0 bord de v\u00e9hicules appartenant \u00e0 l\u2019arm\u00e9e, \u00e0 la gendarmerie et \u00e0 la police, ils ont d\u00e9clench\u00e9 une [&hellip;]<\/p>\n","protected":false},"author":2,"featured_media":4077,"comment_status":"open","ping_status":"open","sticky":false,"template":"","format":"standard","meta":{"_jetpack_memberships_contains_paid_content":false,"footnotes":"","jetpack_publicize_message":"","jetpack_publicize_feature_enabled":true,"jetpack_social_post_already_shared":true,"jetpack_social_options":{"image_generator_settings":{"template":"highway","default_image_id":0,"font":"","enabled":false},"version":2}},"categories":[30,24],"tags":[1002],"class_list":{"0":"post-4076","1":"post","2":"type-post","3":"status-publish","4":"format-standard","5":"has-post-thumbnail","7":"category-faits-divers","8":"category-news","9":"tag-massacres-zowota"},"jetpack_publicize_connections":[],"jetpack_featured_media_url":"https:\/\/ledenonciateur224.com\/wp-content\/uploads\/2025\/07\/img-20240611-wa0005.jpg","jetpack_sharing_enabled":true,"_links":{"self":[{"href":"https:\/\/ledenonciateur224.com\/index.php\/wp-json\/wp\/v2\/posts\/4076","targetHints":{"allow":["GET"]}}],"collection":[{"href":"https:\/\/ledenonciateur224.com\/index.php\/wp-json\/wp\/v2\/posts"}],"about":[{"href":"https:\/\/ledenonciateur224.com\/index.php\/wp-json\/wp\/v2\/types\/post"}],"author":[{"embeddable":true,"href":"https:\/\/ledenonciateur224.com\/index.php\/wp-json\/wp\/v2\/users\/2"}],"replies":[{"embeddable":true,"href":"https:\/\/ledenonciateur224.com\/index.php\/wp-json\/wp\/v2\/comments?post=4076"}],"version-history":[{"count":0,"href":"https:\/\/ledenonciateur224.com\/index.php\/wp-json\/wp\/v2\/posts\/4076\/revisions"}],"wp:featuredmedia":[{"embeddable":true,"href":"https:\/\/ledenonciateur224.com\/index.php\/wp-json\/wp\/v2\/media\/4077"}],"wp:attachment":[{"href":"https:\/\/ledenonciateur224.com\/index.php\/wp-json\/wp\/v2\/media?parent=4076"}],"wp:term":[{"taxonomy":"category","embeddable":true,"href":"https:\/\/ledenonciateur224.com\/index.php\/wp-json\/wp\/v2\/categories?post=4076"},{"taxonomy":"post_tag","embeddable":true,"href":"https:\/\/ledenonciateur224.com\/index.php\/wp-json\/wp\/v2\/tags?post=4076"}],"curies":[{"name":"wp","href":"https:\/\/api.w.org\/{rel}","templated":true}]}}