{"id":4079,"date":"2025-07-24T16:37:27","date_gmt":"2025-07-24T16:37:27","guid":{"rendered":"https:\/\/ledenonciateur224.com\/?p=4079"},"modified":"2025-07-24T16:37:27","modified_gmt":"2025-07-24T16:37:27","slug":"djenabou-camara-aux-commandes-des-elections-cap-sur-le-referendum-du-21-septembre","status":"publish","type":"post","link":"https:\/\/ledenonciateur224.com\/index.php\/djenabou-camara-aux-commandes-des-elections-cap-sur-le-referendum-du-21-septembre\/","title":{"rendered":"Djenabou Camara aux commandes des \u00c9lections : cap sur le r\u00e9f\u00e9rendum du 21 septembre"},"content":{"rendered":"<h4><strong>Officiellement install\u00e9e dans ses fonctions, la nouvelle Directrice G\u00e9n\u00e9rale des \u00c9lections promet rigueur, transparence et efficacit\u00e9 dans le processus \u00e9lectoral \u00e0 venir.<\/strong><\/h4>\n<p>La R\u00e9publique de Guin\u00e9e entre dans une phase d\u00e9cisive de son histoire politique. Nomm\u00e9e par d\u00e9cret lu \u00e0 la t\u00e9l\u00e9vision nationale mardi dernier,\u00a0<strong>Mme Djenabou Camara<\/strong>\u00a0a \u00e9t\u00e9 officiellement install\u00e9e dans ses fonctions de\u00a0<strong>Directrice G\u00e9n\u00e9rale des \u00c9lections<\/strong>\u00a0ce jeudi 24 juillet 2025.<\/p>\n<p>La c\u00e9r\u00e9monie d\u2019installation s\u2019est tenue dans l\u2019enceinte du\u00a0<strong>minist\u00e8re de l\u2019Administration du Territoire et de la D\u00e9centralisation<\/strong>, en pr\u00e9sence du\u00a0<strong>Secr\u00e9taire g\u00e9n\u00e9ral du gouvernement, M. Beno\u00eet Kamano<\/strong>, qui a proc\u00e9d\u00e9 \u00e0 l&rsquo;installation officielle. Il \u00e9tait accompagn\u00e9 du\u00a0<strong>ministre en charge du d\u00e9partement.<\/strong><\/p>\n<h3><\/h3>\n<p>La Direction G\u00e9n\u00e9rale des \u00c9lections (DGE) joue un r\u00f4le central dans la vie d\u00e9mocratique du pays. Elle a pour mission d\u2019\u00e9laborer les projets de textes l\u00e9gislatifs et r\u00e9glementaires en mati\u00e8re \u00e9lectorale, de veiller \u00e0 leur application, d\u2019organiser les consultations politiques \u2014 notamment\u00a0<strong>\u00e9lections et r\u00e9f\u00e9rendums<\/strong>, d&rsquo;assurer la\u00a0<strong>mise \u00e0 jour du fichier \u00e9lectoral biom\u00e9trique<\/strong>, de g\u00e9rer la logistique \u00e9lectorale et de\u00a0<strong>digitaliser l\u2019ensemble du processus<\/strong>.<\/p>\n<p>La DGE est aussi charg\u00e9e de mettre en place une strat\u00e9gie nationale de communication et de sensibilisation, de produire les documents \u00e9lectoraux, d\u2019assurer la repr\u00e9sentation de la Guin\u00e9e dans les instances r\u00e9gionales et internationales en mati\u00e8re \u00e9lectorale, et de promouvoir\u00a0<strong>la parit\u00e9 hommes-femmes<\/strong>\u00a0dans la conduite des processus \u00e9lectoraux.<\/p>\n<p>Dans une d\u00e9claration \u00e0 la presse,\u00a0<strong>Mme Djenabou Camara<\/strong>\u00a0a exprim\u00e9 sa reconnaissance envers les plus hautes autorit\u00e9s du pays :<strong>\u00ab J&rsquo;exprime ma profonde gratitude au pr\u00e9sident de la R\u00e9publique, chef de l&rsquo;\u00c9tat, chef supr\u00eame des arm\u00e9es, le g\u00e9n\u00e9ral d&rsquo;arm\u00e9e Imam Ali Doumbouia, \u00e0 M. le Premier ministre, chef du gouvernement, pour avoir confirm\u00e9 le choix qui a \u00e9t\u00e9 port\u00e9 sur ma personne par le ministre de l&rsquo;administration du territoire. Mes remerciements \u00e0 M. le ministre pour avoir port\u00e9 son d\u00e9volu sur ma modeste personne, pour piloter l&rsquo;organe de gestion gouvernementale qui est une structure technique qui aura la lourde responsabilit\u00e9 d&rsquo;organiser le scrutin r\u00e9f\u00e9rentiel. \u00bb<\/strong><\/p>\n<p>Elle a par ailleurs d\u00e9taill\u00e9 les \u00e9tapes d\u00e9j\u00e0 enclench\u00e9es pour garantir la tenue effective et transparente du r\u00e9f\u00e9rendum constitutionnel pr\u00e9vu le\u00a0<strong>21 septembre prochain<\/strong>\u00a0:<strong>\u00ab Le chantier est immense, par quoi on veut commencer ? Je pense que d\u00e9j\u00e0 les choses sont en marche. Nous sommes dans les op\u00e9rations de contr\u00f4le, de v\u00e9rification, correction et gestion du contentieux sur les listes \u00e9lectorales provisoires qui sont d\u00e9j\u00e0 dans les quartiers et secteurs, donc les citoyens sont appel\u00e9s \u00e0 les v\u00e9rifier, et cette op\u00e9ration va \u00eatre cl\u00f4tur\u00e9e le 1er ao\u00fbt, et \u00e7a va nous permettre de consolider les corrections parce qu&rsquo;elles seront faites de fa\u00e7on automatique, et publier les statistiques finales, et prendre des arr\u00eat\u00e9s sur le nombre de centres de vote et de bureaux de vote, mais \u00e9galement sur le corps \u00e9lectoral. \u00bb<\/strong><\/p>\n<p><strong>\u00ab Un d\u00e9cret va \u00eatre pris par le pr\u00e9sident de la R\u00e9publique pour convoquer le corps \u00e9lectoral aux urnes le 21 septembre, et je pense que tous les aspects logistiques sont d\u00e9j\u00e0 mis en place, et nous allons nous atteler \u00e0 l&rsquo;organisation op\u00e9rationnelle du scrutin r\u00e9f\u00e9rendaire le 21 septembre. \u00bb<\/strong><\/p>\n<h3><\/h3>\n<p>Avec cette nomination,\u00a0le gouvernement place sa confiance en une figure chevronn\u00e9e pour mener \u00e0 bien une mission aussi sensible que capitale\u00a0pour l\u2019avenir institutionnel du pays. La r\u00e9ussite du r\u00e9f\u00e9rendum reposera en grande partie sur la capacit\u00e9 de la DGE \u00e0 assurer transparence, efficacit\u00e9, et cr\u00e9dibilit\u00e9 tout au long du processus.<\/p>\n<p>Aboubacar Moussa Camara<\/p>\n<p>622 42 41 87<\/p>\n","protected":false},"excerpt":{"rendered":"<p>Officiellement install\u00e9e dans ses fonctions, la nouvelle Directrice G\u00e9n\u00e9rale des \u00c9lections promet rigueur, transparence et efficacit\u00e9 dans le processus \u00e9lectoral \u00e0 venir. La R\u00e9publique de Guin\u00e9e entre dans une phase d\u00e9cisive de son histoire politique. Nomm\u00e9e par d\u00e9cret lu \u00e0 la t\u00e9l\u00e9vision nationale mardi dernier,\u00a0Mme Djenabou Camara\u00a0a \u00e9t\u00e9 officiellement install\u00e9e dans ses fonctions de\u00a0Directrice G\u00e9n\u00e9rale [&hellip;]<\/p>\n","protected":false},"author":2,"featured_media":4080,"comment_status":"open","ping_status":"open","sticky":false,"template":"","format":"standard","meta":{"_jetpack_memberships_contains_paid_content":false,"footnotes":"","jetpack_publicize_message":"","jetpack_publicize_feature_enabled":true,"jetpack_social_post_already_shared":true,"jetpack_social_options":{"image_generator_settings":{"template":"highway","default_image_id":0,"font":"","enabled":false},"version":2}},"categories":[24,27],"tags":[866,865],"class_list":{"0":"post-4079","1":"post","2":"type-post","3":"status-publish","4":"format-standard","5":"has-post-thumbnail","7":"category-news","8":"category-politique","9":"tag-dge","10":"tag-elections-en-guinee"},"jetpack_publicize_connections":[],"jetpack_featured_media_url":"https:\/\/ledenonciateur224.com\/wp-content\/uploads\/2025\/07\/img-20250724-wa0054.jpg","jetpack_sharing_enabled":true,"_links":{"self":[{"href":"https:\/\/ledenonciateur224.com\/index.php\/wp-json\/wp\/v2\/posts\/4079","targetHints":{"allow":["GET"]}}],"collection":[{"href":"https:\/\/ledenonciateur224.com\/index.php\/wp-json\/wp\/v2\/posts"}],"about":[{"href":"https:\/\/ledenonciateur224.com\/index.php\/wp-json\/wp\/v2\/types\/post"}],"author":[{"embeddable":true,"href":"https:\/\/ledenonciateur224.com\/index.php\/wp-json\/wp\/v2\/users\/2"}],"replies":[{"embeddable":true,"href":"https:\/\/ledenonciateur224.com\/index.php\/wp-json\/wp\/v2\/comments?post=4079"}],"version-history":[{"count":0,"href":"https:\/\/ledenonciateur224.com\/index.php\/wp-json\/wp\/v2\/posts\/4079\/revisions"}],"wp:featuredmedia":[{"embeddable":true,"href":"https:\/\/ledenonciateur224.com\/index.php\/wp-json\/wp\/v2\/media\/4080"}],"wp:attachment":[{"href":"https:\/\/ledenonciateur224.com\/index.php\/wp-json\/wp\/v2\/media?parent=4079"}],"wp:term":[{"taxonomy":"category","embeddable":true,"href":"https:\/\/ledenonciateur224.com\/index.php\/wp-json\/wp\/v2\/categories?post=4079"},{"taxonomy":"post_tag","embeddable":true,"href":"https:\/\/ledenonciateur224.com\/index.php\/wp-json\/wp\/v2\/tags?post=4079"}],"curies":[{"name":"wp","href":"https:\/\/api.w.org\/{rel}","templated":true}]}}